{"id":32216,"date":"2026-04-30T16:59:09","date_gmt":"2026-04-30T16:59:09","guid":{"rendered":"https:\/\/cearacruz.com.br\/portal\/?p=32216"},"modified":"2026-04-30T16:59:10","modified_gmt":"2026-04-30T16:59:10","slug":"matemagica-day-2026-transforma-playground-do-cea-em-espaco-de-aprendizado-ludico-e-interativo","status":"publish","type":"post","link":"https:\/\/cearacruz.com.br\/portal\/matemagica-day-2026-transforma-playground-do-cea-em-espaco-de-aprendizado-ludico-e-interativo\/","title":{"rendered":"Matem\u00e1gica Day 2026 transforma playground do CEA em espa\u00e7o de aprendizado l\u00fadico e interativo"},"content":{"rendered":"\n<figure class=\"wp-block-image aligncenter size-full\"><img fetchpriority=\"high\" decoding=\"async\" width=\"600\" height=\"450\" src=\"https:\/\/cearacruz.com.br\/portal\/wp-content\/uploads\/2026\/04\/not_30_04_26_10.png\" alt=\"\" class=\"wp-image-32217\" srcset=\"https:\/\/cearacruz.com.br\/portal\/wp-content\/uploads\/2026\/04\/not_30_04_26_10.png 600w, https:\/\/cearacruz.com.br\/portal\/wp-content\/uploads\/2026\/04\/not_30_04_26_10-300x225.png 300w\" sizes=\"(max-width: 600px) 100vw, 600px\" \/><\/figure>\n\n\n\n<p>O playground do <strong><a href=\"https:\/\/cearacruz.com.br\/portal\/\" target=\"_blank\" rel=\"noopener\" title=\"\">Centro Educacional de Aracruz (CEA)<\/a><\/strong> recebeu, em 17 de abril, os alunos do 5\u00ba Ano \u201cA\u201d vespertino para a realiza\u00e7\u00e3o do Matem\u00e1gica Day 2026, iniciativa que promoveu uma verdadeira imers\u00e3o no racioc\u00ednio l\u00f3gico. Conduzido pela professora Jana\u00edna Aparecida Lopes, o evento proporcionou aos estudantes um momento especial de aprendizagem, no qual a matem\u00e1tica foi vivenciada de forma din\u00e2mica, divertida e significativa.<\/p>\n\n\n\n<figure class=\"wp-block-image aligncenter size-full\"><img decoding=\"async\" width=\"600\" height=\"450\" src=\"https:\/\/cearacruz.com.br\/portal\/wp-content\/uploads\/2026\/04\/not_30_04_26_11.png\" alt=\"\" class=\"wp-image-32218\" srcset=\"https:\/\/cearacruz.com.br\/portal\/wp-content\/uploads\/2026\/04\/not_30_04_26_11.png 600w, https:\/\/cearacruz.com.br\/portal\/wp-content\/uploads\/2026\/04\/not_30_04_26_11-300x225.png 300w\" sizes=\"(max-width: 600px) 100vw, 600px\" \/><\/figure>\n\n\n\n<p>A proposta promoveu a integra\u00e7\u00e3o entre teoria e pr\u00e1tica, tornando o aprendizado mais leve e envolvente. Durante a programa\u00e7\u00e3o, os alunos participaram de diversos jogos matem\u00e1ticos, como tabuada no tabuleiro de papel\u00e3o, roleta da multiplica\u00e7\u00e3o, \u201cresponde ou passa\u201d, jogo da velha matem\u00e1tico com cones, desafios de coordena\u00e7\u00e3o com bolinhas em rolos de papel e a corrida da multiplica\u00e7\u00e3o.<\/p>\n\n\n\n<figure class=\"wp-block-gallery has-nested-images columns-default is-cropped wp-block-gallery-1 is-layout-flex wp-block-gallery-is-layout-flex\">\n<figure class=\"wp-block-image size-large\"><img decoding=\"async\" width=\"600\" height=\"450\" data-id=\"32219\" src=\"https:\/\/cearacruz.com.br\/portal\/wp-content\/uploads\/2026\/04\/not_30_04_26_12.png\" alt=\"\" class=\"wp-image-32219\" srcset=\"https:\/\/cearacruz.com.br\/portal\/wp-content\/uploads\/2026\/04\/not_30_04_26_12.png 600w, https:\/\/cearacruz.com.br\/portal\/wp-content\/uploads\/2026\/04\/not_30_04_26_12-300x225.png 300w\" sizes=\"(max-width: 600px) 100vw, 600px\" \/><\/figure>\n\n\n\n<figure class=\"wp-block-image size-large\"><img loading=\"lazy\" decoding=\"async\" width=\"600\" height=\"450\" data-id=\"32220\" src=\"https:\/\/cearacruz.com.br\/portal\/wp-content\/uploads\/2026\/04\/not_30_04_26_13.png\" alt=\"\" class=\"wp-image-32220\" srcset=\"https:\/\/cearacruz.com.br\/portal\/wp-content\/uploads\/2026\/04\/not_30_04_26_13.png 600w, https:\/\/cearacruz.com.br\/portal\/wp-content\/uploads\/2026\/04\/not_30_04_26_13-300x225.png 300w\" sizes=\"(max-width: 600px) 100vw, 600px\" \/><\/figure>\n\n\n\n<figure class=\"wp-block-image size-large\"><img loading=\"lazy\" decoding=\"async\" width=\"600\" height=\"450\" data-id=\"32221\" src=\"https:\/\/cearacruz.com.br\/portal\/wp-content\/uploads\/2026\/04\/not_30_04_26_14.png\" alt=\"\" class=\"wp-image-32221\" srcset=\"https:\/\/cearacruz.com.br\/portal\/wp-content\/uploads\/2026\/04\/not_30_04_26_14.png 600w, https:\/\/cearacruz.com.br\/portal\/wp-content\/uploads\/2026\/04\/not_30_04_26_14-300x225.png 300w\" sizes=\"(max-width: 600px) 100vw, 600px\" \/><\/figure>\n<\/figure>\n\n\n\n<p>Com foco no desenvolvimento dos estudantes do 5\u00ba Ano do Ensino Fundamental, a programa\u00e7\u00e3o contribuiu para estimular o racioc\u00ednio l\u00f3gico, a agilidade nos c\u00e1lculos, a coordena\u00e7\u00e3o motora e o trabalho em equipe, refor\u00e7ando a import\u00e2ncia de metodologias criativas no processo de ensino-aprendizagem.<\/p>\n\n\n\n<figure class=\"wp-block-image aligncenter size-full\"><img loading=\"lazy\" decoding=\"async\" width=\"600\" height=\"450\" src=\"https:\/\/cearacruz.com.br\/portal\/wp-content\/uploads\/2026\/04\/not_30_04_26_15.png\" alt=\"\" class=\"wp-image-32222\" srcset=\"https:\/\/cearacruz.com.br\/portal\/wp-content\/uploads\/2026\/04\/not_30_04_26_15.png 600w, https:\/\/cearacruz.com.br\/portal\/wp-content\/uploads\/2026\/04\/not_30_04_26_15-300x225.png 300w\" sizes=\"(max-width: 600px) 100vw, 600px\" \/><\/figure>\n\n\n\n<p>De acordo com a organiza\u00e7\u00e3o, o principal objetivo do Matem\u00e1gica Day foi promover o letramento matem\u00e1tico por meio da ludicidade, integrando o pensamento dedutivo, a velocidade de resolu\u00e7\u00e3o e a destreza manual, transformando o aprendizado da matem\u00e1tica em uma experi\u00eancia pr\u00e1tica, prazerosa e colaborativa.<\/p>\n\n\n\n<figure class=\"wp-block-image aligncenter size-full\"><img loading=\"lazy\" decoding=\"async\" width=\"600\" height=\"450\" src=\"https:\/\/cearacruz.com.br\/portal\/wp-content\/uploads\/2026\/04\/not_30_04_26_16.png\" alt=\"\" class=\"wp-image-32223\" srcset=\"https:\/\/cearacruz.com.br\/portal\/wp-content\/uploads\/2026\/04\/not_30_04_26_16.png 600w, https:\/\/cearacruz.com.br\/portal\/wp-content\/uploads\/2026\/04\/not_30_04_26_16-300x225.png 300w\" sizes=\"(max-width: 600px) 100vw, 600px\" \/><\/figure>\n\n\n\n<p>Os estudantes destacaram o entusiasmo com a experi\u00eancia. <em>\u201cEu gostei muito do dia da Matem\u00e1gica Day. Aprendemos brincando\u201d,<\/em> afirmou o aluno Jo\u00e3o Miguel Silva Garcia Correa, do 5\u00ba Ano \u201cA\u201d (vespertino). J\u00e1 o estudante Francisco Fernando Fachetti Neto, tamb\u00e9m da mesma turma, ressaltou a vontade de participar de novas edi\u00e7\u00f5es: <em>\u201cEu amei a Matem\u00e1gica Day. Queria que tivesse mais momentos assim. Foi muito legal\u201d,<\/em> declarou.<\/p>\n\n\n\n<figure class=\"wp-block-image aligncenter size-full\"><img loading=\"lazy\" decoding=\"async\" width=\"600\" height=\"450\" src=\"https:\/\/cearacruz.com.br\/portal\/wp-content\/uploads\/2026\/04\/not_30_04_26_17.png\" alt=\"\" class=\"wp-image-32224\" srcset=\"https:\/\/cearacruz.com.br\/portal\/wp-content\/uploads\/2026\/04\/not_30_04_26_17.png 600w, https:\/\/cearacruz.com.br\/portal\/wp-content\/uploads\/2026\/04\/not_30_04_26_17-300x225.png 300w\" sizes=\"(max-width: 600px) 100vw, 600px\" \/><\/figure>\n\n\n\n<p>Com iniciativas como essa, o CEA reafirma seu compromisso com pr\u00e1ticas pedag\u00f3gicas inovadoras, valorizando experi\u00eancias que tornam o aprendizado mais significativo e participativo. Projetos l\u00fadicos e interativos contribuem para fortalecer o interesse dos alunos do Ensino Fundamental pelos conte\u00fados trabalhados em sala de aula, al\u00e9m de estimular habilidades importantes para a forma\u00e7\u00e3o acad\u00eamica e social dos estudantes.<\/p>\n\n\n\n<figure class=\"wp-block-image aligncenter size-full\"><img loading=\"lazy\" decoding=\"async\" width=\"600\" height=\"450\" src=\"https:\/\/cearacruz.com.br\/portal\/wp-content\/uploads\/2026\/04\/not_30_04_26_18.png\" alt=\"\" class=\"wp-image-32225\" srcset=\"https:\/\/cearacruz.com.br\/portal\/wp-content\/uploads\/2026\/04\/not_30_04_26_18.png 600w, https:\/\/cearacruz.com.br\/portal\/wp-content\/uploads\/2026\/04\/not_30_04_26_18-300x225.png 300w\" sizes=\"(max-width: 600px) 100vw, 600px\" \/><\/figure>\n\n\n\n<p><strong>INFORMA\u00c7\u00d5ES \u00c0 IMPRENSA:<\/strong><strong><br>Setor de Comunica\u00e7\u00e3o e Marketing \u2013 Alessandro Bitti<br><\/strong>Tel.: (27) 3302-8000 \u2013 E-mail: comunicacao@fsjb.edu.br \/ alessandro@fsjb.edu.br<\/p>\n","protected":false},"excerpt":{"rendered":"<p>O playground do Centro Educacional de Aracruz (CEA) recebeu, em 17 de abril, os alunos do 5\u00ba Ano \u201cA\u201d vespertino para a realiza\u00e7\u00e3o do Matem\u00e1gica Day 2026, iniciativa que promoveu uma verdadeira imers\u00e3o no racioc\u00ednio l\u00f3gico. Conduzido pela professora Jana\u00edna Aparecida Lopes, o evento proporcionou aos estudantes um momento especial de aprendizagem, no qual a matem\u00e1tica foi vivenciada de forma din\u00e2mica, divertida e significativa. A proposta promoveu a integra\u00e7\u00e3o entre teoria e pr\u00e1tica, tornando o aprendizado mais leve e envolvente. Durante a programa\u00e7\u00e3o, os alunos participaram de diversos jogos matem\u00e1ticos, como tabuada no tabuleiro de papel\u00e3o, roleta da multiplica\u00e7\u00e3o, \u201cresponde ou passa\u201d, jogo da velha matem\u00e1tico com cones, desafios de coordena\u00e7\u00e3o com bolinhas em rolos de papel e a corrida da multiplica\u00e7\u00e3o. Com foco no desenvolvimento dos estudantes do 5\u00ba Ano do Ensino Fundamental, a programa\u00e7\u00e3o contribuiu para estimular o racioc\u00ednio l\u00f3gico, a agilidade nos c\u00e1lculos, a coordena\u00e7\u00e3o motora e o trabalho em equipe, refor\u00e7ando a import\u00e2ncia de metodologias criativas no processo de ensino-aprendizagem. De acordo com a organiza\u00e7\u00e3o, o principal objetivo do Matem\u00e1gica Day foi promover o letramento matem\u00e1tico por meio da ludicidade, integrando o pensamento dedutivo, a velocidade de resolu\u00e7\u00e3o e a destreza manual, transformando o aprendizado da matem\u00e1tica em uma experi\u00eancia pr\u00e1tica, prazerosa e colaborativa. Os estudantes destacaram o entusiasmo com a experi\u00eancia. \u201cEu gostei muito do dia da Matem\u00e1gica Day. Aprendemos brincando\u201d, afirmou o aluno Jo\u00e3o Miguel Silva Garcia Correa, do 5\u00ba Ano \u201cA\u201d (vespertino). J\u00e1 o estudante Francisco Fernando Fachetti Neto, tamb\u00e9m da mesma turma, ressaltou a vontade de participar de novas edi\u00e7\u00f5es: \u201cEu amei a Matem\u00e1gica Day. Queria que tivesse mais momentos assim. Foi muito legal\u201d, declarou. Com iniciativas como essa, o CEA reafirma seu compromisso com pr\u00e1ticas pedag\u00f3gicas inovadoras, valorizando experi\u00eancias que tornam o aprendizado mais significativo e participativo. Projetos l\u00fadicos e interativos contribuem para fortalecer o interesse dos alunos do Ensino Fundamental pelos conte\u00fados trabalhados em sala de aula, al\u00e9m de estimular habilidades importantes para a forma\u00e7\u00e3o acad\u00eamica e social dos estudantes. INFORMA\u00c7\u00d5ES \u00c0 IMPRENSA:Setor de Comunica\u00e7\u00e3o e Marketing \u2013 Alessandro BittiTel.: (27) 3302-8000 \u2013 E-mail: comunicacao@fsjb.edu.br \/ alessandro@fsjb.edu.br<\/p>\n","protected":false},"author":3,"featured_media":32217,"comment_status":"closed","ping_status":"closed","sticky":false,"template":"","format":"standard","meta":{"om_disable_all_campaigns":false,"_uf_show_specific_survey":0,"_uf_disable_surveys":false,"footnotes":""},"categories":[9],"tags":[],"class_list":["post-32216","post","type-post","status-publish","format-standard","has-post-thumbnail","hentry","category-matematica"],"aioseo_notices":[],"_links":{"self":[{"href":"https:\/\/cearacruz.com.br\/portal\/wp-json\/wp\/v2\/posts\/32216","targetHints":{"allow":["GET"]}}],"collection":[{"href":"https:\/\/cearacruz.com.br\/portal\/wp-json\/wp\/v2\/posts"}],"about":[{"href":"https:\/\/cearacruz.com.br\/portal\/wp-json\/wp\/v2\/types\/post"}],"author":[{"embeddable":true,"href":"https:\/\/cearacruz.com.br\/portal\/wp-json\/wp\/v2\/users\/3"}],"replies":[{"embeddable":true,"href":"https:\/\/cearacruz.com.br\/portal\/wp-json\/wp\/v2\/comments?post=32216"}],"version-history":[{"count":1,"href":"https:\/\/cearacruz.com.br\/portal\/wp-json\/wp\/v2\/posts\/32216\/revisions"}],"predecessor-version":[{"id":32226,"href":"https:\/\/cearacruz.com.br\/portal\/wp-json\/wp\/v2\/posts\/32216\/revisions\/32226"}],"wp:featuredmedia":[{"embeddable":true,"href":"https:\/\/cearacruz.com.br\/portal\/wp-json\/wp\/v2\/media\/32217"}],"wp:attachment":[{"href":"https:\/\/cearacruz.com.br\/portal\/wp-json\/wp\/v2\/media?parent=32216"}],"wp:term":[{"taxonomy":"category","embeddable":true,"href":"https:\/\/cearacruz.com.br\/portal\/wp-json\/wp\/v2\/categories?post=32216"},{"taxonomy":"post_tag","embeddable":true,"href":"https:\/\/cearacruz.com.br\/portal\/wp-json\/wp\/v2\/tags?post=32216"}],"curies":[{"name":"wp","href":"https:\/\/api.w.org\/{rel}","templated":true}]}}