{"id":32197,"date":"2026-04-29T21:17:23","date_gmt":"2026-04-29T21:17:23","guid":{"rendered":"https:\/\/cearacruz.com.br\/portal\/?p=32197"},"modified":"2026-04-29T21:17:24","modified_gmt":"2026-04-29T21:17:24","slug":"cea-promove-palestra-sobre-uso-responsavel-das-redes-sociais-e-prevencao-ao-cyberbullying-para-alunos-dos-8o-anos","status":"publish","type":"post","link":"https:\/\/cearacruz.com.br\/portal\/cea-promove-palestra-sobre-uso-responsavel-das-redes-sociais-e-prevencao-ao-cyberbullying-para-alunos-dos-8o-anos\/","title":{"rendered":"CEA promove palestra sobre uso respons\u00e1vel das redes sociais e preven\u00e7\u00e3o ao cyberbullying para alunos dos 8\u00ba Anos"},"content":{"rendered":"\n<figure class=\"wp-block-image aligncenter size-full\"><img fetchpriority=\"high\" decoding=\"async\" width=\"600\" height=\"450\" src=\"https:\/\/cearacruz.com.br\/portal\/wp-content\/uploads\/2026\/04\/not_29_04_26-11.png\" alt=\"\" class=\"wp-image-32199\" srcset=\"https:\/\/cearacruz.com.br\/portal\/wp-content\/uploads\/2026\/04\/not_29_04_26-11.png 600w, https:\/\/cearacruz.com.br\/portal\/wp-content\/uploads\/2026\/04\/not_29_04_26-11-300x225.png 300w\" sizes=\"(max-width: 600px) 100vw, 600px\" \/><\/figure>\n\n\n\n<p>O <strong><a href=\"https:\/\/cearacruz.com.br\/portal\/\" target=\"_blank\" rel=\"noopener\" title=\"\">Centro Educacional de Aracruz (CEA)<\/a><\/strong> promoveu, no dia 16 de abril de 2026, no audit\u00f3rio da escola, uma palestra educativa sobre o uso respons\u00e1vel das redes sociais e a preven\u00e7\u00e3o ao <strong><a href=\"https:\/\/brasilescola.uol.com.br\/sociologia\/bullying.htm\" target=\"_blank\" rel=\"noopener\" title=\"\">bullying<\/a> <\/strong>e ao <strong><a href=\"https:\/\/brasilescola.uol.com.br\/sociologia\/cyberbullying.htm\" target=\"_blank\" rel=\"noopener\" title=\"\">cyberbullying.<\/a><\/strong> A atividade foi direcionada aos alunos dos 8\u00ba Anos do Ensino Fundamental, turmas \u201cA\u201d, \u201cB\u201d e \u201cC\u201d, do per\u00edodo matutino, e contou com a participa\u00e7\u00e3o de professores e da equipe pedag\u00f3gica.<\/p>\n\n\n\n<p>A palestra foi ministrada pelo professor Ronaldo F\u00e9lix, coordenador do <strong><a href=\"https:\/\/faacz.com.br\/portal\/graduacao\/direito\/\" target=\"_blank\" rel=\"noopener\" title=\"\">curso de Direito<\/a> <\/strong>da<a href=\"http:\/\/www.faacz.com.br\/portal\/\" target=\"_blank\" rel=\"noopener\" title=\"\"> <strong>FAACZ (Faculdades Integradas de Aracruz),<\/strong><\/a> convidado pela supervisora escolar Ana Paula Pereira Martins da Silva Bertolini, com o objetivo de conscientizar os estudantes sobre os riscos e as implica\u00e7\u00f5es da exposi\u00e7\u00e3o indevida de colegas em redes sociais e grupos de WhatsApp.<\/p>\n\n\n\n<figure class=\"wp-block-image aligncenter size-full\"><img decoding=\"async\" width=\"600\" height=\"450\" src=\"https:\/\/cearacruz.com.br\/portal\/wp-content\/uploads\/2026\/04\/not_29_04_26-12.png\" alt=\"\" class=\"wp-image-32200\" srcset=\"https:\/\/cearacruz.com.br\/portal\/wp-content\/uploads\/2026\/04\/not_29_04_26-12.png 600w, https:\/\/cearacruz.com.br\/portal\/wp-content\/uploads\/2026\/04\/not_29_04_26-12-300x225.png 300w\" sizes=\"(max-width: 600px) 100vw, 600px\" \/><\/figure>\n\n\n\n<p>Durante a apresenta\u00e7\u00e3o, o professor abordou, de forma clara e did\u00e1tica, os conceitos de bullying e cyberbullying, exemplificando situa\u00e7\u00f5es comuns no ambiente escolar e digital. Tamb\u00e9m destacou os impactos dessas pr\u00e1ticas para as v\u00edtimas, al\u00e9m das consequ\u00eancias legais previstas na legisla\u00e7\u00e3o brasileira, inclusive para menores de idade e seus respons\u00e1veis legais.<\/p>\n\n\n\n<p>Os estudantes ainda receberam orienta\u00e7\u00f5es sobre o uso consciente da internet, a import\u00e2ncia do respeito m\u00fatuo, da empatia e do cuidado com a imagem e a privacidade do outro. O encontro proporcionou um momento de reflex\u00e3o e incentivou atitudes mais \u00e9ticas e respons\u00e1veis, tanto no ambiente escolar quanto no meio digital.<\/p>\n\n\n\n<figure class=\"wp-block-image aligncenter size-full\"><img decoding=\"async\" width=\"600\" height=\"450\" src=\"https:\/\/cearacruz.com.br\/portal\/wp-content\/uploads\/2026\/04\/not_29_04_26-13.png\" alt=\"\" class=\"wp-image-32201\" srcset=\"https:\/\/cearacruz.com.br\/portal\/wp-content\/uploads\/2026\/04\/not_29_04_26-13.png 600w, https:\/\/cearacruz.com.br\/portal\/wp-content\/uploads\/2026\/04\/not_29_04_26-13-300x225.png 300w\" sizes=\"(max-width: 600px) 100vw, 600px\" \/><\/figure>\n\n\n\n<p>A diretora escolar do CEA, professora Adriana Recla Sarcinelli, realizou a abertura do evento, apresentando o palestrante aos alunos. O encerramento ficou a cargo da supervisora escolar Ana Paula Pereira Martins da Silva Bertolini, que agradeceu a participa\u00e7\u00e3o dos estudantes e a disponibilidade do professor Ronaldo F\u00e9lix em compartilhar conhecimentos sobre um tema t\u00e3o relevante para a juventude.<\/p>\n\n\n\n<p>Segundo Ana Paula, iniciativas como essa refor\u00e7am o compromisso da escola com a forma\u00e7\u00e3o integral dos estudantes: <em>\u201cComo supervisora, considero essa palestra extremamente relevante, pois o uso das redes sociais est\u00e1 cada vez mais presente na rotina dos nossos alunos. Momentos como esse s\u00e3o fundamentais para ampliar a conscientiza\u00e7\u00e3o sobre os riscos do ambiente digital e fortalecer valores como respeito, empatia e responsabilidade\u201d,<\/em> destacou.<\/p>\n\n\n\n<figure class=\"wp-block-image aligncenter size-full\"><img loading=\"lazy\" decoding=\"async\" width=\"600\" height=\"450\" src=\"https:\/\/cearacruz.com.br\/portal\/wp-content\/uploads\/2026\/04\/not_29_04_26-14.png\" alt=\"\" class=\"wp-image-32202\" srcset=\"https:\/\/cearacruz.com.br\/portal\/wp-content\/uploads\/2026\/04\/not_29_04_26-14.png 600w, https:\/\/cearacruz.com.br\/portal\/wp-content\/uploads\/2026\/04\/not_29_04_26-14-300x225.png 300w\" sizes=\"(max-width: 600px) 100vw, 600px\" \/><\/figure>\n\n\n\n<p>Ela ressaltou, ainda, que o CEA acredita na orienta\u00e7\u00e3o e na conscientiza\u00e7\u00e3o como ferramentas essenciais para evitar situa\u00e7\u00f5es de exposi\u00e7\u00e3o indevida e conflitos que podem atingir n\u00e3o apenas os alunos, mas tamb\u00e9m suas fam\u00edlias: <em>\u201cEstamos sempre refor\u00e7ando a import\u00e2ncia de utilizar a tecnologia de forma respons\u00e1vel e consciente, para que os adolescentes compreendam que as a\u00e7\u00f5es no ambiente virtual tamb\u00e9m t\u00eam consequ\u00eancias reais\u201d,<\/em> afirmou.<\/p>\n\n\n\n<p>Ana Paula tamb\u00e9m enfatizou a import\u00e2ncia da parceria entre escola e fam\u00edlia nesse processo: <em>\u201cEnquanto escola, temos o compromisso de orientar para al\u00e9m do conte\u00fado acad\u00eamico, promovendo uma conviv\u00eancia saud\u00e1vel e respeitosa. Buscamos sempre a parceria da fam\u00edlia, pois entendemos que esse acompanhamento precisa ser conjunto. \u00c9 fundamental que os respons\u00e1veis estejam atentos ao uso das redes sociais e aos grupos de conversa dos filhos, acompanhando de perto suas intera\u00e7\u00f5es e orientando\u201d,<\/em> concluiu.<\/p>\n\n\n\n<figure class=\"wp-block-image aligncenter size-full\"><img loading=\"lazy\" decoding=\"async\" width=\"600\" height=\"450\" src=\"https:\/\/cearacruz.com.br\/portal\/wp-content\/uploads\/2026\/04\/not_29_04_26-15.png\" alt=\"\" class=\"wp-image-32203\" srcset=\"https:\/\/cearacruz.com.br\/portal\/wp-content\/uploads\/2026\/04\/not_29_04_26-15.png 600w, https:\/\/cearacruz.com.br\/portal\/wp-content\/uploads\/2026\/04\/not_29_04_26-15-300x225.png 300w\" sizes=\"(max-width: 600px) 100vw, 600px\" \/><\/figure>\n\n\n\n<p>Participaram da atividade os professores Telma Silva de Jesus Oliveira (Geografia), Ana Paula Marciano (Ci\u00eancias), Karla Lorena Vargas Naettzel Percilios (L\u00edngua Portuguesa e Produ\u00e7\u00e3o de Texto), Anderson Casais (Ingl\u00eas) e Poliana Barros (Tecnologia e Inova\u00e7\u00e3o), respons\u00e1veis por disciplinas ministradas nas turmas dos 8\u00ba Anos do Ensino Fundamental.<\/p>\n\n\n\n<p>A iniciativa refor\u00e7ou o compromisso do CEA com a forma\u00e7\u00e3o cidad\u00e3 dos estudantes, promovendo reflex\u00e3o sobre conviv\u00eancia respeitosa, responsabilidade digital e o uso consciente das redes sociais no dia a dia escolar. Desse modo, a palestra n\u00e3o apenas orientou os alunos dos 8\u00ba Anos sobre os riscos do ambiente virtual, mas tamb\u00e9m fortaleceu a constru\u00e7\u00e3o de uma cultura escolar pautada no di\u00e1logo, na empatia e no respeito ao pr\u00f3ximo.<\/p>\n\n\n\n<p><strong>INFORMA\u00c7\u00d5ES \u00c0 IMPRENSA:<\/strong><strong><br>Setor de Comunica\u00e7\u00e3o e Marketing \u2013 Alessandro Bitti<br><\/strong>Tel.: (27) 3302-8000 \u2013 E-mail: comunicacao@fsjb.edu.br \/ alessandro@fsjb.edu.br<\/p>\n","protected":false},"excerpt":{"rendered":"<p>O Centro Educacional de Aracruz (CEA) promoveu, no dia 16 de abril de 2026, no audit\u00f3rio da escola, uma palestra educativa sobre o uso respons\u00e1vel das redes sociais e a preven\u00e7\u00e3o ao bullying e ao cyberbullying. A atividade foi direcionada aos alunos dos 8\u00ba Anos do Ensino Fundamental, turmas \u201cA\u201d, \u201cB\u201d e \u201cC\u201d, do per\u00edodo matutino, e contou com a participa\u00e7\u00e3o de professores e da equipe pedag\u00f3gica. A palestra foi ministrada pelo professor Ronaldo F\u00e9lix, coordenador do curso de Direito da FAACZ (Faculdades Integradas de Aracruz), convidado pela supervisora escolar Ana Paula Pereira Martins da Silva Bertolini, com o objetivo de conscientizar os estudantes sobre os riscos e as implica\u00e7\u00f5es da exposi\u00e7\u00e3o indevida de colegas em redes sociais e grupos de WhatsApp. Durante a apresenta\u00e7\u00e3o, o professor abordou, de forma clara e did\u00e1tica, os conceitos de bullying e cyberbullying, exemplificando situa\u00e7\u00f5es comuns no ambiente escolar e digital. Tamb\u00e9m destacou os impactos dessas pr\u00e1ticas para as v\u00edtimas, al\u00e9m das consequ\u00eancias legais previstas na legisla\u00e7\u00e3o brasileira, inclusive para menores de idade e seus respons\u00e1veis legais. Os estudantes ainda receberam orienta\u00e7\u00f5es sobre o uso consciente da internet, a import\u00e2ncia do respeito m\u00fatuo, da empatia e do cuidado com a imagem e a privacidade do outro. O encontro proporcionou um momento de reflex\u00e3o e incentivou atitudes mais \u00e9ticas e respons\u00e1veis, tanto no ambiente escolar quanto no meio digital. A diretora escolar do CEA, professora Adriana Recla Sarcinelli, realizou a abertura do evento, apresentando o palestrante aos alunos. O encerramento ficou a cargo da supervisora escolar Ana Paula Pereira Martins da Silva Bertolini, que agradeceu a participa\u00e7\u00e3o dos estudantes e a disponibilidade do professor Ronaldo F\u00e9lix em compartilhar conhecimentos sobre um tema t\u00e3o relevante para a juventude. Segundo Ana Paula, iniciativas como essa refor\u00e7am o compromisso da escola com a forma\u00e7\u00e3o integral dos estudantes: \u201cComo supervisora, considero essa palestra extremamente relevante, pois o uso das redes sociais est\u00e1 cada vez mais presente na rotina dos nossos alunos. Momentos como esse s\u00e3o fundamentais para ampliar a conscientiza\u00e7\u00e3o sobre os riscos do ambiente digital e fortalecer valores como respeito, empatia e responsabilidade\u201d, destacou. Ela ressaltou, ainda, que o CEA acredita na orienta\u00e7\u00e3o e na conscientiza\u00e7\u00e3o como ferramentas essenciais para evitar situa\u00e7\u00f5es de exposi\u00e7\u00e3o indevida e conflitos que podem atingir n\u00e3o apenas os alunos, mas tamb\u00e9m suas fam\u00edlias: \u201cEstamos sempre refor\u00e7ando a import\u00e2ncia de utilizar a tecnologia de forma respons\u00e1vel e consciente, para que os adolescentes compreendam que as a\u00e7\u00f5es no ambiente virtual tamb\u00e9m t\u00eam consequ\u00eancias reais\u201d, afirmou. Ana Paula tamb\u00e9m enfatizou a import\u00e2ncia da parceria entre escola e fam\u00edlia nesse processo: \u201cEnquanto escola, temos o compromisso de orientar para al\u00e9m do conte\u00fado acad\u00eamico, promovendo uma conviv\u00eancia saud\u00e1vel e respeitosa. Buscamos sempre a parceria da fam\u00edlia, pois entendemos que esse acompanhamento precisa ser conjunto. \u00c9 fundamental que os respons\u00e1veis estejam atentos ao uso das redes sociais e aos grupos de conversa dos filhos, acompanhando de perto suas intera\u00e7\u00f5es e orientando\u201d, concluiu. Participaram da atividade os professores Telma Silva de Jesus Oliveira (Geografia), Ana Paula Marciano (Ci\u00eancias), Karla Lorena Vargas Naettzel Percilios (L\u00edngua Portuguesa e Produ\u00e7\u00e3o de Texto), Anderson Casais (Ingl\u00eas) e Poliana Barros (Tecnologia e Inova\u00e7\u00e3o), respons\u00e1veis por disciplinas ministradas nas turmas dos 8\u00ba Anos do Ensino Fundamental. A iniciativa refor\u00e7ou o compromisso do CEA com a forma\u00e7\u00e3o cidad\u00e3 dos estudantes, promovendo reflex\u00e3o sobre conviv\u00eancia respeitosa, responsabilidade digital e o uso consciente das redes sociais no dia a dia escolar. Desse modo, a palestra n\u00e3o apenas orientou os alunos dos 8\u00ba Anos sobre os riscos do ambiente virtual, mas tamb\u00e9m fortaleceu a constru\u00e7\u00e3o de uma cultura escolar pautada no di\u00e1logo, na empatia e no respeito ao pr\u00f3ximo. INFORMA\u00c7\u00d5ES \u00c0 IMPRENSA:Setor de Comunica\u00e7\u00e3o e Marketing \u2013 Alessandro BittiTel.: (27) 3302-8000 \u2013 E-mail: comunicacao@fsjb.edu.br \/ alessandro@fsjb.edu.br<\/p>\n","protected":false},"author":3,"featured_media":32199,"comment_status":"closed","ping_status":"closed","sticky":false,"template":"","format":"standard","meta":{"om_disable_all_campaigns":false,"_uf_show_specific_survey":0,"_uf_disable_surveys":false,"footnotes":""},"categories":[16],"tags":[],"class_list":["post-32197","post","type-post","status-publish","format-standard","has-post-thumbnail","hentry","category-palestras"],"aioseo_notices":[],"_links":{"self":[{"href":"https:\/\/cearacruz.com.br\/portal\/wp-json\/wp\/v2\/posts\/32197","targetHints":{"allow":["GET"]}}],"collection":[{"href":"https:\/\/cearacruz.com.br\/portal\/wp-json\/wp\/v2\/posts"}],"about":[{"href":"https:\/\/cearacruz.com.br\/portal\/wp-json\/wp\/v2\/types\/post"}],"author":[{"embeddable":true,"href":"https:\/\/cearacruz.com.br\/portal\/wp-json\/wp\/v2\/users\/3"}],"replies":[{"embeddable":true,"href":"https:\/\/cearacruz.com.br\/portal\/wp-json\/wp\/v2\/comments?post=32197"}],"version-history":[{"count":1,"href":"https:\/\/cearacruz.com.br\/portal\/wp-json\/wp\/v2\/posts\/32197\/revisions"}],"predecessor-version":[{"id":32204,"href":"https:\/\/cearacruz.com.br\/portal\/wp-json\/wp\/v2\/posts\/32197\/revisions\/32204"}],"wp:featuredmedia":[{"embeddable":true,"href":"https:\/\/cearacruz.com.br\/portal\/wp-json\/wp\/v2\/media\/32199"}],"wp:attachment":[{"href":"https:\/\/cearacruz.com.br\/portal\/wp-json\/wp\/v2\/media?parent=32197"}],"wp:term":[{"taxonomy":"category","embeddable":true,"href":"https:\/\/cearacruz.com.br\/portal\/wp-json\/wp\/v2\/categories?post=32197"},{"taxonomy":"post_tag","embeddable":true,"href":"https:\/\/cearacruz.com.br\/portal\/wp-json\/wp\/v2\/tags?post=32197"}],"curies":[{"name":"wp","href":"https:\/\/api.w.org\/{rel}","templated":true}]}}