{"id":32185,"date":"2026-04-29T19:46:11","date_gmt":"2026-04-29T19:46:11","guid":{"rendered":"https:\/\/cearacruz.com.br\/portal\/?p=32185"},"modified":"2026-04-29T19:46:11","modified_gmt":"2026-04-29T19:46:11","slug":"visita-a-aldeia-indigena-tematica-guarani-tekoa-mirim-encanta-alunos-do-3o-ano-do-cea","status":"publish","type":"post","link":"https:\/\/cearacruz.com.br\/portal\/visita-a-aldeia-indigena-tematica-guarani-tekoa-mirim-encanta-alunos-do-3o-ano-do-cea\/","title":{"rendered":"Visita \u00e0 Aldeia Ind\u00edgena Tem\u00e1tica Guarani \u201cTeko\u00e1 Mirim\u201d encanta alunos do 3\u00ba Ano do CEA"},"content":{"rendered":"\n<figure class=\"wp-block-image aligncenter size-full\"><img fetchpriority=\"high\" decoding=\"async\" width=\"600\" height=\"450\" src=\"https:\/\/cearacruz.com.br\/portal\/wp-content\/uploads\/2026\/04\/not_29_04_26-1.png\" alt=\"\" class=\"wp-image-32186\" srcset=\"https:\/\/cearacruz.com.br\/portal\/wp-content\/uploads\/2026\/04\/not_29_04_26-1.png 600w, https:\/\/cearacruz.com.br\/portal\/wp-content\/uploads\/2026\/04\/not_29_04_26-1-300x225.png 300w\" sizes=\"(max-width: 600px) 100vw, 600px\" \/><figcaption class=\"wp-element-caption\">Fotos: Divulga\u00e7\u00e3o.<\/figcaption><\/figure>\n\n\n\n<p>Os alunos do 3\u00ba Ano do Ensino Fundamental do <strong><a href=\"https:\/\/cearacruz.com.br\/portal\/\" target=\"_blank\" rel=\"noopener\" title=\"\">Centro Educacional de Aracruz (CEA),<\/a><\/strong> dos turnos matutino e vespertino, viveram uma manh\u00e3 especial de aprendizado e integra\u00e7\u00e3o cultural no dia 7 de abril de 2026, durante visita \u00e0 <strong><a href=\"https:\/\/www.guiaeturismo.com\/aldeia-tematica-guarani-em-aracruz-es\" target=\"_blank\" rel=\"noopener\" title=\"\">Aldeia Ind\u00edgena Tem\u00e1tica Guarani \u201cTeko\u00e1 Mirim\u201d.<\/a><\/strong> A atividade contou com o acompanhamento das professoras J\u00e9ssica de Jesus Pinto Sodr\u00e9 (regente do 3\u00ba Ano &#8220;A&#8221; \u2013 vespertino), Bruna Val\u00e9ria Loubach Lopes de Souza (regente do 3\u00ba Ano &#8220;A&#8221; \u2013 matutino), al\u00e9m da auxiliar de sala de aula Danyely Rodrigues Cardoso.<\/p>\n\n\n\n<figure class=\"wp-block-image aligncenter size-full\"><img decoding=\"async\" width=\"600\" height=\"450\" src=\"https:\/\/cearacruz.com.br\/portal\/wp-content\/uploads\/2026\/04\/not_29_04_26-2.png\" alt=\"\" class=\"wp-image-32187\" srcset=\"https:\/\/cearacruz.com.br\/portal\/wp-content\/uploads\/2026\/04\/not_29_04_26-2.png 600w, https:\/\/cearacruz.com.br\/portal\/wp-content\/uploads\/2026\/04\/not_29_04_26-2-300x225.png 300w\" sizes=\"(max-width: 600px) 100vw, 600px\" \/><\/figure>\n\n\n\n<p>Ao chegarem ao local, as professoras, a auxiliar de sala e os estudantes foram recepcionados pelo ind\u00edgena Ubirajara, que apresentou aspectos importantes de sua cultura, destacando costumes, tradi\u00e7\u00f5es e a import\u00e2ncia da preserva\u00e7\u00e3o da identidade ind\u00edgena. Durante a recep\u00e7\u00e3o, os alunos puderam conhecer mais sobre os modos de vida do povo ind\u00edgena e compreender o valor de manter vivas as ra\u00edzes culturais transmitidas entre gera\u00e7\u00f5es. O momento despertou curiosidade e interesse entre os participantes.<\/p>\n\n\n\n<figure class=\"wp-block-image aligncenter size-full\"><img decoding=\"async\" width=\"600\" height=\"450\" src=\"https:\/\/cearacruz.com.br\/portal\/wp-content\/uploads\/2026\/04\/not_29_04_26-3.png\" alt=\"\" class=\"wp-image-32188\" srcset=\"https:\/\/cearacruz.com.br\/portal\/wp-content\/uploads\/2026\/04\/not_29_04_26-3.png 600w, https:\/\/cearacruz.com.br\/portal\/wp-content\/uploads\/2026\/04\/not_29_04_26-3-300x225.png 300w\" sizes=\"(max-width: 600px) 100vw, 600px\" \/><\/figure>\n\n\n\n<p>Na sequ\u00eancia, os estudantes do CEA participaram de uma trilha pela mata, oportunidade em que conheceram plantas medicinais, aprenderam sobre a relev\u00e2ncia das \u00e1rvores para o equil\u00edbrio ambiental e compreenderam melhor a rela\u00e7\u00e3o dos animais com a natureza. O contato direto com o meio ambiente tornou a experi\u00eancia ainda mais rica e significativa para os alunos.<\/p>\n\n\n\n<figure class=\"wp-block-image aligncenter size-full\"><img loading=\"lazy\" decoding=\"async\" width=\"600\" height=\"450\" src=\"https:\/\/cearacruz.com.br\/portal\/wp-content\/uploads\/2026\/04\/not_29_04_26-4.png\" alt=\"\" class=\"wp-image-32189\" srcset=\"https:\/\/cearacruz.com.br\/portal\/wp-content\/uploads\/2026\/04\/not_29_04_26-4.png 600w, https:\/\/cearacruz.com.br\/portal\/wp-content\/uploads\/2026\/04\/not_29_04_26-4-300x225.png 300w\" sizes=\"(max-width: 600px) 100vw, 600px\" \/><\/figure>\n\n\n\n<p>A programa\u00e7\u00e3o tamb\u00e9m incluiu apresenta\u00e7\u00f5es culturais com m\u00fasicas e dan\u00e7as tradicionais. Em um momento de grande intera\u00e7\u00e3o, os estudantes aprenderam uma cantiga ind\u00edgena e participaram ativamente das atividades propostas. O passeio foi encerrado com a aprecia\u00e7\u00e3o dos artesanatos produzidos na aldeia, que chamaram a aten\u00e7\u00e3o pela beleza e riqueza de detalhes.<\/p>\n\n\n\n<figure class=\"wp-block-image aligncenter size-full\"><img loading=\"lazy\" decoding=\"async\" width=\"600\" height=\"450\" src=\"https:\/\/cearacruz.com.br\/portal\/wp-content\/uploads\/2026\/04\/not_29_04_26-5.png\" alt=\"\" class=\"wp-image-32190\" srcset=\"https:\/\/cearacruz.com.br\/portal\/wp-content\/uploads\/2026\/04\/not_29_04_26-5.png 600w, https:\/\/cearacruz.com.br\/portal\/wp-content\/uploads\/2026\/04\/not_29_04_26-5-300x225.png 300w\" sizes=\"(max-width: 600px) 100vw, 600px\" \/><\/figure>\n\n\n\n<p>Durante a visita, os alunos tamb\u00e9m vivenciaram momentos de divers\u00e3o, descoberta e encantamento. Para muitos deles, a experi\u00eancia foi marcante e ficar\u00e1 guardada na mem\u00f3ria como um dia especial de aprendizado fora da sala de aula. A aluna Helena de Barros Scarpati, do 3\u00ba Ano &#8220;A&#8221; (vespertino), destacou que <em>\u201camou conhecer outra cultura diferente da sua\u201d.<\/em><\/p>\n\n\n\n<figure class=\"wp-block-image aligncenter size-full\"><img loading=\"lazy\" decoding=\"async\" width=\"600\" height=\"450\" src=\"https:\/\/cearacruz.com.br\/portal\/wp-content\/uploads\/2026\/04\/not_29_04_26-6.png\" alt=\"\" class=\"wp-image-32191\" srcset=\"https:\/\/cearacruz.com.br\/portal\/wp-content\/uploads\/2026\/04\/not_29_04_26-6.png 600w, https:\/\/cearacruz.com.br\/portal\/wp-content\/uploads\/2026\/04\/not_29_04_26-6-300x225.png 300w\" sizes=\"(max-width: 600px) 100vw, 600px\" \/><\/figure>\n\n\n\n<p>J\u00e1 o aluno Rafael do Ros\u00e1rio Mattiuzzi, da mesma turma, comentou que foi importante aprender sobre a cultura ind\u00edgena, pois seus ascendentes tamb\u00e9m s\u00e3o ind\u00edgenas. A aluna Maria Lima Lozer demonstrou grande interesse pelos artesanatos e afirmou que pretende produzir alguns em casa, por ter achado tudo muito bonito.<\/p>\n\n\n\n<figure class=\"wp-block-gallery has-nested-images columns-default is-cropped wp-block-gallery-1 is-layout-flex wp-block-gallery-is-layout-flex\">\n<figure class=\"wp-block-image size-large\"><img loading=\"lazy\" decoding=\"async\" width=\"600\" height=\"450\" data-id=\"32192\" src=\"https:\/\/cearacruz.com.br\/portal\/wp-content\/uploads\/2026\/04\/not_29_04_26-7.png\" alt=\"\" class=\"wp-image-32192\" srcset=\"https:\/\/cearacruz.com.br\/portal\/wp-content\/uploads\/2026\/04\/not_29_04_26-7.png 600w, https:\/\/cearacruz.com.br\/portal\/wp-content\/uploads\/2026\/04\/not_29_04_26-7-300x225.png 300w\" sizes=\"(max-width: 600px) 100vw, 600px\" \/><\/figure>\n\n\n\n<figure class=\"wp-block-image size-large\"><img loading=\"lazy\" decoding=\"async\" width=\"600\" height=\"450\" data-id=\"32193\" src=\"https:\/\/cearacruz.com.br\/portal\/wp-content\/uploads\/2026\/04\/not_29_04_26-8.png\" alt=\"\" class=\"wp-image-32193\" srcset=\"https:\/\/cearacruz.com.br\/portal\/wp-content\/uploads\/2026\/04\/not_29_04_26-8.png 600w, https:\/\/cearacruz.com.br\/portal\/wp-content\/uploads\/2026\/04\/not_29_04_26-8-300x225.png 300w\" sizes=\"(max-width: 600px) 100vw, 600px\" \/><\/figure>\n\n\n\n<figure class=\"wp-block-image size-large\"><img loading=\"lazy\" decoding=\"async\" width=\"600\" height=\"450\" data-id=\"32194\" src=\"https:\/\/cearacruz.com.br\/portal\/wp-content\/uploads\/2026\/04\/not_29_04_26-9.png\" alt=\"\" class=\"wp-image-32194\" srcset=\"https:\/\/cearacruz.com.br\/portal\/wp-content\/uploads\/2026\/04\/not_29_04_26-9.png 600w, https:\/\/cearacruz.com.br\/portal\/wp-content\/uploads\/2026\/04\/not_29_04_26-9-300x225.png 300w\" sizes=\"(max-width: 600px) 100vw, 600px\" \/><\/figure>\n<\/figure>\n\n\n\n<p>A visita \u00e0 Aldeia Tem\u00e1tica Guarani \u201cTeko\u00e1 Mirim\u201d refor\u00e7ou a import\u00e2ncia do aprendizado pr\u00e1tico, do contato com a natureza e da valoriza\u00e7\u00e3o das diferentes culturas presentes no pa\u00eds. Experi\u00eancias como essa contribuem para ampliar o conhecimento dos estudantes do Ensino Fundamental do CEA, estimular o respeito \u00e0 diversidade e mostrar que o ensino se torna ainda mais interessante quando vivenciado de forma direta, din\u00e2mica e participativa.<\/p>\n\n\n\n<figure class=\"wp-block-image aligncenter size-full\"><img loading=\"lazy\" decoding=\"async\" width=\"600\" height=\"450\" src=\"https:\/\/cearacruz.com.br\/portal\/wp-content\/uploads\/2026\/04\/not_29_04_26-10.png\" alt=\"\" class=\"wp-image-32195\" srcset=\"https:\/\/cearacruz.com.br\/portal\/wp-content\/uploads\/2026\/04\/not_29_04_26-10.png 600w, https:\/\/cearacruz.com.br\/portal\/wp-content\/uploads\/2026\/04\/not_29_04_26-10-300x225.png 300w\" sizes=\"(max-width: 600px) 100vw, 600px\" \/><\/figure>\n\n\n\n<p><strong>INFORMA\u00c7\u00d5ES \u00c0 IMPRENSA:<\/strong><strong><br>Setor de Comunica\u00e7\u00e3o e Marketing \u2013 Alessandro Bitti<br><\/strong>Tel.: (27) 3302-8000 \u2013 E-mail: comunicacao@fsjb.edu.br \/ alessandro@fsjb.edu.br<\/p>\n","protected":false},"excerpt":{"rendered":"<p>Os alunos do 3\u00ba Ano do Ensino Fundamental do Centro Educacional de Aracruz (CEA), dos turnos matutino e vespertino, viveram uma manh\u00e3 especial de aprendizado e integra\u00e7\u00e3o cultural no dia 7 de abril de 2026, durante visita \u00e0 Aldeia Ind\u00edgena Tem\u00e1tica Guarani \u201cTeko\u00e1 Mirim\u201d. A atividade contou com o acompanhamento das professoras J\u00e9ssica de Jesus Pinto Sodr\u00e9 (regente do 3\u00ba Ano &#8220;A&#8221; \u2013 vespertino), Bruna Val\u00e9ria Loubach Lopes de Souza (regente do 3\u00ba Ano &#8220;A&#8221; \u2013 matutino), al\u00e9m da auxiliar de sala de aula Danyely Rodrigues Cardoso. Ao chegarem ao local, as professoras, a auxiliar de sala e os estudantes foram recepcionados pelo ind\u00edgena Ubirajara, que apresentou aspectos importantes de sua cultura, destacando costumes, tradi\u00e7\u00f5es e a import\u00e2ncia da preserva\u00e7\u00e3o da identidade ind\u00edgena. Durante a recep\u00e7\u00e3o, os alunos puderam conhecer mais sobre os modos de vida do povo ind\u00edgena e compreender o valor de manter vivas as ra\u00edzes culturais transmitidas entre gera\u00e7\u00f5es. O momento despertou curiosidade e interesse entre os participantes. Na sequ\u00eancia, os estudantes do CEA participaram de uma trilha pela mata, oportunidade em que conheceram plantas medicinais, aprenderam sobre a relev\u00e2ncia das \u00e1rvores para o equil\u00edbrio ambiental e compreenderam melhor a rela\u00e7\u00e3o dos animais com a natureza. O contato direto com o meio ambiente tornou a experi\u00eancia ainda mais rica e significativa para os alunos. A programa\u00e7\u00e3o tamb\u00e9m incluiu apresenta\u00e7\u00f5es culturais com m\u00fasicas e dan\u00e7as tradicionais. Em um momento de grande intera\u00e7\u00e3o, os estudantes aprenderam uma cantiga ind\u00edgena e participaram ativamente das atividades propostas. O passeio foi encerrado com a aprecia\u00e7\u00e3o dos artesanatos produzidos na aldeia, que chamaram a aten\u00e7\u00e3o pela beleza e riqueza de detalhes. Durante a visita, os alunos tamb\u00e9m vivenciaram momentos de divers\u00e3o, descoberta e encantamento. Para muitos deles, a experi\u00eancia foi marcante e ficar\u00e1 guardada na mem\u00f3ria como um dia especial de aprendizado fora da sala de aula. A aluna Helena de Barros Scarpati, do 3\u00ba Ano &#8220;A&#8221; (vespertino), destacou que \u201camou conhecer outra cultura diferente da sua\u201d. J\u00e1 o aluno Rafael do Ros\u00e1rio Mattiuzzi, da mesma turma, comentou que foi importante aprender sobre a cultura ind\u00edgena, pois seus ascendentes tamb\u00e9m s\u00e3o ind\u00edgenas. A aluna Maria Lima Lozer demonstrou grande interesse pelos artesanatos e afirmou que pretende produzir alguns em casa, por ter achado tudo muito bonito. A visita \u00e0 Aldeia Tem\u00e1tica Guarani \u201cTeko\u00e1 Mirim\u201d refor\u00e7ou a import\u00e2ncia do aprendizado pr\u00e1tico, do contato com a natureza e da valoriza\u00e7\u00e3o das diferentes culturas presentes no pa\u00eds. Experi\u00eancias como essa contribuem para ampliar o conhecimento dos estudantes do Ensino Fundamental do CEA, estimular o respeito \u00e0 diversidade e mostrar que o ensino se torna ainda mais interessante quando vivenciado de forma direta, din\u00e2mica e participativa. INFORMA\u00c7\u00d5ES \u00c0 IMPRENSA:Setor de Comunica\u00e7\u00e3o e Marketing \u2013 Alessandro BittiTel.: (27) 3302-8000 \u2013 E-mail: comunicacao@fsjb.edu.br \/ alessandro@fsjb.edu.br<\/p>\n","protected":false},"author":3,"featured_media":32186,"comment_status":"closed","ping_status":"closed","sticky":false,"template":"","format":"standard","meta":{"om_disable_all_campaigns":false,"_uf_show_specific_survey":0,"_uf_disable_surveys":false,"footnotes":""},"categories":[8],"tags":[],"class_list":["post-32185","post","type-post","status-publish","format-standard","has-post-thumbnail","hentry","category-ensino-fundamental"],"aioseo_notices":[],"_links":{"self":[{"href":"https:\/\/cearacruz.com.br\/portal\/wp-json\/wp\/v2\/posts\/32185","targetHints":{"allow":["GET"]}}],"collection":[{"href":"https:\/\/cearacruz.com.br\/portal\/wp-json\/wp\/v2\/posts"}],"about":[{"href":"https:\/\/cearacruz.com.br\/portal\/wp-json\/wp\/v2\/types\/post"}],"author":[{"embeddable":true,"href":"https:\/\/cearacruz.com.br\/portal\/wp-json\/wp\/v2\/users\/3"}],"replies":[{"embeddable":true,"href":"https:\/\/cearacruz.com.br\/portal\/wp-json\/wp\/v2\/comments?post=32185"}],"version-history":[{"count":1,"href":"https:\/\/cearacruz.com.br\/portal\/wp-json\/wp\/v2\/posts\/32185\/revisions"}],"predecessor-version":[{"id":32196,"href":"https:\/\/cearacruz.com.br\/portal\/wp-json\/wp\/v2\/posts\/32185\/revisions\/32196"}],"wp:featuredmedia":[{"embeddable":true,"href":"https:\/\/cearacruz.com.br\/portal\/wp-json\/wp\/v2\/media\/32186"}],"wp:attachment":[{"href":"https:\/\/cearacruz.com.br\/portal\/wp-json\/wp\/v2\/media?parent=32185"}],"wp:term":[{"taxonomy":"category","embeddable":true,"href":"https:\/\/cearacruz.com.br\/portal\/wp-json\/wp\/v2\/categories?post=32185"},{"taxonomy":"post_tag","embeddable":true,"href":"https:\/\/cearacruz.com.br\/portal\/wp-json\/wp\/v2\/tags?post=32185"}],"curies":[{"name":"wp","href":"https:\/\/api.w.org\/{rel}","templated":true}]}}