{"id":28538,"date":"2024-05-20T19:19:55","date_gmt":"2024-05-20T19:19:55","guid":{"rendered":"https:\/\/cearacruz.com.br\/portal\/estudantes-da-faacz-promovem-conscientizacao-sobre-autismo-em-acao-educativa-no-cea\/"},"modified":"2025-08-18T19:59:32","modified_gmt":"2025-08-18T19:59:32","slug":"estudantes-da-faacz-promovem-conscientizacao-sobre-autismo-em-acao-educativa-no-cea","status":"publish","type":"post","link":"https:\/\/cearacruz.com.br\/portal\/estudantes-da-faacz-promovem-conscientizacao-sobre-autismo-em-acao-educativa-no-cea\/","title":{"rendered":"Estudantes da FAACZ promovem conscientiza\u00e7\u00e3o sobre autismo em a\u00e7\u00e3o educativa no CEA"},"content":{"rendered":"<figure id=\"attachment_4942\" aria-describedby=\"caption-attachment-4942\" style=\"width: 600px\" class=\"wp-caption aligncenter\"><img fetchpriority=\"high\" decoding=\"async\" class=\"wp-image-4942 size-full\" src=\"https:\/\/cearacruz.com.br\/portal\/wp-content\/uploads\/2025\/08\/not_20_05_24_01-2.jpg\" alt=\"\" width=\"600\" height=\"450\" \/><figcaption id=\"caption-attachment-4942\" class=\"wp-caption-text\">Fotos: Alessandro Bitti<\/figcaption><\/figure>\n<p>Em alus\u00e3o ao abril azul, m\u00eas dedicado \u00e0 conscientiza\u00e7\u00e3o sobre o <a href=\"https:\/\/www.saude.pr.gov.br\/Pagina\/Transtorno-do-Espectro-Autista-TEA#:~:text=O%20transtorno%20do%20espectro%20autista,repert%C3%B3rio%20restrito%20de%20interesses%20e\" target=\"_blank\" rel=\"noopener noreferrer\"><strong>Transtorno do Espectro Autista (TEA),<\/strong><\/a> estudantes dos cursos de <a href=\"http:\/\/www.faacz.com.br\/portal\/graduacao\/cursos\/psicologia\/\" target=\"_blank\" rel=\"noopener noreferrer\"><strong>Psicologia<\/strong><\/a> e <a href=\"http:\/\/www.faacz.com.br\/portal\/graduacao\/cursos\/curso-de-direito\/\" target=\"_blank\" rel=\"noopener noreferrer\"><strong>Direito<\/strong><\/a> das <a href=\"http:\/\/www.faacz.com.br\/portal\/\" target=\"_blank\" rel=\"noopener noreferrer\"><strong>Faculdades Integradas de Aracruz (FAACZ)<\/strong> <\/a>uniram esfor\u00e7os para realizar uma s\u00e9rie de atividades educativas no <a href=\"http:\/\/www.cearacruz.com.br\/portal\/\" target=\"_blank\" rel=\"noopener noreferrer\"><strong>Centro Educacional de Aracruz (CEA).<\/strong><\/a> A iniciativa ocorreu no dia 10 de maio, contando com a participa\u00e7\u00e3o de alunos do 8\u00ba Ano do Ensino Fundamental \u00e0 2\u00aa S\u00e9rie do Ensino M\u00e9dio, recebendo informa\u00e7\u00f5es valiosas sobre o TEA.<\/p>\n<p>Sob a orienta\u00e7\u00e3o dos professores J\u00falia Carvalho dos Santos, do curso de Psicologia, e Ronaldo F\u00e9lix, do curso de Direito, as universit\u00e1rias desenvolveram atividades com o objetivo de desmistificar quest\u00f5es relacionadas ao TEA e combater os preconceitos associados ao capacitismo. Entre as estudantes engajadas na a\u00e7\u00e3o estavam Taissa Guastti Pignaton, Thalya de Souza Sant\u2019Anna, Erica Pani Miranda, e Julia de Jesus Guimar\u00e3es, do curso de Psicologia, al\u00e9m de Hanna Dallabianca Veiga, do 1\u00ba per\u00edodo de Direito, que abordou aspectos jur\u00eddicos do tema.<\/p>\n<p><img decoding=\"async\" class=\"aligncenter wp-image-4943 size-full\" src=\"https:\/\/cearacruz.com.br\/portal\/wp-content\/uploads\/2025\/08\/not_20_05_24_02-2.jpg\" alt=\"\" width=\"600\" height=\"450\" \/><\/p>\n<p>O Transtorno do Espectro Autista \u00e9 um transtorno do neurodesenvolvimento que se manifesta na inf\u00e2ncia, afetando principalmente a comunica\u00e7\u00e3o, intera\u00e7\u00e3o social e padr\u00f5es comportamentais. Devido \u00e0 sua variabilidade, o termo \u201cespectro\u201d \u00e9 utilizado para enfatizar a diversidade de manifesta\u00e7\u00f5es do TEA e a necessidade de um acompanhamento multiprofissional.<\/p>\n<p><img decoding=\"async\" class=\"aligncenter wp-image-4944 size-full\" src=\"https:\/\/cearacruz.com.br\/portal\/wp-content\/uploads\/2025\/08\/not_20_05_24_03-2.jpg\" alt=\"\" width=\"600\" height=\"450\" \/><\/p>\n<p>Durante a apresenta\u00e7\u00e3o, as estudantes de Psicologia abordaram os crit\u00e9rios diagn\u00f3sticos, n\u00edveis de suporte que variam de leve a severo, a import\u00e2ncia das terapias e os tipos de interven\u00e7\u00f5es dispon\u00edveis. Elas explicaram como os profissionais da sa\u00fade, como psiquiatras, neurologistas e psic\u00f3logos, s\u00e3o essenciais no diagn\u00f3stico e no suporte \u00e0s pessoas com TEA.<\/p>\n<p>No \u00e2mbito jur\u00eddico, a aluna Hanna Dallabianca Veiga destacou a import\u00e2ncia de tornar os conhecimentos legais acess\u00edveis \u00e0 popula\u00e7\u00e3o. Ela falou sobre legisla\u00e7\u00f5es nacionais, direitos e garantias individuais, o benef\u00edcio de presta\u00e7\u00e3o continuada para crian\u00e7as com TEA, al\u00e9m das leis espec\u00edficas de Aracruz e do Estado do Esp\u00edrito Santo relacionadas ao Transtorno do Espectro Autista.<\/p>\n<p><img loading=\"lazy\" decoding=\"async\" class=\"aligncenter wp-image-4945 size-full\" src=\"https:\/\/cearacruz.com.br\/portal\/wp-content\/uploads\/2025\/08\/not_20_05_24_04-2.jpg\" alt=\"\" width=\"600\" height=\"450\" \/><\/p>\n<p>As a\u00e7\u00f5es educativas fazem parte das atividades do Comit\u00ea de Extens\u00e3o da FAACZ, do qual os professores Ronaldo e J\u00falia s\u00e3o membros efetivos. A iniciativa foi projetada para alcan\u00e7ar o p\u00fablico estudantil e contribuir para a elimina\u00e7\u00e3o de preconceitos e <em>bullying<\/em> por meio da dissemina\u00e7\u00e3o de informa\u00e7\u00f5es qualificadas.<\/p>\n<p><img loading=\"lazy\" decoding=\"async\" class=\"aligncenter wp-image-4946 size-full\" src=\"https:\/\/cearacruz.com.br\/portal\/wp-content\/uploads\/2025\/08\/not_20_05_24_05-2.jpg\" alt=\"\" width=\"600\" height=\"450\" \/><\/p>\n<p>Este esfor\u00e7o conjunto das estudantes e docentes da FAACZ demonstra o compromisso da institui\u00e7\u00e3o em promover a inclus\u00e3o e a conscientiza\u00e7\u00e3o sobre quest\u00f5es relevantes para a sociedade. A a\u00e7\u00e3o fortalece os la\u00e7os com a comunidade local e contribui para um ambiente escolar mais acolhedor e inclusivo.<\/p>\n<p><strong>INFORMA\u00c7\u00d5ES \u00c0 IMPRENSA:<\/strong><strong><br \/>\n<\/strong><strong>Setor de Comunica\u00e7\u00e3o e Marketing \u2013 Alessandro Bitti<\/strong><strong><br \/>\n<\/strong>Tel.: (27) 3302-8000 \u2013 E-mail: comunicacao@fsjb.edu.br \/ alessandro@fsjb.edu.br<\/p>\n","protected":false},"excerpt":{"rendered":"<p>Em alus\u00e3o ao abril azul, m\u00eas dedicado \u00e0 conscientiza\u00e7\u00e3o sobre o Transtorno do Espectro Autista (TEA), estudantes dos cursos de&#8230;<\/p>\n","protected":false},"author":1,"featured_media":28545,"comment_status":"open","ping_status":"open","sticky":false,"template":"","format":"standard","meta":{"om_disable_all_campaigns":false,"_exactmetrics_skip_tracking":false,"_exactmetrics_sitenote_active":false,"_exactmetrics_sitenote_note":"","_exactmetrics_sitenote_category":0,"_monsterinsights_skip_tracking":false,"_monsterinsights_sitenote_active":false,"_monsterinsights_sitenote_note":"","_monsterinsights_sitenote_category":0,"_uf_show_specific_survey":0,"_uf_disable_surveys":false,"footnotes":""},"categories":[7],"tags":[],"class_list":["post-28538","post","type-post","status-publish","format-standard","has-post-thumbnail","hentry","category-cea"],"aioseo_notices":[],"_links":{"self":[{"href":"https:\/\/cearacruz.com.br\/portal\/wp-json\/wp\/v2\/posts\/28538","targetHints":{"allow":["GET"]}}],"collection":[{"href":"https:\/\/cearacruz.com.br\/portal\/wp-json\/wp\/v2\/posts"}],"about":[{"href":"https:\/\/cearacruz.com.br\/portal\/wp-json\/wp\/v2\/types\/post"}],"author":[{"embeddable":true,"href":"https:\/\/cearacruz.com.br\/portal\/wp-json\/wp\/v2\/users\/1"}],"replies":[{"embeddable":true,"href":"https:\/\/cearacruz.com.br\/portal\/wp-json\/wp\/v2\/comments?post=28538"}],"version-history":[{"count":1,"href":"https:\/\/cearacruz.com.br\/portal\/wp-json\/wp\/v2\/posts\/28538\/revisions"}],"predecessor-version":[{"id":28544,"href":"https:\/\/cearacruz.com.br\/portal\/wp-json\/wp\/v2\/posts\/28538\/revisions\/28544"}],"wp:featuredmedia":[{"embeddable":true,"href":"https:\/\/cearacruz.com.br\/portal\/wp-json\/wp\/v2\/media\/28545"}],"wp:attachment":[{"href":"https:\/\/cearacruz.com.br\/portal\/wp-json\/wp\/v2\/media?parent=28538"}],"wp:term":[{"taxonomy":"category","embeddable":true,"href":"https:\/\/cearacruz.com.br\/portal\/wp-json\/wp\/v2\/categories?post=28538"},{"taxonomy":"post_tag","embeddable":true,"href":"https:\/\/cearacruz.com.br\/portal\/wp-json\/wp\/v2\/tags?post=28538"}],"curies":[{"name":"wp","href":"https:\/\/api.w.org\/{rel}","templated":true}]}}