{"id":28370,"date":"2024-04-05T16:49:33","date_gmt":"2024-04-05T16:49:33","guid":{"rendered":"https:\/\/cearacruz.com.br\/portal\/centro-educacional-de-aracruz-homenageia-os-176-anos-de-aracruz\/"},"modified":"2025-08-18T19:59:11","modified_gmt":"2025-08-18T19:59:11","slug":"centro-educacional-de-aracruz-homenageia-os-176-anos-de-aracruz","status":"publish","type":"post","link":"https:\/\/cearacruz.com.br\/portal\/centro-educacional-de-aracruz-homenageia-os-176-anos-de-aracruz\/","title":{"rendered":"Centro Educacional de Aracruz homenageia os 176 anos de Aracruz"},"content":{"rendered":"<figure id=\"attachment_4779\" aria-describedby=\"caption-attachment-4779\" style=\"width: 600px\" class=\"wp-caption aligncenter\"><img fetchpriority=\"high\" decoding=\"async\" class=\"wp-image-4779 size-full\" src=\"https:\/\/cearacruz.com.br\/portal\/wp-content\/uploads\/2025\/08\/not_05_04_24_01-2.jpg\" alt=\"\" width=\"600\" height=\"450\" \/><figcaption id=\"caption-attachment-4779\" class=\"wp-caption-text\">Fotos: Alessandro Bitti<\/figcaption><\/figure>\n<p>No \u00faltimo dia 03 de abril, Aracruz celebrou com orgulho e emo\u00e7\u00e3o seus 176 anos de emancipa\u00e7\u00e3o pol\u00edtica em um desfile c\u00edvico memor\u00e1vel. O evento, promovido pela <a href=\"https:\/\/www.aracruz.es.gov.br\/\" target=\"_blank\" rel=\"noopener noreferrer\"><strong>Prefeitura Municipal,<\/strong><\/a> contou com a participa\u00e7\u00e3o de diversas escolas e entidades locais, mas foi o <a href=\"http:\/\/www.cearacruz.com.br\/portal\/\" target=\"_blank\" rel=\"noopener noreferrer\"><strong>Centro Educacional de Aracruz (CEA)<\/strong><\/a> que se destacou, trazendo \u00e0 Avenida Ven\u00e2ncio Flores um espet\u00e1culo de hist\u00f3ria, cultura e educa\u00e7\u00e3o.<\/p>\n<p>Estudantes e professores do Ensino Fundamental e M\u00e9dio, al\u00e9m de colaboradores da equipe pedag\u00f3gica e administrativa do CEA, uniram esfor\u00e7os para apresentar ao p\u00fablico um desfile marcado pela criatividade e pelo compromisso com a educa\u00e7\u00e3o de qualidade. Sob o olhar atento das autoridades municipais e da comunidade local, o grupo do CEA desfilou, orgulhosamente, compartilhando um pouco da hist\u00f3ria da escola e de sua mantenedora, a <a href=\"http:\/\/fsjb.edu.br\/portal\/\" target=\"_blank\" rel=\"noopener noreferrer\"><strong>Funda\u00e7\u00e3o S\u00e3o Jo\u00e3o Batista (FSJB).<\/strong><\/a><\/p>\n<p>Al\u00e9m disso, os universit\u00e1rios do 1\u00ba per\u00edodo do curso de Administra\u00e7\u00e3o da <a href=\"http:\/\/www.faacz.com.br\/portal\/\" target=\"_blank\" rel=\"noopener noreferrer\"><strong>FAACZ,<\/strong> <\/a>se uniram \u00e0 equipe de apoio do CEA, contribuindo para o sucesso do desfile. Seu envolvimento demonstra a import\u00e2ncia da colabora\u00e7\u00e3o entre institui\u00e7\u00f5es de ensino para o fortalecimento da educa\u00e7\u00e3o como um todo.<\/p>\n<div id='gallery-1' class='gallery galleryid-28370 gallery-columns-3 gallery-size-medium'><figure class='gallery-item'>\n\t\t\t<div class='gallery-icon landscape'>\n\t\t\t\t<a href='https:\/\/cearacruz.com.br\/portal\/centro-educacional-de-aracruz-homenageia-os-176-anos-de-aracruz\/not_05_04_24_02-3\/'><img decoding=\"async\" width=\"300\" height=\"225\" src=\"https:\/\/cearacruz.com.br\/portal\/wp-content\/uploads\/2025\/08\/not_05_04_24_02-2-300x225.jpg\" class=\"attachment-medium size-medium\" alt=\"\" srcset=\"https:\/\/cearacruz.com.br\/portal\/wp-content\/uploads\/2025\/08\/not_05_04_24_02-2-300x225.jpg 300w, https:\/\/cearacruz.com.br\/portal\/wp-content\/uploads\/2025\/08\/not_05_04_24_02-2-24x18.jpg 24w, https:\/\/cearacruz.com.br\/portal\/wp-content\/uploads\/2025\/08\/not_05_04_24_02-2-36x27.jpg 36w, https:\/\/cearacruz.com.br\/portal\/wp-content\/uploads\/2025\/08\/not_05_04_24_02-2-48x36.jpg 48w, https:\/\/cearacruz.com.br\/portal\/wp-content\/uploads\/2025\/08\/not_05_04_24_02-2.jpg 600w\" sizes=\"(max-width: 300px) 100vw, 300px\" \/><\/a>\n\t\t\t<\/div><\/figure><figure class='gallery-item'>\n\t\t\t<div class='gallery-icon landscape'>\n\t\t\t\t<a href='https:\/\/cearacruz.com.br\/portal\/centro-educacional-de-aracruz-homenageia-os-176-anos-de-aracruz\/not_05_04_24_03-3\/'><img decoding=\"async\" width=\"300\" height=\"225\" src=\"https:\/\/cearacruz.com.br\/portal\/wp-content\/uploads\/2025\/08\/not_05_04_24_03-2-300x225.jpg\" class=\"attachment-medium size-medium\" alt=\"\" srcset=\"https:\/\/cearacruz.com.br\/portal\/wp-content\/uploads\/2025\/08\/not_05_04_24_03-2-300x225.jpg 300w, https:\/\/cearacruz.com.br\/portal\/wp-content\/uploads\/2025\/08\/not_05_04_24_03-2-24x18.jpg 24w, https:\/\/cearacruz.com.br\/portal\/wp-content\/uploads\/2025\/08\/not_05_04_24_03-2-36x27.jpg 36w, https:\/\/cearacruz.com.br\/portal\/wp-content\/uploads\/2025\/08\/not_05_04_24_03-2-48x36.jpg 48w, https:\/\/cearacruz.com.br\/portal\/wp-content\/uploads\/2025\/08\/not_05_04_24_03-2.jpg 600w\" sizes=\"(max-width: 300px) 100vw, 300px\" \/><\/a>\n\t\t\t<\/div><\/figure><figure class='gallery-item'>\n\t\t\t<div class='gallery-icon landscape'>\n\t\t\t\t<a href='https:\/\/cearacruz.com.br\/portal\/centro-educacional-de-aracruz-homenageia-os-176-anos-de-aracruz\/not_05_04_24_04-3\/'><img loading=\"lazy\" decoding=\"async\" width=\"300\" height=\"225\" src=\"https:\/\/cearacruz.com.br\/portal\/wp-content\/uploads\/2025\/08\/not_05_04_24_04-2-300x225.jpg\" class=\"attachment-medium size-medium\" alt=\"\" srcset=\"https:\/\/cearacruz.com.br\/portal\/wp-content\/uploads\/2025\/08\/not_05_04_24_04-2-300x225.jpg 300w, https:\/\/cearacruz.com.br\/portal\/wp-content\/uploads\/2025\/08\/not_05_04_24_04-2-24x18.jpg 24w, https:\/\/cearacruz.com.br\/portal\/wp-content\/uploads\/2025\/08\/not_05_04_24_04-2-36x27.jpg 36w, https:\/\/cearacruz.com.br\/portal\/wp-content\/uploads\/2025\/08\/not_05_04_24_04-2-48x36.jpg 48w, https:\/\/cearacruz.com.br\/portal\/wp-content\/uploads\/2025\/08\/not_05_04_24_04-2.jpg 600w\" sizes=\"(max-width: 300px) 100vw, 300px\" \/><\/a>\n\t\t\t<\/div><\/figure>\n\t\t<\/div>\n\n<p>Com alas diferenciadas, o CEA mostrou todo o seu potencial, apresentando projetos como o \u201cCEA Liter\u00e1rio\u201d, oficinas de m\u00fasica e xadrez, al\u00e9m de destacar sua infraestrutura f\u00edsica com banners representando os Laborat\u00f3rios Maker, de Ci\u00eancias e de Qu\u00edmica, e de Inform\u00e1tica, entre outros. Bal\u00f5es, o bolo de 30 anos da escola e porta-bandeiras, representando as bandeiras do Brasil, do Estado, do Munic\u00edpio, do CEA e da FSJB, encheram a avenida de cores e emo\u00e7\u00e3o, celebrando n\u00e3o apenas o anivers\u00e1rio da cidade, mas tamb\u00e9m tr\u00eas d\u00e9cadas de sucesso do CEA.<\/p>\n<p>Um dos momentos mais emocionantes do desfile foi a apresenta\u00e7\u00e3o das crian\u00e7as do Ensino Fundamental do CEA, que encantaram o p\u00fablico com sua performance diante do palanque das autoridades municipais. O brilho nos olhos dos pequenos demonstrava n\u00e3o apenas a alegria de participar do evento, mas tamb\u00e9m o amor pela escola e pela cidade. O desfile tamb\u00e9m contou com a participa\u00e7\u00e3o de outras escolas da rede p\u00fablica municipal, institui\u00e7\u00f5es de ensino particulares, entidades sociais independentes, bem como bandas marciais e grupos culturais, demonstrando a uni\u00e3o e a diversidade presentes na comunidade educacional de Aracruz.<\/p>\n<h3><strong>Desfile c\u00edvico em Aracruz marca hist\u00f3ria do CEA<\/strong><\/h3>\n<p>Em depoimento conjunto, a presidente da Funda\u00e7\u00e3o S\u00e3o Jo\u00e3o Batista (FSJB), Celi Cabral, a diretora escolar do CEA, prof.\u00aa Adriana Recla Sarcinelli, e o diretor executivo da Funda\u00e7\u00e3o, M\u00e9riton Soares, expressaram sua gratid\u00e3o e orgulho pela participa\u00e7\u00e3o do CEA no evento, ressaltando o compromisso com a educa\u00e7\u00e3o de qualidade e o desenvolvimento da institui\u00e7\u00e3o. Eles agradeceram aos organizadores pelo esfor\u00e7o e entusiasmo, bem como aos alunos, cuja participa\u00e7\u00e3o ativa demonstrou o amor e orgulho pela escola.<\/p>\n<div id='gallery-2' class='gallery galleryid-28370 gallery-columns-3 gallery-size-medium'><figure class='gallery-item'>\n\t\t\t<div class='gallery-icon landscape'>\n\t\t\t\t<a href='https:\/\/cearacruz.com.br\/portal\/centro-educacional-de-aracruz-homenageia-os-176-anos-de-aracruz\/not_05_04_24_05-3\/'><img loading=\"lazy\" decoding=\"async\" width=\"300\" height=\"225\" src=\"https:\/\/cearacruz.com.br\/portal\/wp-content\/uploads\/2025\/08\/not_05_04_24_05-2-300x225.jpg\" class=\"attachment-medium size-medium\" alt=\"\" srcset=\"https:\/\/cearacruz.com.br\/portal\/wp-content\/uploads\/2025\/08\/not_05_04_24_05-2-300x225.jpg 300w, https:\/\/cearacruz.com.br\/portal\/wp-content\/uploads\/2025\/08\/not_05_04_24_05-2-24x18.jpg 24w, https:\/\/cearacruz.com.br\/portal\/wp-content\/uploads\/2025\/08\/not_05_04_24_05-2-36x27.jpg 36w, https:\/\/cearacruz.com.br\/portal\/wp-content\/uploads\/2025\/08\/not_05_04_24_05-2-48x36.jpg 48w, https:\/\/cearacruz.com.br\/portal\/wp-content\/uploads\/2025\/08\/not_05_04_24_05-2.jpg 600w\" sizes=\"(max-width: 300px) 100vw, 300px\" \/><\/a>\n\t\t\t<\/div><\/figure><figure class='gallery-item'>\n\t\t\t<div class='gallery-icon landscape'>\n\t\t\t\t<a href='https:\/\/cearacruz.com.br\/portal\/centro-educacional-de-aracruz-homenageia-os-176-anos-de-aracruz\/not_05_04_24_06-3\/'><img loading=\"lazy\" decoding=\"async\" width=\"300\" height=\"225\" src=\"https:\/\/cearacruz.com.br\/portal\/wp-content\/uploads\/2025\/08\/not_05_04_24_06-2-300x225.jpg\" class=\"attachment-medium size-medium\" alt=\"\" srcset=\"https:\/\/cearacruz.com.br\/portal\/wp-content\/uploads\/2025\/08\/not_05_04_24_06-2-300x225.jpg 300w, https:\/\/cearacruz.com.br\/portal\/wp-content\/uploads\/2025\/08\/not_05_04_24_06-2-24x18.jpg 24w, https:\/\/cearacruz.com.br\/portal\/wp-content\/uploads\/2025\/08\/not_05_04_24_06-2-36x27.jpg 36w, https:\/\/cearacruz.com.br\/portal\/wp-content\/uploads\/2025\/08\/not_05_04_24_06-2-48x36.jpg 48w, https:\/\/cearacruz.com.br\/portal\/wp-content\/uploads\/2025\/08\/not_05_04_24_06-2.jpg 600w\" sizes=\"(max-width: 300px) 100vw, 300px\" \/><\/a>\n\t\t\t<\/div><\/figure><figure class='gallery-item'>\n\t\t\t<div class='gallery-icon landscape'>\n\t\t\t\t<a href='https:\/\/cearacruz.com.br\/portal\/centro-educacional-de-aracruz-homenageia-os-176-anos-de-aracruz\/not_05_04_24_07-3\/'><img loading=\"lazy\" decoding=\"async\" width=\"300\" height=\"225\" src=\"https:\/\/cearacruz.com.br\/portal\/wp-content\/uploads\/2025\/08\/not_05_04_24_07-2-300x225.jpg\" class=\"attachment-medium size-medium\" alt=\"\" srcset=\"https:\/\/cearacruz.com.br\/portal\/wp-content\/uploads\/2025\/08\/not_05_04_24_07-2-300x225.jpg 300w, https:\/\/cearacruz.com.br\/portal\/wp-content\/uploads\/2025\/08\/not_05_04_24_07-2-24x18.jpg 24w, https:\/\/cearacruz.com.br\/portal\/wp-content\/uploads\/2025\/08\/not_05_04_24_07-2-36x27.jpg 36w, https:\/\/cearacruz.com.br\/portal\/wp-content\/uploads\/2025\/08\/not_05_04_24_07-2-48x36.jpg 48w, https:\/\/cearacruz.com.br\/portal\/wp-content\/uploads\/2025\/08\/not_05_04_24_07-2.jpg 600w\" sizes=\"(max-width: 300px) 100vw, 300px\" \/><\/a>\n\t\t\t<\/div><\/figure>\n\t\t<\/div>\n\n<p><em>\u201cO desfile foi um momento memor\u00e1vel para nossa institui\u00e7\u00e3o. A dedica\u00e7\u00e3o exitosa de cada colaborador da FSJB e do CEA fez a diferen\u00e7a para alcan\u00e7armos o sucesso. Foi emocionante comemorar os 30 anos de uma hist\u00f3ria de sucesso do CEA. Nosso compromisso \u00e9 o desenvolvimento de nossa institui\u00e7\u00e3o com uma educa\u00e7\u00e3o de qualidade. O sucesso \u00e9 de todos n\u00f3s. A todos, o nosso muito obrigado\u201d,<\/em> expressaram sua alegria e satisfa\u00e7\u00e3o pela realiza\u00e7\u00e3o do desfile os gestores da FSJB e do CEA, destacando o brilho trazido pela escola no cora\u00e7\u00e3o da cidade de Aracruz.<\/p>\n<h3><strong>Participantes celebram emo\u00e7\u00e3o e orgulho no desfile c\u00edvico de Aracruz<\/strong><strong>\u00a0<\/strong><\/h3>\n<p>Em depoimentos emocionados, tanto os alunos quanto os pais e os membros da equipe pedag\u00f3gica ressaltaram a import\u00e2ncia do evento n\u00e3o apenas como uma celebra\u00e7\u00e3o c\u00edvica, mas como um momento de uni\u00e3o e valoriza\u00e7\u00e3o da educa\u00e7\u00e3o. Para eles, foi mais do que um evento c\u00edvico; foi uma oportunidade de resgatar ra\u00edzes culturais e fortalecer la\u00e7os de pertencimento com a cidade.<\/p>\n<p>Kemilly Cristina da Silva Paz, do 9\u00ba Ano \u201cB\u201d do Ensino Fundamental, compartilhou sua experi\u00eancia emocionante: <em>\u201cAchei esse momento incr\u00edvel. Foi muito emocionante estar aqui hoje com o CEA. Essa n\u00e3o \u00e9 a primeira vez que participo de um desfile, mas aqui em Aracruz foi a primeira vez. Esse momento me proporcionou muita emo\u00e7\u00e3o, pois faz muito tempo que n\u00e3o desfilo. O CEA estava incr\u00edvel\u201d,<\/em> disse a aluna que morava anteriormente em S\u00e3o Paulo.<\/p>\n<p>Bianca Feliciane Gusm\u00e3o, da 2\u00aa S\u00e9rie &#8220;C&#8221; do Ensino M\u00e9dio, tamb\u00e9m expressou seus sentimentos: <em>\u201cFoi um momento de muita emo\u00e7\u00e3o. Estava bastante nervosa, mas depois me deu muita emo\u00e7\u00e3o. Eu n\u00e3o esperava que o CEA fosse fazer algo t\u00e3o bonito na avenida durante o desfile. Foi muito incr\u00edvel o que fizemos junto \u00e0 escola. Estou emocionada\u201d,<\/em> afirmou a estudante.<strong>\u00a0<\/strong><\/p>\n<h3><strong>Orgulho paterno e reconhecimento \u00e0 escola<\/strong><\/h3>\n<p>Para Tarcis de Oliveira da Rocha, pai da aluna Isabelly Laporti da Rocha, do 2\u00ba Ano \u201cA\u201d do per\u00edodo vespertino, o desfile representou um retorno \u00e0s suas origens, refor\u00e7ando o valor cultural e c\u00edvico do evento. Ele expressou orgulho ao ver sua filha participando ativamente e destacou a import\u00e2ncia do CEA na vida dos alunos: <em>\u201cQuando era crian\u00e7a tamb\u00e9m participei de alguns desfiles. Ver a minha filha participante desse momento \u00e9 uma honra, um orgulho para mim como pai. Fazia tempo que n\u00e3o t\u00ednhamos um desfile t\u00e3o bem estruturado como esse. Realmente, o que vimos na avenida, no desfile do CEA, \u00e9 o que a escola de fato representa para n\u00f3s, pais e alunos. O CEA mostrou o que ele simboliza enquanto institui\u00e7\u00e3o de ensino para Aracruz e regi\u00e3o\u201d.<\/em><strong>\u00a0<\/strong><\/p>\n<h3><strong>O valor educacional do desfile c\u00edvico<\/strong><\/h3>\n<p>Eleide B. C. Maulaz, supervisora escolar do CEA, enfatizou a import\u00e2ncia do desfile na forma\u00e7\u00e3o dos estudantes: <em>\u201cO desfile c\u00edvico foi uma experi\u00eancia inesquec\u00edvel para nossos alunos. Vestir a camisa da escola e brilhar durante o desfile n\u00e3o apenas demonstra o comprometimento dos estudantes, mas tamb\u00e9m fortalece o esp\u00edrito de equipe e a identidade da nossa comunidade escolar\u201d.<\/em><\/p>\n<div id='gallery-3' class='gallery galleryid-28370 gallery-columns-3 gallery-size-medium'><figure class='gallery-item'>\n\t\t\t<div class='gallery-icon landscape'>\n\t\t\t\t<a href='https:\/\/cearacruz.com.br\/portal\/centro-educacional-de-aracruz-homenageia-os-176-anos-de-aracruz\/not_05_04_24_08-3\/'><img loading=\"lazy\" decoding=\"async\" width=\"300\" height=\"225\" src=\"https:\/\/cearacruz.com.br\/portal\/wp-content\/uploads\/2025\/08\/not_05_04_24_08-2-300x225.jpg\" class=\"attachment-medium size-medium\" alt=\"\" srcset=\"https:\/\/cearacruz.com.br\/portal\/wp-content\/uploads\/2025\/08\/not_05_04_24_08-2-300x225.jpg 300w, https:\/\/cearacruz.com.br\/portal\/wp-content\/uploads\/2025\/08\/not_05_04_24_08-2-24x18.jpg 24w, https:\/\/cearacruz.com.br\/portal\/wp-content\/uploads\/2025\/08\/not_05_04_24_08-2-36x27.jpg 36w, https:\/\/cearacruz.com.br\/portal\/wp-content\/uploads\/2025\/08\/not_05_04_24_08-2-48x36.jpg 48w, https:\/\/cearacruz.com.br\/portal\/wp-content\/uploads\/2025\/08\/not_05_04_24_08-2.jpg 600w\" sizes=\"(max-width: 300px) 100vw, 300px\" \/><\/a>\n\t\t\t<\/div><\/figure><figure class='gallery-item'>\n\t\t\t<div class='gallery-icon landscape'>\n\t\t\t\t<a href='https:\/\/cearacruz.com.br\/portal\/centro-educacional-de-aracruz-homenageia-os-176-anos-de-aracruz\/not_05_04_24_09-3\/'><img loading=\"lazy\" decoding=\"async\" width=\"300\" height=\"225\" src=\"https:\/\/cearacruz.com.br\/portal\/wp-content\/uploads\/2025\/08\/not_05_04_24_09-2-300x225.jpg\" class=\"attachment-medium size-medium\" alt=\"\" srcset=\"https:\/\/cearacruz.com.br\/portal\/wp-content\/uploads\/2025\/08\/not_05_04_24_09-2-300x225.jpg 300w, https:\/\/cearacruz.com.br\/portal\/wp-content\/uploads\/2025\/08\/not_05_04_24_09-2-24x18.jpg 24w, https:\/\/cearacruz.com.br\/portal\/wp-content\/uploads\/2025\/08\/not_05_04_24_09-2-36x27.jpg 36w, https:\/\/cearacruz.com.br\/portal\/wp-content\/uploads\/2025\/08\/not_05_04_24_09-2-48x36.jpg 48w, https:\/\/cearacruz.com.br\/portal\/wp-content\/uploads\/2025\/08\/not_05_04_24_09-2.jpg 600w\" sizes=\"(max-width: 300px) 100vw, 300px\" \/><\/a>\n\t\t\t<\/div><\/figure><figure class='gallery-item'>\n\t\t\t<div class='gallery-icon landscape'>\n\t\t\t\t<a href='https:\/\/cearacruz.com.br\/portal\/centro-educacional-de-aracruz-homenageia-os-176-anos-de-aracruz\/not_05_04_24_10-3\/'><img loading=\"lazy\" decoding=\"async\" width=\"300\" height=\"225\" src=\"https:\/\/cearacruz.com.br\/portal\/wp-content\/uploads\/2025\/08\/not_05_04_24_10-2-300x225.jpg\" class=\"attachment-medium size-medium\" alt=\"\" srcset=\"https:\/\/cearacruz.com.br\/portal\/wp-content\/uploads\/2025\/08\/not_05_04_24_10-2-300x225.jpg 300w, https:\/\/cearacruz.com.br\/portal\/wp-content\/uploads\/2025\/08\/not_05_04_24_10-2-24x18.jpg 24w, https:\/\/cearacruz.com.br\/portal\/wp-content\/uploads\/2025\/08\/not_05_04_24_10-2-36x27.jpg 36w, https:\/\/cearacruz.com.br\/portal\/wp-content\/uploads\/2025\/08\/not_05_04_24_10-2-48x36.jpg 48w, https:\/\/cearacruz.com.br\/portal\/wp-content\/uploads\/2025\/08\/not_05_04_24_10-2.jpg 600w\" sizes=\"(max-width: 300px) 100vw, 300px\" \/><\/a>\n\t\t\t<\/div><\/figure>\n\t\t<\/div>\n\n<p>Acrescentou Maulaz: <em>\u201c\u00c9 importante reconhecer e celebrar esses momentos significativos, pois eles contribuem para a forma\u00e7\u00e3o integral dos nossos alunos, promovendo valores como patriotismo, cidadania e pertencimento. Que este evento continue inspirando nossos estudantes a se dedicarem n\u00e3o apenas aos estudos, mas tamb\u00e9m a serem cidad\u00e3os conscientes e comprometidos\u201d.<\/em><\/p>\n<p>O desfile c\u00edvico em comemora\u00e7\u00e3o ao anivers\u00e1rio de Aracruz foi, portanto, mais do que uma simples celebra\u00e7\u00e3o; foi um momento de uni\u00e3o, orgulho e celebra\u00e7\u00e3o da educa\u00e7\u00e3o e da hist\u00f3ria local, demonstrando o compromisso e a dedica\u00e7\u00e3o do Centro Educacional de Aracruz e de toda sua comunidade escolar com o desenvolvimento da cidade e o bem-estar de seus cidad\u00e3os. O desfile evidenciou, ainda, o comprometimento do CEA em proporcionar uma educa\u00e7\u00e3o de excel\u00eancia e promover o desenvolvimento integral de seus alunos.<\/p>\n<p><strong>INFORMA\u00c7\u00d5ES \u00c0 IMPRENSA:<\/strong><strong><br \/>\n<\/strong><strong>Setor de Comunica\u00e7\u00e3o e Marketing \u2013 Alessandro Bitti<\/strong><strong><br \/>\n<\/strong>Tel.: (27) 3302-8000 \u2013 E-mail: comunicacao@fsjb.edu.br \/ alessandro@fsjb.edu.br<\/p>\n","protected":false},"excerpt":{"rendered":"<p>No \u00faltimo dia 03 de abril, Aracruz celebrou com orgulho e emo\u00e7\u00e3o seus 176 anos de emancipa\u00e7\u00e3o pol\u00edtica em um desfile c\u00edvico memor\u00e1vel. O evento, promovido&#8230;<\/p>\n","protected":false},"author":1,"featured_media":28383,"comment_status":"open","ping_status":"open","sticky":false,"template":"","format":"standard","meta":{"om_disable_all_campaigns":false,"_exactmetrics_skip_tracking":false,"_exactmetrics_sitenote_active":false,"_exactmetrics_sitenote_note":"","_exactmetrics_sitenote_category":0,"_monsterinsights_skip_tracking":false,"_monsterinsights_sitenote_active":false,"_monsterinsights_sitenote_note":"","_monsterinsights_sitenote_category":0,"_uf_show_specific_survey":0,"_uf_disable_surveys":false,"footnotes":""},"categories":[7],"tags":[],"class_list":["post-28370","post","type-post","status-publish","format-standard","has-post-thumbnail","hentry","category-cea"],"aioseo_notices":[],"_links":{"self":[{"href":"https:\/\/cearacruz.com.br\/portal\/wp-json\/wp\/v2\/posts\/28370","targetHints":{"allow":["GET"]}}],"collection":[{"href":"https:\/\/cearacruz.com.br\/portal\/wp-json\/wp\/v2\/posts"}],"about":[{"href":"https:\/\/cearacruz.com.br\/portal\/wp-json\/wp\/v2\/types\/post"}],"author":[{"embeddable":true,"href":"https:\/\/cearacruz.com.br\/portal\/wp-json\/wp\/v2\/users\/1"}],"replies":[{"embeddable":true,"href":"https:\/\/cearacruz.com.br\/portal\/wp-json\/wp\/v2\/comments?post=28370"}],"version-history":[{"count":2,"href":"https:\/\/cearacruz.com.br\/portal\/wp-json\/wp\/v2\/posts\/28370\/revisions"}],"predecessor-version":[{"id":28382,"href":"https:\/\/cearacruz.com.br\/portal\/wp-json\/wp\/v2\/posts\/28370\/revisions\/28382"}],"wp:featuredmedia":[{"embeddable":true,"href":"https:\/\/cearacruz.com.br\/portal\/wp-json\/wp\/v2\/media\/28383"}],"wp:attachment":[{"href":"https:\/\/cearacruz.com.br\/portal\/wp-json\/wp\/v2\/media?parent=28370"}],"wp:term":[{"taxonomy":"category","embeddable":true,"href":"https:\/\/cearacruz.com.br\/portal\/wp-json\/wp\/v2\/categories?post=28370"},{"taxonomy":"post_tag","embeddable":true,"href":"https:\/\/cearacruz.com.br\/portal\/wp-json\/wp\/v2\/tags?post=28370"}],"curies":[{"name":"wp","href":"https:\/\/api.w.org\/{rel}","templated":true}]}}