{"id":28343,"date":"2024-04-02T23:01:22","date_gmt":"2024-04-02T23:01:22","guid":{"rendered":"https:\/\/cearacruz.com.br\/portal\/estudantes-do-centro-educacional-de-aracruz-celebram-a-pascoa-com-momentos-de-partilha-e-reflexao\/"},"modified":"2025-08-18T19:59:08","modified_gmt":"2025-08-18T19:59:08","slug":"estudantes-do-centro-educacional-de-aracruz-celebram-a-pascoa-com-momentos-de-partilha-e-reflexao","status":"publish","type":"post","link":"https:\/\/cearacruz.com.br\/portal\/estudantes-do-centro-educacional-de-aracruz-celebram-a-pascoa-com-momentos-de-partilha-e-reflexao\/","title":{"rendered":"Estudantes do Centro Educacional de Aracruz celebram a P\u00e1scoa com momentos de partilha e reflex\u00e3o"},"content":{"rendered":"<figure id=\"attachment_4755\" aria-describedby=\"caption-attachment-4755\" style=\"width: 600px\" class=\"wp-caption aligncenter\"><img fetchpriority=\"high\" decoding=\"async\" class=\"wp-image-4755 size-full\" src=\"https:\/\/cearacruz.com.br\/portal\/wp-content\/uploads\/2025\/08\/not_02_04_24_01-4.jpg\" alt=\"\" width=\"600\" height=\"450\" \/><figcaption id=\"caption-attachment-4755\" class=\"wp-caption-text\">Fotos: Keren Hapuc<\/figcaption><\/figure>\n<p>Na \u00faltima quarta-feira, dia 27 de mar\u00e7o, os estudantes do Ensino Fundamental e M\u00e9dio do <a href=\"http:\/\/www.cearacruz.com.br\/portal\/\" target=\"_blank\" rel=\"noopener noreferrer\"><strong>Centro Educacional de Aracruz (CEA)<\/strong><\/a> participaram de um momento especial de celebra\u00e7\u00e3o em comemora\u00e7\u00e3o \u00e0 <a href=\"https:\/\/brasilescola.uol.com.br\/pascoa\" target=\"_blank\" rel=\"noopener noreferrer\"><strong>P\u00e1scoa.<\/strong><\/a> Sob a organiza\u00e7\u00e3o da equipe pedag\u00f3gica e administrativa da escola, o evento ocorreu tanto no per\u00edodo matutino, quanto no vespertino, na quadra poliesportiva da institui\u00e7\u00e3o.<\/p>\n<p>A celebra\u00e7\u00e3o, marcada por reflex\u00f5es profundas sobre o verdadeiro significado da P\u00e1scoa, teve a participa\u00e7\u00e3o dos professores do Ensino Fundamental e M\u00e9dio, da diretora escolar, professora Adriana Recla Sarcinelli, e das supervisoras escolares, Eleide B. C. Maulaz e Ana Paula Pereira Martins da Silva Bertolini.<\/p>\n<div id='gallery-1' class='gallery galleryid-28343 gallery-columns-3 gallery-size-medium'><figure class='gallery-item'>\n\t\t\t<div class='gallery-icon landscape'>\n\t\t\t\t<a href='https:\/\/cearacruz.com.br\/portal\/estudantes-do-centro-educacional-de-aracruz-celebram-a-pascoa-com-momentos-de-partilha-e-reflexao\/not_02_04_24_02-5\/'><img decoding=\"async\" width=\"300\" height=\"225\" src=\"https:\/\/cearacruz.com.br\/portal\/wp-content\/uploads\/2025\/08\/not_02_04_24_02-4-300x225.jpg\" class=\"attachment-medium size-medium\" alt=\"\" srcset=\"https:\/\/cearacruz.com.br\/portal\/wp-content\/uploads\/2025\/08\/not_02_04_24_02-4-300x225.jpg 300w, https:\/\/cearacruz.com.br\/portal\/wp-content\/uploads\/2025\/08\/not_02_04_24_02-4-24x18.jpg 24w, https:\/\/cearacruz.com.br\/portal\/wp-content\/uploads\/2025\/08\/not_02_04_24_02-4-36x27.jpg 36w, https:\/\/cearacruz.com.br\/portal\/wp-content\/uploads\/2025\/08\/not_02_04_24_02-4-48x36.jpg 48w, https:\/\/cearacruz.com.br\/portal\/wp-content\/uploads\/2025\/08\/not_02_04_24_02-4.jpg 600w\" sizes=\"(max-width: 300px) 100vw, 300px\" \/><\/a>\n\t\t\t<\/div><\/figure><figure class='gallery-item'>\n\t\t\t<div class='gallery-icon landscape'>\n\t\t\t\t<a href='https:\/\/cearacruz.com.br\/portal\/estudantes-do-centro-educacional-de-aracruz-celebram-a-pascoa-com-momentos-de-partilha-e-reflexao\/not_02_04_24_03-5\/'><img decoding=\"async\" width=\"300\" height=\"225\" src=\"https:\/\/cearacruz.com.br\/portal\/wp-content\/uploads\/2025\/08\/not_02_04_24_03-4-300x225.jpg\" class=\"attachment-medium size-medium\" alt=\"\" srcset=\"https:\/\/cearacruz.com.br\/portal\/wp-content\/uploads\/2025\/08\/not_02_04_24_03-4-300x225.jpg 300w, https:\/\/cearacruz.com.br\/portal\/wp-content\/uploads\/2025\/08\/not_02_04_24_03-4-24x18.jpg 24w, https:\/\/cearacruz.com.br\/portal\/wp-content\/uploads\/2025\/08\/not_02_04_24_03-4-36x27.jpg 36w, https:\/\/cearacruz.com.br\/portal\/wp-content\/uploads\/2025\/08\/not_02_04_24_03-4-48x36.jpg 48w, https:\/\/cearacruz.com.br\/portal\/wp-content\/uploads\/2025\/08\/not_02_04_24_03-4.jpg 600w\" sizes=\"(max-width: 300px) 100vw, 300px\" \/><\/a>\n\t\t\t<\/div><\/figure><figure class='gallery-item'>\n\t\t\t<div class='gallery-icon landscape'>\n\t\t\t\t<a href='https:\/\/cearacruz.com.br\/portal\/estudantes-do-centro-educacional-de-aracruz-celebram-a-pascoa-com-momentos-de-partilha-e-reflexao\/not_02_04_24_04-3\/'><img loading=\"lazy\" decoding=\"async\" width=\"300\" height=\"225\" src=\"https:\/\/cearacruz.com.br\/portal\/wp-content\/uploads\/2025\/08\/not_02_04_24_04-2-300x225.jpg\" class=\"attachment-medium size-medium\" alt=\"\" srcset=\"https:\/\/cearacruz.com.br\/portal\/wp-content\/uploads\/2025\/08\/not_02_04_24_04-2-300x225.jpg 300w, https:\/\/cearacruz.com.br\/portal\/wp-content\/uploads\/2025\/08\/not_02_04_24_04-2-24x18.jpg 24w, https:\/\/cearacruz.com.br\/portal\/wp-content\/uploads\/2025\/08\/not_02_04_24_04-2-36x27.jpg 36w, https:\/\/cearacruz.com.br\/portal\/wp-content\/uploads\/2025\/08\/not_02_04_24_04-2-48x36.jpg 48w, https:\/\/cearacruz.com.br\/portal\/wp-content\/uploads\/2025\/08\/not_02_04_24_04-2.jpg 600w\" sizes=\"(max-width: 300px) 100vw, 300px\" \/><\/a>\n\t\t\t<\/div><\/figure>\n\t\t<\/div>\n\n<p>Durante o evento, os presentes foram convidados a refletir sobre os valores essenciais associados \u00e0 P\u00e1scoa, como a partilha e a renova\u00e7\u00e3o da vida. A diretora Adriana destacou a import\u00e2ncia de compreender o verdadeiro significado da Semana Santa, enfatizando que tais valores transcendem as barreiras religiosas, sendo relevantes para todos, independente de sua cren\u00e7a.<\/p>\n<p><em>\u201cP\u00e1scoa \u00e9 dizer sim ao amor e \u00e0 vida; \u00e9 investir na fraternidade, \u00e9 lutar por um mundo melhor, \u00e9 vivenciar a solidariedade. Por isso, estamos realizando no CEA um momento de partilha, com muito amor fraterno. Esse \u00e9 um momento para refletirmos sobre a P\u00e1scoa e o seu significado para cada um de n\u00f3s e para nossa fam\u00edlia\u201d,<\/em> expressou a diretora durante o momento de reflex\u00e3o.<\/p>\n<div id='gallery-2' class='gallery galleryid-28343 gallery-columns-3 gallery-size-medium'><figure class='gallery-item'>\n\t\t\t<div class='gallery-icon landscape'>\n\t\t\t\t<a href='https:\/\/cearacruz.com.br\/portal\/estudantes-do-centro-educacional-de-aracruz-celebram-a-pascoa-com-momentos-de-partilha-e-reflexao\/not_02_04_24_05-3\/'><img loading=\"lazy\" decoding=\"async\" width=\"300\" height=\"225\" src=\"https:\/\/cearacruz.com.br\/portal\/wp-content\/uploads\/2025\/08\/not_02_04_24_05-2-300x225.jpg\" class=\"attachment-medium size-medium\" alt=\"\" srcset=\"https:\/\/cearacruz.com.br\/portal\/wp-content\/uploads\/2025\/08\/not_02_04_24_05-2-300x225.jpg 300w, https:\/\/cearacruz.com.br\/portal\/wp-content\/uploads\/2025\/08\/not_02_04_24_05-2-24x18.jpg 24w, https:\/\/cearacruz.com.br\/portal\/wp-content\/uploads\/2025\/08\/not_02_04_24_05-2-36x27.jpg 36w, https:\/\/cearacruz.com.br\/portal\/wp-content\/uploads\/2025\/08\/not_02_04_24_05-2-48x36.jpg 48w, https:\/\/cearacruz.com.br\/portal\/wp-content\/uploads\/2025\/08\/not_02_04_24_05-2.jpg 600w\" sizes=\"(max-width: 300px) 100vw, 300px\" \/><\/a>\n\t\t\t<\/div><\/figure><figure class='gallery-item'>\n\t\t\t<div class='gallery-icon landscape'>\n\t\t\t\t<a href='https:\/\/cearacruz.com.br\/portal\/estudantes-do-centro-educacional-de-aracruz-celebram-a-pascoa-com-momentos-de-partilha-e-reflexao\/not_02_04_24_06-3\/'><img loading=\"lazy\" decoding=\"async\" width=\"300\" height=\"225\" src=\"https:\/\/cearacruz.com.br\/portal\/wp-content\/uploads\/2025\/08\/not_02_04_24_06-2-300x225.jpg\" class=\"attachment-medium size-medium\" alt=\"\" srcset=\"https:\/\/cearacruz.com.br\/portal\/wp-content\/uploads\/2025\/08\/not_02_04_24_06-2-300x225.jpg 300w, https:\/\/cearacruz.com.br\/portal\/wp-content\/uploads\/2025\/08\/not_02_04_24_06-2-24x18.jpg 24w, https:\/\/cearacruz.com.br\/portal\/wp-content\/uploads\/2025\/08\/not_02_04_24_06-2-36x27.jpg 36w, https:\/\/cearacruz.com.br\/portal\/wp-content\/uploads\/2025\/08\/not_02_04_24_06-2-48x36.jpg 48w, https:\/\/cearacruz.com.br\/portal\/wp-content\/uploads\/2025\/08\/not_02_04_24_06-2.jpg 600w\" sizes=\"(max-width: 300px) 100vw, 300px\" \/><\/a>\n\t\t\t<\/div><\/figure><figure class='gallery-item'>\n\t\t\t<div class='gallery-icon landscape'>\n\t\t\t\t<a href='https:\/\/cearacruz.com.br\/portal\/estudantes-do-centro-educacional-de-aracruz-celebram-a-pascoa-com-momentos-de-partilha-e-reflexao\/not_02_04_24_07-3\/'><img loading=\"lazy\" decoding=\"async\" width=\"300\" height=\"225\" src=\"https:\/\/cearacruz.com.br\/portal\/wp-content\/uploads\/2025\/08\/not_02_04_24_07-2-300x225.jpg\" class=\"attachment-medium size-medium\" alt=\"\" srcset=\"https:\/\/cearacruz.com.br\/portal\/wp-content\/uploads\/2025\/08\/not_02_04_24_07-2-300x225.jpg 300w, https:\/\/cearacruz.com.br\/portal\/wp-content\/uploads\/2025\/08\/not_02_04_24_07-2-24x18.jpg 24w, https:\/\/cearacruz.com.br\/portal\/wp-content\/uploads\/2025\/08\/not_02_04_24_07-2-36x27.jpg 36w, https:\/\/cearacruz.com.br\/portal\/wp-content\/uploads\/2025\/08\/not_02_04_24_07-2-48x36.jpg 48w, https:\/\/cearacruz.com.br\/portal\/wp-content\/uploads\/2025\/08\/not_02_04_24_07-2.jpg 600w\" sizes=\"(max-width: 300px) 100vw, 300px\" \/><\/a>\n\t\t\t<\/div><\/figure>\n\t\t<\/div>\n\n<p>Ap\u00f3s as reflex\u00f5es, os professores e a equipe pedag\u00f3gica distribu\u00edram p\u00e3es, sucos e uvas para os estudantes, simbolizando a Santa Ceia do Senhor realizada por Cristo com os ap\u00f3stolos. A distribui\u00e7\u00e3o ocorreu em etapas, iniciando-se com os alunos do Bloco \u201cA\u201d, do 1\u00ba ao 7\u00ba Ano \u201cB\u201d do Ensino Fundamental, acompanhados de seus professores regentes. Em seguida, os estudantes do Bloco \u201cB\u201d, do 7\u00ba Ano \u201cC\u201d do Ensino Fundamental at\u00e9 a 3\u00aa S\u00e9rie do Ensino M\u00e9dio. No turno vespertino, participaram os alunos do 1\u00ba ao 6\u00ba Ano do Ensino Fundamental.<\/p>\n<div id='gallery-3' class='gallery galleryid-28343 gallery-columns-3 gallery-size-medium'><figure class='gallery-item'>\n\t\t\t<div class='gallery-icon landscape'>\n\t\t\t\t<a href='https:\/\/cearacruz.com.br\/portal\/estudantes-do-centro-educacional-de-aracruz-celebram-a-pascoa-com-momentos-de-partilha-e-reflexao\/not_02_04_24_08-3\/'><img loading=\"lazy\" decoding=\"async\" width=\"300\" height=\"225\" src=\"https:\/\/cearacruz.com.br\/portal\/wp-content\/uploads\/2025\/08\/not_02_04_24_08-2-300x225.jpg\" class=\"attachment-medium size-medium\" alt=\"\" srcset=\"https:\/\/cearacruz.com.br\/portal\/wp-content\/uploads\/2025\/08\/not_02_04_24_08-2-300x225.jpg 300w, https:\/\/cearacruz.com.br\/portal\/wp-content\/uploads\/2025\/08\/not_02_04_24_08-2-24x18.jpg 24w, https:\/\/cearacruz.com.br\/portal\/wp-content\/uploads\/2025\/08\/not_02_04_24_08-2-36x27.jpg 36w, https:\/\/cearacruz.com.br\/portal\/wp-content\/uploads\/2025\/08\/not_02_04_24_08-2-48x36.jpg 48w, https:\/\/cearacruz.com.br\/portal\/wp-content\/uploads\/2025\/08\/not_02_04_24_08-2.jpg 600w\" sizes=\"(max-width: 300px) 100vw, 300px\" \/><\/a>\n\t\t\t<\/div><\/figure><figure class='gallery-item'>\n\t\t\t<div class='gallery-icon landscape'>\n\t\t\t\t<a href='https:\/\/cearacruz.com.br\/portal\/estudantes-do-centro-educacional-de-aracruz-celebram-a-pascoa-com-momentos-de-partilha-e-reflexao\/not_02_04_24_09-3\/'><img loading=\"lazy\" decoding=\"async\" width=\"300\" height=\"225\" src=\"https:\/\/cearacruz.com.br\/portal\/wp-content\/uploads\/2025\/08\/not_02_04_24_09-2-300x225.jpg\" class=\"attachment-medium size-medium\" alt=\"\" srcset=\"https:\/\/cearacruz.com.br\/portal\/wp-content\/uploads\/2025\/08\/not_02_04_24_09-2-300x225.jpg 300w, https:\/\/cearacruz.com.br\/portal\/wp-content\/uploads\/2025\/08\/not_02_04_24_09-2-24x18.jpg 24w, https:\/\/cearacruz.com.br\/portal\/wp-content\/uploads\/2025\/08\/not_02_04_24_09-2-36x27.jpg 36w, https:\/\/cearacruz.com.br\/portal\/wp-content\/uploads\/2025\/08\/not_02_04_24_09-2-48x36.jpg 48w, https:\/\/cearacruz.com.br\/portal\/wp-content\/uploads\/2025\/08\/not_02_04_24_09-2.jpg 600w\" sizes=\"(max-width: 300px) 100vw, 300px\" \/><\/a>\n\t\t\t<\/div><\/figure><figure class='gallery-item'>\n\t\t\t<div class='gallery-icon landscape'>\n\t\t\t\t<a href='https:\/\/cearacruz.com.br\/portal\/estudantes-do-centro-educacional-de-aracruz-celebram-a-pascoa-com-momentos-de-partilha-e-reflexao\/not_02_04_24_10-3\/'><img loading=\"lazy\" decoding=\"async\" width=\"300\" height=\"225\" src=\"https:\/\/cearacruz.com.br\/portal\/wp-content\/uploads\/2025\/08\/not_02_04_24_10-2-300x225.jpg\" class=\"attachment-medium size-medium\" alt=\"\" srcset=\"https:\/\/cearacruz.com.br\/portal\/wp-content\/uploads\/2025\/08\/not_02_04_24_10-2-300x225.jpg 300w, https:\/\/cearacruz.com.br\/portal\/wp-content\/uploads\/2025\/08\/not_02_04_24_10-2-24x18.jpg 24w, https:\/\/cearacruz.com.br\/portal\/wp-content\/uploads\/2025\/08\/not_02_04_24_10-2-36x27.jpg 36w, https:\/\/cearacruz.com.br\/portal\/wp-content\/uploads\/2025\/08\/not_02_04_24_10-2-48x36.jpg 48w, https:\/\/cearacruz.com.br\/portal\/wp-content\/uploads\/2025\/08\/not_02_04_24_10-2.jpg 600w\" sizes=\"(max-width: 300px) 100vw, 300px\" \/><\/a>\n\t\t\t<\/div><\/figure>\n\t\t<\/div>\n\n<p>Essa celebra\u00e7\u00e3o na escola n\u00e3o apenas fortaleceu os la\u00e7os comunit\u00e1rios no CEA, mas tamb\u00e9m proporcionou aos estudantes uma oportunidade valiosa de reflex\u00e3o e viv\u00eancia dos valores essenciais associados \u00e0 P\u00e1scoa, promovendo um ambiente de respeito, solidariedade e compreens\u00e3o m\u00fatua entre todos os membros da comunidade escolar do Centro Educacional de Aracruz.<\/p>\n<p><strong>INFORMA\u00c7\u00d5ES \u00c0 IMPRENSA:<\/strong><strong><br \/>\n<\/strong><strong>Setor de Comunica\u00e7\u00e3o e Marketing \u2013 Alessandro Bitti<\/strong><strong><br \/>\n<\/strong>Tel.: (27) 3302-8000 \u2013 E-mail: comunicacao@fsjb.edu.br \/ alessandro@fsjb.edu.br<\/p>\n","protected":false},"excerpt":{"rendered":"<p>Na \u00faltima quarta-feira, dia 27 de mar\u00e7o, os estudantes do Ensino Fundamental e M\u00e9dio do Centro&#8230;<\/p>\n","protected":false},"author":1,"featured_media":28356,"comment_status":"open","ping_status":"open","sticky":false,"template":"","format":"standard","meta":{"om_disable_all_campaigns":false,"_exactmetrics_skip_tracking":false,"_exactmetrics_sitenote_active":false,"_exactmetrics_sitenote_note":"","_exactmetrics_sitenote_category":0,"_monsterinsights_skip_tracking":false,"_monsterinsights_sitenote_active":false,"_monsterinsights_sitenote_note":"","_monsterinsights_sitenote_category":0,"_uf_show_specific_survey":0,"_uf_disable_surveys":false,"footnotes":""},"categories":[7],"tags":[],"class_list":["post-28343","post","type-post","status-publish","format-standard","has-post-thumbnail","hentry","category-cea"],"aioseo_notices":[],"_links":{"self":[{"href":"https:\/\/cearacruz.com.br\/portal\/wp-json\/wp\/v2\/posts\/28343","targetHints":{"allow":["GET"]}}],"collection":[{"href":"https:\/\/cearacruz.com.br\/portal\/wp-json\/wp\/v2\/posts"}],"about":[{"href":"https:\/\/cearacruz.com.br\/portal\/wp-json\/wp\/v2\/types\/post"}],"author":[{"embeddable":true,"href":"https:\/\/cearacruz.com.br\/portal\/wp-json\/wp\/v2\/users\/1"}],"replies":[{"embeddable":true,"href":"https:\/\/cearacruz.com.br\/portal\/wp-json\/wp\/v2\/comments?post=28343"}],"version-history":[{"count":2,"href":"https:\/\/cearacruz.com.br\/portal\/wp-json\/wp\/v2\/posts\/28343\/revisions"}],"predecessor-version":[{"id":28355,"href":"https:\/\/cearacruz.com.br\/portal\/wp-json\/wp\/v2\/posts\/28343\/revisions\/28355"}],"wp:featuredmedia":[{"embeddable":true,"href":"https:\/\/cearacruz.com.br\/portal\/wp-json\/wp\/v2\/media\/28356"}],"wp:attachment":[{"href":"https:\/\/cearacruz.com.br\/portal\/wp-json\/wp\/v2\/media?parent=28343"}],"wp:term":[{"taxonomy":"category","embeddable":true,"href":"https:\/\/cearacruz.com.br\/portal\/wp-json\/wp\/v2\/categories?post=28343"},{"taxonomy":"post_tag","embeddable":true,"href":"https:\/\/cearacruz.com.br\/portal\/wp-json\/wp\/v2\/tags?post=28343"}],"curies":[{"name":"wp","href":"https:\/\/api.w.org\/{rel}","templated":true}]}}