{"id":28329,"date":"2024-03-27T19:32:20","date_gmt":"2024-03-27T19:32:20","guid":{"rendered":"https:\/\/cearacruz.com.br\/portal\/semana-escolar-de-combate-a-violencia-contra-a-mulher-promove-reflexao-e-conscientizacao-no-centro-educacional-de-aracruz\/"},"modified":"2025-08-18T19:59:07","modified_gmt":"2025-08-18T19:59:07","slug":"semana-escolar-de-combate-a-violencia-contra-a-mulher-promove-reflexao-e-conscientizacao-no-centro-educacional-de-aracruz","status":"publish","type":"post","link":"https:\/\/cearacruz.com.br\/portal\/semana-escolar-de-combate-a-violencia-contra-a-mulher-promove-reflexao-e-conscientizacao-no-centro-educacional-de-aracruz\/","title":{"rendered":"\u201cSemana Escolar de Combate \u00e0 Viol\u00eancia Contra a Mulher\u201d promove reflex\u00e3o e conscientiza\u00e7\u00e3o no Centro Educacional de Aracruz"},"content":{"rendered":"<figure id=\"attachment_4741\" aria-describedby=\"caption-attachment-4741\" style=\"width: 600px\" class=\"wp-caption aligncenter\"><img fetchpriority=\"high\" decoding=\"async\" class=\"wp-image-4741 size-full\" src=\"https:\/\/cearacruz.com.br\/portal\/wp-content\/uploads\/2025\/08\/not_27_03_24_01-2.jpg\" alt=\"\" width=\"600\" height=\"450\" \/><figcaption id=\"caption-attachment-4741\" class=\"wp-caption-text\">Uma iniciativa inovadora e educativa para conscientizar os alunos sobre a import\u00e2ncia do respeito e da igualdade de g\u00eanero. Fotos: Divulga\u00e7\u00e3o<\/figcaption><\/figure>\n<p>De 14 a 20 de mar\u00e7o, o <a href=\"http:\/\/www.cearacruz.com.br\/portal\/\" target=\"_blank\" rel=\"noopener noreferrer\"><strong>Centro Educacional de Aracruz (CEA)<\/strong><\/a> esteve engajado em uma importante iniciativa: a \u201cSemana Escolar de Combate \u00e0 Viol\u00eancia Contra a Mulher\u201d. Destinada aos alunos do 1\u00ba ao 9\u00ba Ano do Ensino Fundamental e aos estudantes da 1\u00aa a 3\u00aa S\u00e9rie do Ensino M\u00e9dio, tanto no per\u00edodo matutino quanto vespertino, a programa\u00e7\u00e3o intensa e variada buscou promover reflex\u00f5es sobre o papel da mulher na sociedade e os diversos tipos de viol\u00eancia que podem ser praticados contra elas.<\/p>\n<p><img decoding=\"async\" class=\"aligncenter wp-image-4742 size-full\" src=\"https:\/\/cearacruz.com.br\/portal\/wp-content\/uploads\/2025\/08\/not_27_03_24_02-2.jpg\" alt=\"\" width=\"600\" height=\"450\" \/><\/p>\n<p>O evento contou com a participa\u00e7\u00e3o especial de docentes das <a href=\"http:\/\/www.faacz.com.br\/portal\/\" target=\"_blank\" rel=\"noopener noreferrer\"><strong>Faculdades Integradas de Aracruz (FAACZ)<\/strong><\/a> e de especialista na \u00e1rea de seguran\u00e7a p\u00fablica feminina e infantil, que contribu\u00edram significativamente para enriquecer as discuss\u00f5es e atividades propostas, proporcionando aos alunos uma vis\u00e3o ampla e esclarecedora sobre o tema.<\/p>\n<p><img decoding=\"async\" class=\"aligncenter wp-image-4743 size-full\" src=\"https:\/\/cearacruz.com.br\/portal\/wp-content\/uploads\/2025\/08\/not_27_03_24_03-2.jpg\" alt=\"\" width=\"600\" height=\"450\" \/><\/p>\n<p>A diretora escolar do CEA, prof.\u00aa Adriana Recla Sarcinelli, destacou a import\u00e2ncia do evento, ressaltando que a \u201cSemana Escolar de Combate \u00e0 Viol\u00eancia Contra a Mulher\u201d j\u00e1 faz parte do calend\u00e1rio escolar da institui\u00e7\u00e3o, sendo realizada anualmente em mar\u00e7o, conforme estabelecido pela Lei 14.164\/2021. <em>\u201cEsse tema desempenha um papel crucial na conscientiza\u00e7\u00e3o e preven\u00e7\u00e3o da viol\u00eancia contra a mulher, oferecendo aos alunos a oportunidade de se informarem sobre os diferentes tipos de viol\u00eancia enfrentados por elas\u201d,<\/em> explicou a prof.\u00aa Adriana Recla.<\/p>\n<p><img loading=\"lazy\" decoding=\"async\" class=\"aligncenter wp-image-4744 size-full\" src=\"https:\/\/cearacruz.com.br\/portal\/wp-content\/uploads\/2025\/08\/not_27_03_24_04-2.jpg\" alt=\"\" width=\"600\" height=\"450\" \/><\/p>\n<p>Durante a semana, os estudantes do Ensino Fundamental e M\u00e9dio foram envolvidos em atividades espec\u00edficas de acordo com suas faixas et\u00e1rias e n\u00edveis de ensino. Os alunos do 1\u00ba ao 5\u00ba Ano do Ensino Fundamental participaram de din\u00e2micas voltadas para atitudes de carinho e respeito, oficinas de desenhos sobre o tema e assistiram a v\u00eddeos educativos, etc. Ap\u00f3s as atividades, tiveram momentos de reflex\u00e3o com os professores regentes das turmas, a fim de refletir sobre o conte\u00fado apresentado.<\/p>\n<p><img loading=\"lazy\" decoding=\"async\" class=\"aligncenter wp-image-4745 size-full\" src=\"https:\/\/cearacruz.com.br\/portal\/wp-content\/uploads\/2025\/08\/not_27_03_24_05-2.jpg\" alt=\"\" width=\"600\" height=\"450\" \/><\/p>\n<p>No dia 15 de mar\u00e7o, os estudantes do 3\u00ba ao 6\u00ba Ano do Ensino Fundamental receberam a visita da coordenadora do <a href=\"http:\/\/www.faacz.com.br\/portal\/graduacao\/cursos\/psicologia\/\" target=\"_blank\" rel=\"noopener noreferrer\"><strong>curso de Psicologia da FAACZ,<\/strong><\/a> prof.\u00aa St\u00e9fani Martins e tr\u00eas universit\u00e1rias da \u00e1rea, que conduziram um bate-papo esclarecedor sobre os diferentes tipos de viol\u00eancia contra a mulher, como identific\u00e1-los e preveni-los. Al\u00e9m disso, uma viv\u00eancia foi realizada para promover uma cultura de paz, destacando a import\u00e2ncia do respeito m\u00fatuo.<\/p>\n<p><img loading=\"lazy\" decoding=\"async\" class=\"aligncenter wp-image-4746 size-full\" src=\"https:\/\/cearacruz.com.br\/portal\/wp-content\/uploads\/2025\/08\/not_27_03_24_06-2.jpg\" alt=\"\" width=\"600\" height=\"450\" \/><\/p>\n<p>J\u00e1 nos dias 18 e 19 de mar\u00e7o, a iniciativa se estendeu aos alunos do 6\u00ba e 7\u00ba Ano do Ensino Fundamental. No audit\u00f3rio da institui\u00e7\u00e3o de ensino, a professora St\u00e9fani Martins e as estudantes de Psicologia da FAACZ promoveram uma roda de conversa sobre a mesma tem\u00e1tica. O intuito foi sensibilizar os estudantes, n\u00e3o apenas sobre a gravidade da viol\u00eancia contra a mulher, mas tamb\u00e9m sobre a necessidade urgente de respeitar os direitos fundamentais das mulheres.<\/p>\n<p><img loading=\"lazy\" decoding=\"async\" class=\"aligncenter wp-image-4747 size-full\" src=\"https:\/\/cearacruz.com.br\/portal\/wp-content\/uploads\/2025\/08\/not_27_03_24_07-2.jpg\" alt=\"\" width=\"600\" height=\"450\" \/><\/p>\n<p>A coordenadora do curso de Psicologia ressaltou a relev\u00e2ncia de abordar o tema desde cedo, visando sensibilizar os alunos sobre a igualdade de g\u00eanero e a n\u00e3o-viol\u00eancia. <em>\u201cAo trabalhar a conscientiza\u00e7\u00e3o e preven\u00e7\u00e3o desde a inf\u00e2ncia, as crian\u00e7as aprendem sobre o respeito, a igualdade e contribuem para a constru\u00e7\u00e3o de uma sociedade mais justa\u201d, <\/em>enfatizou a prof.\u00aa St\u00e9fani, ressaltando a relev\u00e2ncia dessa sensibiliza\u00e7\u00e3o, especialmente no contexto do <a href=\"https:\/\/www.bbc.com\/portuguese\/articles\/cjmx1z4k797o\" target=\"_blank\" rel=\"noopener noreferrer\"><strong>Dia Internacional da Mulher<\/strong>,<\/a> momento de reafirmar a luta por equidade de direitos.<\/p>\n<p><img loading=\"lazy\" decoding=\"async\" class=\"aligncenter wp-image-4748 size-full\" src=\"https:\/\/cearacruz.com.br\/portal\/wp-content\/uploads\/2025\/08\/not_27_03_24_08-2.jpg\" alt=\"\" width=\"600\" height=\"450\" \/><\/p>\n<p>No dia 19 de mar\u00e7o, foi a vez dos estudantes da 2\u00aa e 3\u00aa S\u00e9rie do Ensino M\u00e9dio dialogarem com a delegada de pol\u00edcia do Esp\u00edrito Santo, Dra. Amanda da Silva Barbosa, que atua tamb\u00e9m na Delegacia Especializada de Atendimento \u00e0 Mulher (DEAM) e na Delegacia de Prote\u00e7\u00e3o \u00e0 Crian\u00e7a, ao Adolescente e ao Idoso (DPCAI) de Aracruz (ES). A delegada compartilhou sua experi\u00eancia e conhecimento sobre viol\u00eancia de g\u00eanero e dom\u00e9stica, apresentando diferentes tipos de viol\u00eancias e suas consequ\u00eancias para as mulheres.<\/p>\n<p><img loading=\"lazy\" decoding=\"async\" class=\"aligncenter wp-image-4749 size-full\" src=\"https:\/\/cearacruz.com.br\/portal\/wp-content\/uploads\/2025\/08\/not_27_03_24_09-2.jpg\" alt=\"\" width=\"600\" height=\"450\" \/><\/p>\n<p>Encerrando o evento, no dia 20 de mar\u00e7o, os alunos do 8\u00ba e 9\u00ba Ano do Ensino Fundamental e da 1\u00aa S\u00e9rie do Ensino M\u00e9dio receberam orienta\u00e7\u00f5es sobre a <a href=\"https:\/\/www12.senado.leg.br\/noticias\/entenda-o-assunto\/lei-maria-da-penha\" target=\"_blank\" rel=\"noopener noreferrer\"><strong>Lei Maria da Penha,<\/strong><\/a> que visa proteger as mulheres da viol\u00eancia dom\u00e9stica e familiar, ministradas pelos docentes do <a href=\"http:\/\/www.faacz.com.br\/portal\/graduacao\/cursos\/curso-de-direito\/\" target=\"_blank\" rel=\"noopener noreferrer\"><strong>curso de Direito da FAACZ<\/strong>:<\/a> Brenda Valente, Ronaldo F\u00e9lix e Hor\u00e1cio Ferreira, este \u00faltimo tamb\u00e9m coordenador do curso de Direito. Foram abordados os diferentes tipos de viol\u00eancia, medidas protetivas de urg\u00eancia e os fatores que dificultam a sa\u00edda de uma rela\u00e7\u00e3o violenta, como a depend\u00eancia emocional e econ\u00f4mica, dentre outros assuntos.<\/p>\n<p><img loading=\"lazy\" decoding=\"async\" class=\"aligncenter wp-image-4750 size-full\" src=\"https:\/\/cearacruz.com.br\/portal\/wp-content\/uploads\/2025\/08\/not_27_03_24_10-2.jpg\" alt=\"\" width=\"600\" height=\"450\" \/><\/p>\n<p>A iniciativa do Centro Educacional de Aracruz visa n\u00e3o apenas informar, mas tamb\u00e9m inspirar uma mudan\u00e7a de mentalidade e comportamento nos estudantes do Ensino Fundamental e M\u00e9dio, contribuindo para a constru\u00e7\u00e3o de uma sociedade mais justa e igualit\u00e1ria, onde todos possam desfrutar de seus direitos fundamentais com dignidade e respeito m\u00fatuo. O evento refor\u00e7a a import\u00e2ncia da educa\u00e7\u00e3o como ferramenta fundamental na luta contra a viol\u00eancia de g\u00eanero e no fortalecimento dos direitos das mulheres.<\/p>\n<p><strong>INFORMA\u00c7\u00d5ES \u00c0 IMPRENSA:<\/strong><strong><br \/>\n<\/strong><strong>Setor de Comunica\u00e7\u00e3o e Marketing \u2013 Alessandro Bitti<\/strong><strong><br \/>\n<\/strong>Tel.: (27) 3302-8000 \u2013 E-mail: comunicacao@fsjb.edu.br \/ alessandro@fsjb.edu.br<\/p>\n","protected":false},"excerpt":{"rendered":"<p>De 14 a 20 de mar\u00e7o, o Centro Educacional de Aracruz (CEA) esteve engajado em uma importante&#8230;<\/p>\n","protected":false},"author":1,"featured_media":28341,"comment_status":"open","ping_status":"open","sticky":false,"template":"","format":"standard","meta":{"om_disable_all_campaigns":false,"_exactmetrics_skip_tracking":false,"_exactmetrics_sitenote_active":false,"_exactmetrics_sitenote_note":"","_exactmetrics_sitenote_category":0,"_monsterinsights_skip_tracking":false,"_monsterinsights_sitenote_active":false,"_monsterinsights_sitenote_note":"","_monsterinsights_sitenote_category":0,"_uf_show_specific_survey":0,"_uf_disable_surveys":false,"footnotes":""},"categories":[7],"tags":[],"class_list":["post-28329","post","type-post","status-publish","format-standard","has-post-thumbnail","hentry","category-cea"],"aioseo_notices":[],"_links":{"self":[{"href":"https:\/\/cearacruz.com.br\/portal\/wp-json\/wp\/v2\/posts\/28329","targetHints":{"allow":["GET"]}}],"collection":[{"href":"https:\/\/cearacruz.com.br\/portal\/wp-json\/wp\/v2\/posts"}],"about":[{"href":"https:\/\/cearacruz.com.br\/portal\/wp-json\/wp\/v2\/types\/post"}],"author":[{"embeddable":true,"href":"https:\/\/cearacruz.com.br\/portal\/wp-json\/wp\/v2\/users\/1"}],"replies":[{"embeddable":true,"href":"https:\/\/cearacruz.com.br\/portal\/wp-json\/wp\/v2\/comments?post=28329"}],"version-history":[{"count":1,"href":"https:\/\/cearacruz.com.br\/portal\/wp-json\/wp\/v2\/posts\/28329\/revisions"}],"predecessor-version":[{"id":28340,"href":"https:\/\/cearacruz.com.br\/portal\/wp-json\/wp\/v2\/posts\/28329\/revisions\/28340"}],"wp:featuredmedia":[{"embeddable":true,"href":"https:\/\/cearacruz.com.br\/portal\/wp-json\/wp\/v2\/media\/28341"}],"wp:attachment":[{"href":"https:\/\/cearacruz.com.br\/portal\/wp-json\/wp\/v2\/media?parent=28329"}],"wp:term":[{"taxonomy":"category","embeddable":true,"href":"https:\/\/cearacruz.com.br\/portal\/wp-json\/wp\/v2\/categories?post=28329"},{"taxonomy":"post_tag","embeddable":true,"href":"https:\/\/cearacruz.com.br\/portal\/wp-json\/wp\/v2\/tags?post=28329"}],"curies":[{"name":"wp","href":"https:\/\/api.w.org\/{rel}","templated":true}]}}