{"id":28248,"date":"2024-03-15T14:22:31","date_gmt":"2024-03-15T14:22:31","guid":{"rendered":"https:\/\/cearacruz.com.br\/portal\/centro-educacional-de-aracruz-renova-acervo-da-biblioteca-maria-luiza-devens-com-aquisicao-de-novos-livros\/"},"modified":"2025-08-18T19:58:55","modified_gmt":"2025-08-18T19:58:55","slug":"centro-educacional-de-aracruz-renova-acervo-da-biblioteca-maria-luiza-devens-com-aquisicao-de-novos-livros","status":"publish","type":"post","link":"https:\/\/cearacruz.com.br\/portal\/centro-educacional-de-aracruz-renova-acervo-da-biblioteca-maria-luiza-devens-com-aquisicao-de-novos-livros\/","title":{"rendered":"Centro Educacional de Aracruz renova acervo da Biblioteca \u201cMaria Luiza Devens\u201d com aquisi\u00e7\u00e3o de novos livros"},"content":{"rendered":"<figure id=\"attachment_4661\" aria-describedby=\"caption-attachment-4661\" style=\"width: 600px\" class=\"wp-caption aligncenter\"><img fetchpriority=\"high\" decoding=\"async\" class=\"wp-image-4661 size-full\" src=\"https:\/\/cearacruz.com.br\/portal\/wp-content\/uploads\/2025\/08\/not_15_03_24_01-2.jpg\" alt=\"\" width=\"600\" height=\"450\" \/><figcaption id=\"caption-attachment-4661\" class=\"wp-caption-text\">Fotos: Alessandro Bitti<\/figcaption><\/figure>\n<p>Em uma iniciativa para fortalecer ainda mais as pr\u00e1ticas de leitura e incentivar o h\u00e1bito entre os estudantes, o <a href=\"http:\/\/www.cearacruz.com.br\/portal\/\" target=\"_blank\" rel=\"noopener noreferrer\"><strong>Centro Educacional de Aracruz (CEA),<\/strong><\/a> por meio da sua mantenedora, a <a href=\"http:\/\/fsjb.edu.br\/portal\/\" target=\"_blank\" rel=\"noopener noreferrer\"><strong>Funda\u00e7\u00e3o S\u00e3o Jo\u00e3o Batista (FSJB),<\/strong><\/a> adquiriu 126 novos livros para a Biblioteca \u201cMaria Luiza Devens\u201d. Essas novas obras ser\u00e3o um recurso valioso para os alunos do 1\u00ba ao 9\u00ba Ano do Ensino Fundamental do CEA, proporcionando uma experi\u00eancia enriquecedora de leitura.<\/p>\n<p>Todas as obras escolhidas, voltadas para o p\u00fablico infanto-juvenil, foram selecionadas a partir de sugest\u00f5es da equipe pedag\u00f3gica do CEA, professores, alunos e profissionais da biblioteca. Os livros abrangem diversos g\u00eaneros da Literatura Infantil e Juvenil, garantindo uma variedade de op\u00e7\u00f5es para os leitores. Essas obras estar\u00e3o dispon\u00edveis para empr\u00e9stimo aos alunos e professores a partir desta sexta-feira, 15 de mar\u00e7o, e far\u00e3o parte dos Projetos Institucionais da escola, como o \u201cClube de Leituras\u201d e \u201cCEA Liter\u00e1rio\u201d.<\/p>\n<p><img decoding=\"async\" class=\"aligncenter wp-image-4662 size-full\" src=\"https:\/\/cearacruz.com.br\/portal\/wp-content\/uploads\/2025\/08\/not_15_03_24_02-2.jpg\" alt=\"\" width=\"600\" height=\"450\" \/><\/p>\n<p>A diretora escolar do CEA, professora Adriana Recla Sarcinelli, enfatizou a import\u00e2ncia desse investimento no contexto das propostas educacionais da escola, destacando o objetivo de fortalecer as pr\u00e1ticas de leitura, especialmente por meio de projetos institucionais. Para ela, a aquisi\u00e7\u00e3o de obras atuais e de qualidade n\u00e3o apenas promove, mas tamb\u00e9m fomenta o h\u00e1bito de leitura, contribuindo significativamente para o desenvolvimento cognitivo e emocional dos alunos.<\/p>\n<p><em>\u201c\u00c9 fundamental oferecer aos professores ferramentas que possam enriquecer o aprendizado dos estudantes, e os livros desempenham um papel central nesse processo. Ao incentivar as crian\u00e7as e jovens a se interessarem pela leitura de forma l\u00fadica, estamos viabilizando um trabalho que reflete diretamente nos resultados da aprendizagem\u201d, <\/em>afirmou Adriana.<\/p>\n<p><img decoding=\"async\" class=\"aligncenter wp-image-4663 size-full\" src=\"https:\/\/cearacruz.com.br\/portal\/wp-content\/uploads\/2025\/08\/not_15_03_24_03-2.jpg\" alt=\"\" width=\"600\" height=\"450\" \/><\/p>\n<p>Para Welington Barcellos, bibliotec\u00e1rio da FSJB, a aquisi\u00e7\u00e3o desses novos livros abre portas para que alunos e professores tenham diversas possibilidades de trabalhar a leitura, despertando o interesse dos estudantes de forma espont\u00e2nea e prazerosa. Ele ressaltou a import\u00e2ncia do livro f\u00edsico, que, ao trazer o aluno para dentro da hist\u00f3ria, torna a leitura mais leve e estimula a imagina\u00e7\u00e3o por meio de imagens e ilustra\u00e7\u00f5es.<\/p>\n<p><img loading=\"lazy\" decoding=\"async\" class=\"aligncenter wp-image-4664 size-full\" src=\"https:\/\/cearacruz.com.br\/portal\/wp-content\/uploads\/2025\/08\/not_15_03_24_04-2.jpg\" alt=\"\" width=\"600\" height=\"450\" \/><\/p>\n<p>Barcellos tamb\u00e9m enfatizou que, seja em formato f\u00edsico ou digital, a leitura \u00e9 fundamental para o desenvolvimento pessoal e intelectual em qualquer idade. \u201c<em>Com essa aquisi\u00e7\u00e3o, as crian\u00e7as ter\u00e3o acesso a um acervo diverso e atualizado, que inclui tanto obras cl\u00e1ssicas da literatura infantil brasileira e internacional quanto livros de autores contempor\u00e2neos, estimulando a imagina\u00e7\u00e3o e a criatividade\u201d, <\/em>afirmou o bibliotec\u00e1rio.<\/p>\n<p><img loading=\"lazy\" decoding=\"async\" class=\"aligncenter wp-image-4665 size-full\" src=\"https:\/\/cearacruz.com.br\/portal\/wp-content\/uploads\/2025\/08\/not_15_03_24_05-2.jpg\" alt=\"\" width=\"600\" height=\"450\" \/><\/p>\n<p>A aquisi\u00e7\u00e3o dos novos livros demonstra o compromisso do Centro Educacional de Aracruz e da Funda\u00e7\u00e3o S\u00e3o Jo\u00e3o Batista em investir na educa\u00e7\u00e3o de qualidade para os estudantes que fazem parte de sua hist\u00f3ria educacional, promovendo o acesso \u00e0 cultura e incentivando o prazer pela leitura, enriquecendo o ambiente escolar e contribuindo para o desenvolvimento integral das crian\u00e7as e jovens que fazem parte da comunidade escolar do CEA.<\/p>\n<p><strong>INFORMA\u00c7\u00d5ES \u00c0 IMPRENSA:<\/strong><strong><br \/>\n<\/strong><strong>Setor de Comunica\u00e7\u00e3o e Marketing \u2013 Alessandro Bitti<\/strong><strong><br \/>\n<\/strong>Tel.: (27) 3302-8000 \u2013 E-mail: comunicacao@fsjb.edu.br \/ alessandro@fsjb.edu.br<\/p>\n","protected":false},"excerpt":{"rendered":"<p>Em uma iniciativa para fortalecer ainda mais as pr\u00e1ticas de leitura e incentivar o h\u00e1bito entre os estudantes, o Centro Educacional de Aracruz (CEA), por meio da sua&#8230;<\/p>\n","protected":false},"author":1,"featured_media":28255,"comment_status":"open","ping_status":"open","sticky":false,"template":"","format":"standard","meta":{"om_disable_all_campaigns":false,"_exactmetrics_skip_tracking":false,"_exactmetrics_sitenote_active":false,"_exactmetrics_sitenote_note":"","_exactmetrics_sitenote_category":0,"_monsterinsights_skip_tracking":false,"_monsterinsights_sitenote_active":false,"_monsterinsights_sitenote_note":"","_monsterinsights_sitenote_category":0,"_uf_show_specific_survey":0,"_uf_disable_surveys":false,"footnotes":""},"categories":[7],"tags":[],"class_list":["post-28248","post","type-post","status-publish","format-standard","has-post-thumbnail","hentry","category-cea"],"aioseo_notices":[],"_links":{"self":[{"href":"https:\/\/cearacruz.com.br\/portal\/wp-json\/wp\/v2\/posts\/28248","targetHints":{"allow":["GET"]}}],"collection":[{"href":"https:\/\/cearacruz.com.br\/portal\/wp-json\/wp\/v2\/posts"}],"about":[{"href":"https:\/\/cearacruz.com.br\/portal\/wp-json\/wp\/v2\/types\/post"}],"author":[{"embeddable":true,"href":"https:\/\/cearacruz.com.br\/portal\/wp-json\/wp\/v2\/users\/1"}],"replies":[{"embeddable":true,"href":"https:\/\/cearacruz.com.br\/portal\/wp-json\/wp\/v2\/comments?post=28248"}],"version-history":[{"count":1,"href":"https:\/\/cearacruz.com.br\/portal\/wp-json\/wp\/v2\/posts\/28248\/revisions"}],"predecessor-version":[{"id":28254,"href":"https:\/\/cearacruz.com.br\/portal\/wp-json\/wp\/v2\/posts\/28248\/revisions\/28254"}],"wp:featuredmedia":[{"embeddable":true,"href":"https:\/\/cearacruz.com.br\/portal\/wp-json\/wp\/v2\/media\/28255"}],"wp:attachment":[{"href":"https:\/\/cearacruz.com.br\/portal\/wp-json\/wp\/v2\/media?parent=28248"}],"wp:term":[{"taxonomy":"category","embeddable":true,"href":"https:\/\/cearacruz.com.br\/portal\/wp-json\/wp\/v2\/categories?post=28248"},{"taxonomy":"post_tag","embeddable":true,"href":"https:\/\/cearacruz.com.br\/portal\/wp-json\/wp\/v2\/tags?post=28248"}],"curies":[{"name":"wp","href":"https:\/\/api.w.org\/{rel}","templated":true}]}}