{"id":28228,"date":"2024-03-05T18:17:14","date_gmt":"2024-03-05T18:17:14","guid":{"rendered":"https:\/\/cearacruz.com.br\/portal\/inscricoes-abertas-para-oficinas-e-projetos-no-centro-educacional-de-aracruz-cea-em-2024\/"},"modified":"2025-08-18T19:58:52","modified_gmt":"2025-08-18T19:58:52","slug":"inscricoes-abertas-para-oficinas-e-projetos-no-centro-educacional-de-aracruz-cea-em-2024","status":"publish","type":"post","link":"https:\/\/cearacruz.com.br\/portal\/inscricoes-abertas-para-oficinas-e-projetos-no-centro-educacional-de-aracruz-cea-em-2024\/","title":{"rendered":"Inscri\u00e7\u00f5es abertas para Oficinas e Projetos no Centro Educacional de Aracruz (CEA) em 2024"},"content":{"rendered":"<p><strong> <img fetchpriority=\"high\" decoding=\"async\" class=\"aligncenter wp-image-4642 size-full\" src=\"https:\/\/cearacruz.com.br\/portal\/wp-content\/uploads\/2025\/08\/not_05_03_24_01-2.png\" alt=\"\" width=\"600\" height=\"450\" \/><\/strong><\/p>\n<p>O <a href=\"http:\/\/www.cearacruz.com.br\/portal\/\" target=\"_blank\" rel=\"noopener noreferrer\"><strong>Centro Educacional de Aracruz (CEA)<\/strong> <\/a>est\u00e1 com inscri\u00e7\u00f5es abertas para suas Oficinas e Projetos, oferecendo uma variedade de atividades extras para estudantes do 1\u00ba Ano do Ensino Fundamental ao Ensino M\u00e9dio. As inscri\u00e7\u00f5es est\u00e3o dispon\u00edveis para alunos do CEA, bem como para estudantes da comunidade externa, proporcionando oportunidades de aprendizado e desenvolvimento ao longo do ano letivo de 2024.<\/p>\n<h3><strong>Inscri\u00e7\u00f5es e Localiza\u00e7\u00e3o<\/strong><\/h3>\n<p>Os interessados podem realizar a pr\u00e9-inscri\u00e7\u00e3o diretamente na Secretaria Escolar do CEA, localizada na Rua Professor Berilo Bas\u00edlio dos Santos, n.\u00ba 180, Vila Rica, Aracruz (ES). O hor\u00e1rio de atendimento \u00e9 de 7h \u00e0s 18h, de segunda a sexta-feira. As inscri\u00e7\u00f5es para as atividades extras permanecem abertas at\u00e9 o dia 12 de mar\u00e7o, ter\u00e7a-feira.<\/p>\n<h3><strong>Oficinas e Projetos em 2024<\/strong><strong>\u00a0<\/strong><\/h3>\n<p>As atividades extras est\u00e3o programadas para ocorrer no contraturno escolar, de mar\u00e7o a dezembro de 2024. As aulas das Oficinas e Projetos t\u00eam previs\u00e3o para come\u00e7ar em 18 de mar\u00e7o, segunda-feira, no per\u00edodo vespertino. Confira as op\u00e7\u00f5es dispon\u00edveis:<strong>\u00a0<\/strong><\/p>\n<h3><strong>Aprofundamento em Matem\u00e1tica<\/strong><\/h3>\n<p>Destinada a alunos do 6\u00ba Ano do Ensino Fundamental ao Ensino M\u00e9dio, a Oficina de Aprofundamento em Matem\u00e1tica oferece aulas uma vez por semana, com dura\u00e7\u00e3o de 1h30min. As aulas para os estudantes do 6\u00ba ao 9\u00ba Ano do Ensino Fundamental acontecem nas segundas-feiras, das 13h30 \u00e0s 15h, enquanto para o Ensino M\u00e9dio, ocorrem nas segundas-feiras, das 15h \u00e0s 17h30. O investimento para esta atividade \u00e9 de R$ 675,00.<\/p>\n<h3><strong>Oficina de Escritores<\/strong><\/h3>\n<p>Para os amantes da escrita, a Oficina de Escritores \u00e9 voltada a estudantes do 6\u00ba Ano do Ensino Fundamental ao Ensino M\u00e9dio. As aulas, com dura\u00e7\u00e3o de 1h30min, acontecem nas quintas-feiras, das 13h30 \u00e0s 15h para os alunos do 6\u00ba ao 9\u00ba Ano do Ensino Fundamental, e das 15h \u00e0s 17h30 para o Ensino M\u00e9dio. O investimento para participar \u00e9 de R$ 450,00.<\/p>\n<h3><strong>Tecnologias Avan\u00e7adas (Laborat\u00f3rio Maker)<\/strong><\/h3>\n<p>No Laborat\u00f3rio Maker o CEA oferece aulas de Tecnologias Avan\u00e7adas uma vez por semana, com dura\u00e7\u00e3o de 1h, para estudantes do 6\u00ba Ano do Ensino Fundamental ao Ensino M\u00e9dio. As aulas ocorrem \u00e0s ter\u00e7as-feiras, das 13h30 \u00e0s 14h30, ou \u00e0s quintas-feiras, no mesmo hor\u00e1rio. O investimento para esta atividade \u00e9 de R$ 450,00.<\/p>\n<h3><strong>Oficina de M\u00fasica (Viol\u00e3o)<\/strong><\/h3>\n<p>Alunos do 1\u00ba Ano do Ensino Fundamental ao Ensino M\u00e9dio t\u00eam a oportunidade de participar da Oficina de M\u00fasica com \u00eanfase em Viol\u00e3o. As aulas acontecem uma vez por semana, com dura\u00e7\u00e3o de 1h, \u00e0s ter\u00e7as-feiras, das 14h \u00e0s 15h. O investimento para esta atividade \u00e9 de R$ 450,00.<\/p>\n<h3><strong>Ritmo e Movimento (Atividade F\u00edsica) <\/strong><\/h3>\n<p>Destinada a estudantes do 1\u00ba ao 7\u00ba Ano do Ensino Fundamental, a Oficina de Ritmo e Movimento proporciona atividades f\u00edsicas uma vez por semana, com dura\u00e7\u00e3o de 1h, \u00e0s ter\u00e7as-feiras, das 13h30 \u00e0s 14h30. O investimento \u00e9 de R$ 450,00.<\/p>\n<h3><strong>Futsal<\/strong><\/h3>\n<p>Os amantes do futebol podem participar da Oficina de Futsal, voltada a alunos do 1\u00ba ao 9\u00ba Ano do Ensino Fundamental. As aulas acontecem uma vez por semana, com dura\u00e7\u00e3o de 1h30min, \u00e0s quintas-feiras, das 13h30 \u00e0s 15h. O investimento para participar \u00e9 de R$ 450,00.<strong>\u00a0<\/strong><\/p>\n<h3><strong>Xadrez<\/strong><\/h3>\n<p>A Oficina de Xadrez \u00e9 oferecida a estudantes do 1\u00ba ao 9\u00ba Ano do Ensino Fundamental, com aulas uma vez por semana e dura\u00e7\u00e3o de 1h, \u00e0s ter\u00e7as-feiras, das 14h30 \u00e0s 15h30. O investimento para participar \u00e9 de R$ 450,00.<\/p>\n<h3><strong>Informa\u00e7\u00f5es Importantes<\/strong><\/h3>\n<p>Para informa\u00e7\u00f5es adicionais e esclarecimento de d\u00favidas, \u00e9 poss\u00edvel contatar o Centro Educacional de Aracruz atrav\u00e9s do celular\/WhatsApp (27) 99699-0953.As mensalidades podem ser divididas em at\u00e9 nove vezes, sem juros, para facilitar o acesso dos interessados \u00e0s atividades oferecidas pelo CEA. Fa\u00e7a sua pr\u00e9-inscri\u00e7\u00e3o agora e participe!<\/p>\n<p>N\u00e3o perca a oportunidade de aprimorar seus conhecimentos e habilidades em diversas \u00e1reas. Garanta sua vaga at\u00e9 12 de mar\u00e7o e embarque nessa jornada educacional enriquecedora. O CEA est\u00e1 ansioso para proporcionar um momento cultural de muito aprendizado aos seus alunos e \u00e0 estudantes da comunidade de Aracruz e regi\u00e3o.<\/p>\n<p><strong>INFORMA\u00c7\u00d5ES \u00c0 IMPRENSA:<\/strong><strong><br \/>\n<\/strong><strong>Setor de Comunica\u00e7\u00e3o e Marketing \u2013 Alessandro Bitti<\/strong><strong><br \/>\n<\/strong>Tel.: (27) 3302-8000 \u2013 E-mail: comunicacao@fsjb.edu.br \/ alessandro@fsjb.edu.br<\/p>\n","protected":false},"excerpt":{"rendered":"<p>O Centro Educacional de Aracruz (CEA) est\u00e1 com inscri\u00e7\u00f5es abertas para suas Oficinas e Projetos, oferecendo uma variedade de atividades extras para estudantes do 1\u00ba Ano do Ensino&#8230;<\/p>\n","protected":false},"author":1,"featured_media":28231,"comment_status":"open","ping_status":"open","sticky":false,"template":"","format":"standard","meta":{"om_disable_all_campaigns":false,"_exactmetrics_skip_tracking":false,"_exactmetrics_sitenote_active":false,"_exactmetrics_sitenote_note":"","_exactmetrics_sitenote_category":0,"_monsterinsights_skip_tracking":false,"_monsterinsights_sitenote_active":false,"_monsterinsights_sitenote_note":"","_monsterinsights_sitenote_category":0,"_uf_show_specific_survey":0,"_uf_disable_surveys":false,"footnotes":""},"categories":[7],"tags":[],"class_list":["post-28228","post","type-post","status-publish","format-standard","has-post-thumbnail","hentry","category-cea"],"aioseo_notices":[],"_links":{"self":[{"href":"https:\/\/cearacruz.com.br\/portal\/wp-json\/wp\/v2\/posts\/28228","targetHints":{"allow":["GET"]}}],"collection":[{"href":"https:\/\/cearacruz.com.br\/portal\/wp-json\/wp\/v2\/posts"}],"about":[{"href":"https:\/\/cearacruz.com.br\/portal\/wp-json\/wp\/v2\/types\/post"}],"author":[{"embeddable":true,"href":"https:\/\/cearacruz.com.br\/portal\/wp-json\/wp\/v2\/users\/1"}],"replies":[{"embeddable":true,"href":"https:\/\/cearacruz.com.br\/portal\/wp-json\/wp\/v2\/comments?post=28228"}],"version-history":[{"count":1,"href":"https:\/\/cearacruz.com.br\/portal\/wp-json\/wp\/v2\/posts\/28228\/revisions"}],"predecessor-version":[{"id":28230,"href":"https:\/\/cearacruz.com.br\/portal\/wp-json\/wp\/v2\/posts\/28228\/revisions\/28230"}],"wp:featuredmedia":[{"embeddable":true,"href":"https:\/\/cearacruz.com.br\/portal\/wp-json\/wp\/v2\/media\/28231"}],"wp:attachment":[{"href":"https:\/\/cearacruz.com.br\/portal\/wp-json\/wp\/v2\/media?parent=28228"}],"wp:term":[{"taxonomy":"category","embeddable":true,"href":"https:\/\/cearacruz.com.br\/portal\/wp-json\/wp\/v2\/categories?post=28228"},{"taxonomy":"post_tag","embeddable":true,"href":"https:\/\/cearacruz.com.br\/portal\/wp-json\/wp\/v2\/tags?post=28228"}],"curies":[{"name":"wp","href":"https:\/\/api.w.org\/{rel}","templated":true}]}}