{"id":28213,"date":"2024-02-23T17:07:23","date_gmt":"2024-02-23T17:07:23","guid":{"rendered":"https:\/\/cearacruz.com.br\/portal\/centro-educacional-de-aracruz-promove-reunioes-de-pais-para-alinhar-expectativas-e-apresentar-novidades-para-2024\/"},"modified":"2025-08-18T19:58:52","modified_gmt":"2025-08-18T19:58:52","slug":"centro-educacional-de-aracruz-promove-reunioes-de-pais-para-alinhar-expectativas-e-apresentar-novidades-para-2024","status":"publish","type":"post","link":"https:\/\/cearacruz.com.br\/portal\/centro-educacional-de-aracruz-promove-reunioes-de-pais-para-alinhar-expectativas-e-apresentar-novidades-para-2024\/","title":{"rendered":"Centro Educacional de Aracruz promove reuni\u00f5es de pais para alinhar expectativas e apresentar novidades para 2024"},"content":{"rendered":"<figure id=\"attachment_4627\" aria-describedby=\"caption-attachment-4627\" style=\"width: 600px\" class=\"wp-caption aligncenter\"><img fetchpriority=\"high\" decoding=\"async\" class=\"wp-image-4627 size-full\" src=\"https:\/\/cearacruz.com.br\/portal\/wp-content\/uploads\/2025\/08\/not_23_02_24_01-2.jpg\" alt=\"\" width=\"600\" height=\"450\" \/><figcaption id=\"caption-attachment-4627\" class=\"wp-caption-text\">Fotos: Keren Hapuc e Alessandro Bitti<\/figcaption><\/figure>\n<p>O <a href=\"http:\/\/www.cearacruz.com.br\/portal\/\" target=\"_blank\" rel=\"noopener noreferrer\"><strong>Centro Educacional de Aracruz (CEA)<\/strong><\/a> promoveu nos dias 20, 21 e 22 de fevereiro as primeiras reuni\u00f5es de pais do ano de 2024. Os encontros, que ocorreram na quadra poliesportiva da institui\u00e7\u00e3o de ensino, foram marcados pela presen\u00e7a da diretora escolar, professora Adriana Recla Sarcinelli, que conduziu a abertura oficial, dando as boas-vindas aos pais e familiares presentes.<\/p>\n<p>No discurso de abertura, a diretora expressou o compromisso do CEA com a excel\u00eancia educacional e destacou a trajet\u00f3ria de 30 anos da institui\u00e7\u00e3o, fundada em 07 de fevereiro de 1994 pela presidente da<a href=\"http:\/\/fsjb.edu.br\/portal\/\" target=\"_blank\" rel=\"noopener noreferrer\"> <strong>Funda\u00e7\u00e3o S\u00e3o Jo\u00e3o Batista (FSJB),<\/strong><\/a> Celi Cabral e pela conselheira dona Penha Stelzer.<\/p>\n<p>Em seu depoimento, ela expressou o compromisso cont\u00ednuo do CEA com a excel\u00eancia educacional e a busca por ser uma escola de refer\u00eancia e excel\u00eancia na regi\u00e3o de Aracruz e no estado do Esp\u00edrito Santo: <em>\u201cO CEA se desenha em uma proposta educacional de excel\u00eancia continuamente. Acima de tudo, temos o compromisso com a educa\u00e7\u00e3o de nossos alunos, dos filhos de cada um de voc\u00eas\u201d.<\/em><\/p>\n<div id='gallery-1' class='gallery galleryid-28213 gallery-columns-3 gallery-size-medium'><figure class='gallery-item'>\n\t\t\t<div class='gallery-icon landscape'>\n\t\t\t\t<a href='https:\/\/cearacruz.com.br\/portal\/centro-educacional-de-aracruz-promove-reunioes-de-pais-para-alinhar-expectativas-e-apresentar-novidades-para-2024\/not_23_02_24_02-3\/'><img decoding=\"async\" width=\"300\" height=\"225\" src=\"https:\/\/cearacruz.com.br\/portal\/wp-content\/uploads\/2025\/08\/not_23_02_24_02-2-300x225.jpg\" class=\"attachment-medium size-medium\" alt=\"\" srcset=\"https:\/\/cearacruz.com.br\/portal\/wp-content\/uploads\/2025\/08\/not_23_02_24_02-2-300x225.jpg 300w, https:\/\/cearacruz.com.br\/portal\/wp-content\/uploads\/2025\/08\/not_23_02_24_02-2-24x18.jpg 24w, https:\/\/cearacruz.com.br\/portal\/wp-content\/uploads\/2025\/08\/not_23_02_24_02-2-36x27.jpg 36w, https:\/\/cearacruz.com.br\/portal\/wp-content\/uploads\/2025\/08\/not_23_02_24_02-2-48x36.jpg 48w, https:\/\/cearacruz.com.br\/portal\/wp-content\/uploads\/2025\/08\/not_23_02_24_02-2.jpg 600w\" sizes=\"(max-width: 300px) 100vw, 300px\" \/><\/a>\n\t\t\t<\/div><\/figure><figure class='gallery-item'>\n\t\t\t<div class='gallery-icon landscape'>\n\t\t\t\t<a href='https:\/\/cearacruz.com.br\/portal\/centro-educacional-de-aracruz-promove-reunioes-de-pais-para-alinhar-expectativas-e-apresentar-novidades-para-2024\/not_23_02_24_03-3\/'><img decoding=\"async\" width=\"300\" height=\"225\" src=\"https:\/\/cearacruz.com.br\/portal\/wp-content\/uploads\/2025\/08\/not_23_02_24_03-2-300x225.jpg\" class=\"attachment-medium size-medium\" alt=\"\" srcset=\"https:\/\/cearacruz.com.br\/portal\/wp-content\/uploads\/2025\/08\/not_23_02_24_03-2-300x225.jpg 300w, https:\/\/cearacruz.com.br\/portal\/wp-content\/uploads\/2025\/08\/not_23_02_24_03-2-24x18.jpg 24w, https:\/\/cearacruz.com.br\/portal\/wp-content\/uploads\/2025\/08\/not_23_02_24_03-2-36x27.jpg 36w, https:\/\/cearacruz.com.br\/portal\/wp-content\/uploads\/2025\/08\/not_23_02_24_03-2-48x36.jpg 48w, https:\/\/cearacruz.com.br\/portal\/wp-content\/uploads\/2025\/08\/not_23_02_24_03-2.jpg 600w\" sizes=\"(max-width: 300px) 100vw, 300px\" \/><\/a>\n\t\t\t<\/div><\/figure><figure class='gallery-item'>\n\t\t\t<div class='gallery-icon landscape'>\n\t\t\t\t<a href='https:\/\/cearacruz.com.br\/portal\/centro-educacional-de-aracruz-promove-reunioes-de-pais-para-alinhar-expectativas-e-apresentar-novidades-para-2024\/not_23_02_24_04-3\/'><img loading=\"lazy\" decoding=\"async\" width=\"300\" height=\"225\" src=\"https:\/\/cearacruz.com.br\/portal\/wp-content\/uploads\/2025\/08\/not_23_02_24_04-2-300x225.jpg\" class=\"attachment-medium size-medium\" alt=\"\" srcset=\"https:\/\/cearacruz.com.br\/portal\/wp-content\/uploads\/2025\/08\/not_23_02_24_04-2-300x225.jpg 300w, https:\/\/cearacruz.com.br\/portal\/wp-content\/uploads\/2025\/08\/not_23_02_24_04-2-24x18.jpg 24w, https:\/\/cearacruz.com.br\/portal\/wp-content\/uploads\/2025\/08\/not_23_02_24_04-2-36x27.jpg 36w, https:\/\/cearacruz.com.br\/portal\/wp-content\/uploads\/2025\/08\/not_23_02_24_04-2-48x36.jpg 48w, https:\/\/cearacruz.com.br\/portal\/wp-content\/uploads\/2025\/08\/not_23_02_24_04-2.jpg 600w\" sizes=\"(max-width: 300px) 100vw, 300px\" \/><\/a>\n\t\t\t<\/div><\/figure>\n\t\t<\/div>\n\n<p>A professora Adriana tamb\u00e9m compartilhou o projeto do Laborat\u00f3rio de Ingl\u00eas para 2024, que trar\u00e1 inova\u00e7\u00f5es e tecnologia em sua estrutura f\u00edsica, al\u00e9m de refor\u00e7ar a infraestrutura existente, como Laborat\u00f3rios de Inform\u00e1tica, Espa\u00e7o Maker e salas de aula com transmiss\u00e3o simult\u00e2nea ao vivo. Durante as reuni\u00f5es, a equipe de professores, pedagogos e t\u00e9cnico-administrativos da escola foi apresentada.<\/p>\n<p>Celi Cabral, presidente da Funda\u00e7\u00e3o S\u00e3o Jo\u00e3o Batista, mantenedora do CEA, tamb\u00e9m compartilhou suas palavras, expressando o orgulho pelo sucesso alcan\u00e7ado ao longo dos 30 anos de hist\u00f3ria da institui\u00e7\u00e3o.<\/p>\n<p>Ela enfatizou a import\u00e2ncia da colabora\u00e7\u00e3o de cada funcion\u00e1rio na constru\u00e7\u00e3o desse sonho e reconheceu o papel fundamental do CEA na forma\u00e7\u00e3o de grandes profissionais na regi\u00e3o: <em>\u201cTemos uma equipe comprometida com a educa\u00e7\u00e3o de nossos alunos. Tudo que fazemos pela institui\u00e7\u00e3o \u00e9 pensando em seus colaboradores e estudantes. S\u00e3o 30 anos que estamos fazendo a hist\u00f3ria da educa\u00e7\u00e3o em Aracruz e regi\u00e3o. Grandes profissionais que temos hoje no munic\u00edpio sa\u00edram do CEA\u201d.<\/em><\/p>\n<div id='gallery-2' class='gallery galleryid-28213 gallery-columns-3 gallery-size-medium'><figure class='gallery-item'>\n\t\t\t<div class='gallery-icon landscape'>\n\t\t\t\t<a href='https:\/\/cearacruz.com.br\/portal\/centro-educacional-de-aracruz-promove-reunioes-de-pais-para-alinhar-expectativas-e-apresentar-novidades-para-2024\/not_23_02_24_05-3\/'><img loading=\"lazy\" decoding=\"async\" width=\"300\" height=\"225\" src=\"https:\/\/cearacruz.com.br\/portal\/wp-content\/uploads\/2025\/08\/not_23_02_24_05-2-300x225.jpg\" class=\"attachment-medium size-medium\" alt=\"\" srcset=\"https:\/\/cearacruz.com.br\/portal\/wp-content\/uploads\/2025\/08\/not_23_02_24_05-2-300x225.jpg 300w, https:\/\/cearacruz.com.br\/portal\/wp-content\/uploads\/2025\/08\/not_23_02_24_05-2-24x18.jpg 24w, https:\/\/cearacruz.com.br\/portal\/wp-content\/uploads\/2025\/08\/not_23_02_24_05-2-36x27.jpg 36w, https:\/\/cearacruz.com.br\/portal\/wp-content\/uploads\/2025\/08\/not_23_02_24_05-2-48x36.jpg 48w, https:\/\/cearacruz.com.br\/portal\/wp-content\/uploads\/2025\/08\/not_23_02_24_05-2.jpg 600w\" sizes=\"(max-width: 300px) 100vw, 300px\" \/><\/a>\n\t\t\t<\/div><\/figure><figure class='gallery-item'>\n\t\t\t<div class='gallery-icon landscape'>\n\t\t\t\t<a href='https:\/\/cearacruz.com.br\/portal\/centro-educacional-de-aracruz-promove-reunioes-de-pais-para-alinhar-expectativas-e-apresentar-novidades-para-2024\/not_23_02_24_06-3\/'><img loading=\"lazy\" decoding=\"async\" width=\"300\" height=\"225\" src=\"https:\/\/cearacruz.com.br\/portal\/wp-content\/uploads\/2025\/08\/not_23_02_24_06-2-300x225.jpg\" class=\"attachment-medium size-medium\" alt=\"\" srcset=\"https:\/\/cearacruz.com.br\/portal\/wp-content\/uploads\/2025\/08\/not_23_02_24_06-2-300x225.jpg 300w, https:\/\/cearacruz.com.br\/portal\/wp-content\/uploads\/2025\/08\/not_23_02_24_06-2-24x18.jpg 24w, https:\/\/cearacruz.com.br\/portal\/wp-content\/uploads\/2025\/08\/not_23_02_24_06-2-36x27.jpg 36w, https:\/\/cearacruz.com.br\/portal\/wp-content\/uploads\/2025\/08\/not_23_02_24_06-2-48x36.jpg 48w, https:\/\/cearacruz.com.br\/portal\/wp-content\/uploads\/2025\/08\/not_23_02_24_06-2.jpg 600w\" sizes=\"(max-width: 300px) 100vw, 300px\" \/><\/a>\n\t\t\t<\/div><\/figure><figure class='gallery-item'>\n\t\t\t<div class='gallery-icon landscape'>\n\t\t\t\t<a href='https:\/\/cearacruz.com.br\/portal\/centro-educacional-de-aracruz-promove-reunioes-de-pais-para-alinhar-expectativas-e-apresentar-novidades-para-2024\/not_23_02_24_07-3\/'><img loading=\"lazy\" decoding=\"async\" width=\"300\" height=\"225\" src=\"https:\/\/cearacruz.com.br\/portal\/wp-content\/uploads\/2025\/08\/not_23_02_24_07-2-300x225.jpg\" class=\"attachment-medium size-medium\" alt=\"\" srcset=\"https:\/\/cearacruz.com.br\/portal\/wp-content\/uploads\/2025\/08\/not_23_02_24_07-2-300x225.jpg 300w, https:\/\/cearacruz.com.br\/portal\/wp-content\/uploads\/2025\/08\/not_23_02_24_07-2-24x18.jpg 24w, https:\/\/cearacruz.com.br\/portal\/wp-content\/uploads\/2025\/08\/not_23_02_24_07-2-36x27.jpg 36w, https:\/\/cearacruz.com.br\/portal\/wp-content\/uploads\/2025\/08\/not_23_02_24_07-2-48x36.jpg 48w, https:\/\/cearacruz.com.br\/portal\/wp-content\/uploads\/2025\/08\/not_23_02_24_07-2.jpg 600w\" sizes=\"(max-width: 300px) 100vw, 300px\" \/><\/a>\n\t\t\t<\/div><\/figure>\n\t\t<\/div>\n\n<p>Durante as reuni\u00f5es, foram esclarecidas as regras e normas disciplinares adotadas pelo CEA, o funcionamento do sistema de avalia\u00e7\u00e3o e seu cronograma, al\u00e9m da metodologia de ensino da escola, entre outros assuntos. A supervisora escolar do Ensino Fundamental I e II, Eleide B. C. Maulaz, destacou a import\u00e2ncia da rotina de estudos e da colabora\u00e7\u00e3o entre fam\u00edlia e escola.<\/p>\n<p>\u201c<em>Para manter o bom desempenho escolar, criar uma rotina de estudos \u00e9 fundamental. Com organiza\u00e7\u00e3o de hor\u00e1rios determinados e um local adequado para suas tarefas di\u00e1rias, o estudante consegue revisar e exercitar o que foi aprendido na escola\u201d,<\/em> ressaltou Eleide B. C. Maulaz.<\/p>\n<p>No segundo dia das reuni\u00f5es, a supervisora escolar do Ensino Fundamental II e do Ensino M\u00e9dio, Ana Paula Pereira Martins da Silva Bertolini, destacou que o objetivo das reuni\u00f5es com os pais foi fortalecer e alinhar as pr\u00e1ticas pedag\u00f3gicas do CEA, estreitar a comunica\u00e7\u00e3o entre fam\u00edlia e escola e apresentar toda a equipe pedag\u00f3gica que comp\u00f5e o quadro de colaboradores da institui\u00e7\u00e3o de ensino.<\/p>\n<div id='gallery-3' class='gallery galleryid-28213 gallery-columns-3 gallery-size-medium'><figure class='gallery-item'>\n\t\t\t<div class='gallery-icon landscape'>\n\t\t\t\t<a href='https:\/\/cearacruz.com.br\/portal\/centro-educacional-de-aracruz-promove-reunioes-de-pais-para-alinhar-expectativas-e-apresentar-novidades-para-2024\/not_23_02_24_08-3\/'><img loading=\"lazy\" decoding=\"async\" width=\"300\" height=\"225\" src=\"https:\/\/cearacruz.com.br\/portal\/wp-content\/uploads\/2025\/08\/not_23_02_24_08-2-300x225.jpg\" class=\"attachment-medium size-medium\" alt=\"\" srcset=\"https:\/\/cearacruz.com.br\/portal\/wp-content\/uploads\/2025\/08\/not_23_02_24_08-2-300x225.jpg 300w, https:\/\/cearacruz.com.br\/portal\/wp-content\/uploads\/2025\/08\/not_23_02_24_08-2-24x18.jpg 24w, https:\/\/cearacruz.com.br\/portal\/wp-content\/uploads\/2025\/08\/not_23_02_24_08-2-36x27.jpg 36w, https:\/\/cearacruz.com.br\/portal\/wp-content\/uploads\/2025\/08\/not_23_02_24_08-2-48x36.jpg 48w, https:\/\/cearacruz.com.br\/portal\/wp-content\/uploads\/2025\/08\/not_23_02_24_08-2.jpg 600w\" sizes=\"(max-width: 300px) 100vw, 300px\" \/><\/a>\n\t\t\t<\/div><\/figure><figure class='gallery-item'>\n\t\t\t<div class='gallery-icon landscape'>\n\t\t\t\t<a href='https:\/\/cearacruz.com.br\/portal\/centro-educacional-de-aracruz-promove-reunioes-de-pais-para-alinhar-expectativas-e-apresentar-novidades-para-2024\/not_23_02_24_09-3\/'><img loading=\"lazy\" decoding=\"async\" width=\"300\" height=\"225\" src=\"https:\/\/cearacruz.com.br\/portal\/wp-content\/uploads\/2025\/08\/not_23_02_24_09-2-300x225.jpg\" class=\"attachment-medium size-medium\" alt=\"\" srcset=\"https:\/\/cearacruz.com.br\/portal\/wp-content\/uploads\/2025\/08\/not_23_02_24_09-2-300x225.jpg 300w, https:\/\/cearacruz.com.br\/portal\/wp-content\/uploads\/2025\/08\/not_23_02_24_09-2-24x18.jpg 24w, https:\/\/cearacruz.com.br\/portal\/wp-content\/uploads\/2025\/08\/not_23_02_24_09-2-36x27.jpg 36w, https:\/\/cearacruz.com.br\/portal\/wp-content\/uploads\/2025\/08\/not_23_02_24_09-2-48x36.jpg 48w, https:\/\/cearacruz.com.br\/portal\/wp-content\/uploads\/2025\/08\/not_23_02_24_09-2.jpg 600w\" sizes=\"(max-width: 300px) 100vw, 300px\" \/><\/a>\n\t\t\t<\/div><\/figure><figure class='gallery-item'>\n\t\t\t<div class='gallery-icon landscape'>\n\t\t\t\t<a href='https:\/\/cearacruz.com.br\/portal\/centro-educacional-de-aracruz-promove-reunioes-de-pais-para-alinhar-expectativas-e-apresentar-novidades-para-2024\/not_23_02_24_10-3\/'><img loading=\"lazy\" decoding=\"async\" width=\"300\" height=\"225\" src=\"https:\/\/cearacruz.com.br\/portal\/wp-content\/uploads\/2025\/08\/not_23_02_24_10-2-300x225.jpg\" class=\"attachment-medium size-medium\" alt=\"\" srcset=\"https:\/\/cearacruz.com.br\/portal\/wp-content\/uploads\/2025\/08\/not_23_02_24_10-2-300x225.jpg 300w, https:\/\/cearacruz.com.br\/portal\/wp-content\/uploads\/2025\/08\/not_23_02_24_10-2-24x18.jpg 24w, https:\/\/cearacruz.com.br\/portal\/wp-content\/uploads\/2025\/08\/not_23_02_24_10-2-36x27.jpg 36w, https:\/\/cearacruz.com.br\/portal\/wp-content\/uploads\/2025\/08\/not_23_02_24_10-2-48x36.jpg 48w, https:\/\/cearacruz.com.br\/portal\/wp-content\/uploads\/2025\/08\/not_23_02_24_10-2.jpg 600w\" sizes=\"(max-width: 300px) 100vw, 300px\" \/><\/a>\n\t\t\t<\/div><\/figure>\n\t\t<\/div>\n\n<p>As reuni\u00f5es foram divididas por segmento, permitindo que os pais ou respons\u00e1veis dos alunos do 1\u00ba ao 5\u00ba Ano do Ensino Fundamental I, do 6\u00ba ao 8\u00ba Ano do Ensino Fundamental II, e do 9\u00ba Ano do Ensino Fundamental II at\u00e9 a 3\u00aa S\u00e9rie do Ensino M\u00e9dio pudessem interagir diretamente com os professores e a equipe pedag\u00f3gica, fortalecendo a parceria entre a escola e as fam\u00edlias. O CEA inicia o ano letivo de 2024 com otimismo e dedica\u00e7\u00e3o ao compromisso com a educa\u00e7\u00e3o de qualidade.<\/p>\n<p>Com informa\u00e7\u00f5es detalhadas sobre as normas escolares, metodologias de ensino e projetos futuros, as reuni\u00f5es de pais do CEA proporcionaram um ambiente construtivo de di\u00e1logo entre a escola e a comunidade educacional, refor\u00e7ando o compromisso m\u00fatuo em prol da educa\u00e7\u00e3o de qualidade, promovendo uma parceria efetiva para o sucesso acad\u00eamico e pessoal dos estudantes ao longo do ano letivo de 2024.<\/p>\n<p><strong>INFORMA\u00c7\u00d5ES \u00c0 IMPRENSA:<\/strong><strong><br \/>\nSetor de Comunica\u00e7\u00e3o e Marketing \u2013 Alessandro Bitti<br \/>\n<\/strong>Tel.: (27) 3302-8000 \u2013 E-mail: comunicacao@fsjb.edu.br \/ alessandro@fsjb.edu.br<\/p>\n","protected":false},"excerpt":{"rendered":"<p>O Centro Educacional de Aracruz (CEA) promoveu nos dias 20, 21 e 22 de fevereiro as primeiras reuni\u00f5es de pais do ano de 2024. Os encontros, que ocorreram&#8230;<\/p>\n","protected":false},"author":1,"featured_media":28226,"comment_status":"open","ping_status":"open","sticky":false,"template":"","format":"standard","meta":{"om_disable_all_campaigns":false,"_exactmetrics_skip_tracking":false,"_exactmetrics_sitenote_active":false,"_exactmetrics_sitenote_note":"","_exactmetrics_sitenote_category":0,"_monsterinsights_skip_tracking":false,"_monsterinsights_sitenote_active":false,"_monsterinsights_sitenote_note":"","_monsterinsights_sitenote_category":0,"_uf_show_specific_survey":0,"_uf_disable_surveys":false,"footnotes":""},"categories":[7],"tags":[],"class_list":["post-28213","post","type-post","status-publish","format-standard","has-post-thumbnail","hentry","category-cea"],"aioseo_notices":[],"_links":{"self":[{"href":"https:\/\/cearacruz.com.br\/portal\/wp-json\/wp\/v2\/posts\/28213","targetHints":{"allow":["GET"]}}],"collection":[{"href":"https:\/\/cearacruz.com.br\/portal\/wp-json\/wp\/v2\/posts"}],"about":[{"href":"https:\/\/cearacruz.com.br\/portal\/wp-json\/wp\/v2\/types\/post"}],"author":[{"embeddable":true,"href":"https:\/\/cearacruz.com.br\/portal\/wp-json\/wp\/v2\/users\/1"}],"replies":[{"embeddable":true,"href":"https:\/\/cearacruz.com.br\/portal\/wp-json\/wp\/v2\/comments?post=28213"}],"version-history":[{"count":2,"href":"https:\/\/cearacruz.com.br\/portal\/wp-json\/wp\/v2\/posts\/28213\/revisions"}],"predecessor-version":[{"id":28225,"href":"https:\/\/cearacruz.com.br\/portal\/wp-json\/wp\/v2\/posts\/28213\/revisions\/28225"}],"wp:featuredmedia":[{"embeddable":true,"href":"https:\/\/cearacruz.com.br\/portal\/wp-json\/wp\/v2\/media\/28226"}],"wp:attachment":[{"href":"https:\/\/cearacruz.com.br\/portal\/wp-json\/wp\/v2\/media?parent=28213"}],"wp:term":[{"taxonomy":"category","embeddable":true,"href":"https:\/\/cearacruz.com.br\/portal\/wp-json\/wp\/v2\/categories?post=28213"},{"taxonomy":"post_tag","embeddable":true,"href":"https:\/\/cearacruz.com.br\/portal\/wp-json\/wp\/v2\/tags?post=28213"}],"curies":[{"name":"wp","href":"https:\/\/api.w.org\/{rel}","templated":true}]}}