{"id":28198,"date":"2024-02-09T15:07:37","date_gmt":"2024-02-09T15:07:37","guid":{"rendered":"https:\/\/cearacruz.com.br\/portal\/gincana-de-interacao-no-centro-educacional-de-aracruz-cea-promove-espirito-de-equipe-e-diversao\/"},"modified":"2025-08-18T19:58:50","modified_gmt":"2025-08-18T19:58:50","slug":"gincana-de-interacao-no-centro-educacional-de-aracruz-cea-promove-espirito-de-equipe-e-diversao","status":"publish","type":"post","link":"https:\/\/cearacruz.com.br\/portal\/gincana-de-interacao-no-centro-educacional-de-aracruz-cea-promove-espirito-de-equipe-e-diversao\/","title":{"rendered":"Gincana de Intera\u00e7\u00e3o no Centro Educacional de Aracruz (CEA) promove esp\u00edrito de equipe e divers\u00e3o\u00a0"},"content":{"rendered":"<figure id=\"attachment_4610\" aria-describedby=\"caption-attachment-4610\" style=\"width: 600px\" class=\"wp-caption aligncenter\"><img fetchpriority=\"high\" decoding=\"async\" class=\"wp-image-4610 size-full\" src=\"https:\/\/cearacruz.com.br\/portal\/wp-content\/uploads\/2025\/08\/not_09_02_24_01-2.jpg\" alt=\"\" width=\"600\" height=\"450\" \/><figcaption id=\"caption-attachment-4610\" class=\"wp-caption-text\">Fotos: Divulga\u00e7\u00e3o<\/figcaption><\/figure>\n<p>Os corredores do <a href=\"http:\/\/www.cearacruz.com.br\/portal\/\" target=\"_blank\" rel=\"noopener noreferrer\"><strong>Centro Educacional de Aracruz (CEA)<\/strong> <\/a>estiveram repletos de risos, energia e esp\u00edrito competitivo durante a Gincana de Intera\u00e7\u00e3o que envolveu os alunos do 1\u00ba ao 5\u00ba Ano do Ensino Fundamental. O evento, realizado na quadra poliesportiva da escola no \u00faltimo dia 07, foi conduzido pelas professoras de Educa\u00e7\u00e3o F\u00edsica, Daniane Santos Portela da Fonseca, no per\u00edodo matutino, e Marinice Maziero, no per\u00edodo vespertino.<\/p>\n<p>A atividade recreativa contou com a participa\u00e7\u00e3o n\u00e3o apenas dos alunos, mas tamb\u00e9m dos professores regentes das turmas do Ensino Fundamental, docentes respons\u00e1veis por disciplinas espec\u00edficas e auxiliares de sala de aula, juntamente com o professor de Educa\u00e7\u00e3o F\u00edsica Wendel Balarini Moro e a professora de Educa\u00e7\u00e3o Especial, Su\u00e9llen Pereira Forechi. Destaca-se tamb\u00e9m a participa\u00e7\u00e3o especial dos alunos do 6\u00ba Ano do Ensino Fundamental durante a tarde.<\/p>\n<div id='gallery-1' class='gallery galleryid-28198 gallery-columns-3 gallery-size-medium'><figure class='gallery-item'>\n\t\t\t<div class='gallery-icon landscape'>\n\t\t\t\t<a href='https:\/\/cearacruz.com.br\/portal\/gincana-de-interacao-no-centro-educacional-de-aracruz-cea-promove-espirito-de-equipe-e-diversao\/not_09_02_24_02-3\/'><img decoding=\"async\" width=\"300\" height=\"225\" src=\"https:\/\/cearacruz.com.br\/portal\/wp-content\/uploads\/2025\/08\/not_09_02_24_02-2-300x225.jpg\" class=\"attachment-medium size-medium\" alt=\"\" srcset=\"https:\/\/cearacruz.com.br\/portal\/wp-content\/uploads\/2025\/08\/not_09_02_24_02-2-300x225.jpg 300w, https:\/\/cearacruz.com.br\/portal\/wp-content\/uploads\/2025\/08\/not_09_02_24_02-2-24x18.jpg 24w, https:\/\/cearacruz.com.br\/portal\/wp-content\/uploads\/2025\/08\/not_09_02_24_02-2-36x27.jpg 36w, https:\/\/cearacruz.com.br\/portal\/wp-content\/uploads\/2025\/08\/not_09_02_24_02-2-48x36.jpg 48w, https:\/\/cearacruz.com.br\/portal\/wp-content\/uploads\/2025\/08\/not_09_02_24_02-2.jpg 600w\" sizes=\"(max-width: 300px) 100vw, 300px\" \/><\/a>\n\t\t\t<\/div><\/figure><figure class='gallery-item'>\n\t\t\t<div class='gallery-icon landscape'>\n\t\t\t\t<a href='https:\/\/cearacruz.com.br\/portal\/gincana-de-interacao-no-centro-educacional-de-aracruz-cea-promove-espirito-de-equipe-e-diversao\/not_09_02_24_03-3\/'><img decoding=\"async\" width=\"300\" height=\"225\" src=\"https:\/\/cearacruz.com.br\/portal\/wp-content\/uploads\/2025\/08\/not_09_02_24_03-2-300x225.jpg\" class=\"attachment-medium size-medium\" alt=\"\" srcset=\"https:\/\/cearacruz.com.br\/portal\/wp-content\/uploads\/2025\/08\/not_09_02_24_03-2-300x225.jpg 300w, https:\/\/cearacruz.com.br\/portal\/wp-content\/uploads\/2025\/08\/not_09_02_24_03-2-24x18.jpg 24w, https:\/\/cearacruz.com.br\/portal\/wp-content\/uploads\/2025\/08\/not_09_02_24_03-2-36x27.jpg 36w, https:\/\/cearacruz.com.br\/portal\/wp-content\/uploads\/2025\/08\/not_09_02_24_03-2-48x36.jpg 48w, https:\/\/cearacruz.com.br\/portal\/wp-content\/uploads\/2025\/08\/not_09_02_24_03-2.jpg 600w\" sizes=\"(max-width: 300px) 100vw, 300px\" \/><\/a>\n\t\t\t<\/div><\/figure><figure class='gallery-item'>\n\t\t\t<div class='gallery-icon landscape'>\n\t\t\t\t<a href='https:\/\/cearacruz.com.br\/portal\/gincana-de-interacao-no-centro-educacional-de-aracruz-cea-promove-espirito-de-equipe-e-diversao\/not_09_02_24_04-3\/'><img loading=\"lazy\" decoding=\"async\" width=\"300\" height=\"225\" src=\"https:\/\/cearacruz.com.br\/portal\/wp-content\/uploads\/2025\/08\/not_09_02_24_04-2-300x225.jpg\" class=\"attachment-medium size-medium\" alt=\"\" srcset=\"https:\/\/cearacruz.com.br\/portal\/wp-content\/uploads\/2025\/08\/not_09_02_24_04-2-300x225.jpg 300w, https:\/\/cearacruz.com.br\/portal\/wp-content\/uploads\/2025\/08\/not_09_02_24_04-2-24x18.jpg 24w, https:\/\/cearacruz.com.br\/portal\/wp-content\/uploads\/2025\/08\/not_09_02_24_04-2-36x27.jpg 36w, https:\/\/cearacruz.com.br\/portal\/wp-content\/uploads\/2025\/08\/not_09_02_24_04-2-48x36.jpg 48w, https:\/\/cearacruz.com.br\/portal\/wp-content\/uploads\/2025\/08\/not_09_02_24_04-2.jpg 600w\" sizes=\"(max-width: 300px) 100vw, 300px\" \/><\/a>\n\t\t\t<\/div><\/figure>\n\t\t<\/div>\n\n<p>O esp\u00edrito de equipe e integra\u00e7\u00e3o foram evidentes, com os estudantes do CEA divididos em equipes identificadas pelas cores \u201cAmarela\u201d, \u201cVermelha\u201d e \u201cVerde\u201d, com cada equipe composta por alunos do 1\u00ba ao 5\u00ba Ano. A competi\u00e7\u00e3o matutina viu a equipe \u201cVermelha\u201d emergir como vencedora, enquanto a \u201cAmarela\u201d conquistou o primeiro lugar no per\u00edodo vespertino. A gincana proporcionou momentos de intera\u00e7\u00e3o e coopera\u00e7\u00e3o entre os alunos do Ensino Fundamental, promovendo la\u00e7os e amizades entre eles.<\/p>\n<p>Ap\u00f3s a emocionante gincana, os estudantes desfrutaram de um delicioso piquenique no p\u00e1tio da escola, criando momentos de conviv\u00eancia e descontra\u00e7\u00e3o. O evento, que marcou a primeira semana de aula do ano de 2024, foi considerado enriquecedor e memor\u00e1vel pelos participantes. Os depoimentos dos alunos do per\u00edodo matutino refletem o entusiasmo e a alegria vivenciados durante a gincana e o piquenique:<\/p>\n<p>&#8211; <strong>Estev\u00e3o Gadioli Marcelino Rosa,<\/strong> do 1\u00ba Ano, expressou: <em>\u201cAchei muito legal, amei as brincadeiras e gostei que meu time ganhou\u201d.<\/em><em>\u00a0<\/em><\/p>\n<p>&#8211; <strong>Kyara Rizzi Tiago Rodrigues<\/strong>, tamb\u00e9m do 1\u00ba Ano, compartilhou: <em>\u201cEu achei legal, gostei que o nosso time ganhou e gostei das brincadeiras que participei\u201d.<\/em><\/p>\n<p>&#8211; <strong>L\u00edvia Ara\u00fajo Ventura, <\/strong>do 2\u00ba Ano \u201cB\u201d, afirmou: <em>\u201cGostei muito da gincana e do piquenique porque eu brinquei, me diverti e lanchei junto com os meus amigos\u201d.<\/em><\/p>\n<p>&#8211; <strong>Laura Pessotti Ribeiro Rui,<\/strong> do 3\u00ba Ano \u201cA\u201d, disse: <em>\u201cEu gostei do momento da gincana, da parte que tinha brincadeira do sorvete e tamb\u00e9m gostei muito do piquenique\u201d.<\/em><em>\u00a0<\/em><\/p>\n<p>&#8211; <strong>Pietro Blank Mac\u00eado,<\/strong> do 4\u00ba Ano \u201cA\u201d, comentou: <em>\u201cAchei muito legal e acho que poderia ter mais vezes porque foi muito divertido\u201d.<\/em><em>\u00a0<\/em><\/p>\n<p>&#8211; <strong>Th\u00e2milla Siqueira Crevelin Bermudes,<\/strong> do 5\u00ba Ano \u201cB\u201d, concluiu: <em>\u201cEu achei boa a gincana, gostei das brincadeiras e acho que deveria ter mais vezes. Eu estava no time amarelo\u201d.<\/em><em>\u00a0<\/em><\/p>\n<div id='gallery-2' class='gallery galleryid-28198 gallery-columns-3 gallery-size-medium'><figure class='gallery-item'>\n\t\t\t<div class='gallery-icon landscape'>\n\t\t\t\t<a href='https:\/\/cearacruz.com.br\/portal\/gincana-de-interacao-no-centro-educacional-de-aracruz-cea-promove-espirito-de-equipe-e-diversao\/not_09_02_24_05-3\/'><img loading=\"lazy\" decoding=\"async\" width=\"300\" height=\"225\" src=\"https:\/\/cearacruz.com.br\/portal\/wp-content\/uploads\/2025\/08\/not_09_02_24_05-2-300x225.jpg\" class=\"attachment-medium size-medium\" alt=\"\" srcset=\"https:\/\/cearacruz.com.br\/portal\/wp-content\/uploads\/2025\/08\/not_09_02_24_05-2-300x225.jpg 300w, https:\/\/cearacruz.com.br\/portal\/wp-content\/uploads\/2025\/08\/not_09_02_24_05-2-24x18.jpg 24w, https:\/\/cearacruz.com.br\/portal\/wp-content\/uploads\/2025\/08\/not_09_02_24_05-2-36x27.jpg 36w, https:\/\/cearacruz.com.br\/portal\/wp-content\/uploads\/2025\/08\/not_09_02_24_05-2-48x36.jpg 48w, https:\/\/cearacruz.com.br\/portal\/wp-content\/uploads\/2025\/08\/not_09_02_24_05-2.jpg 600w\" sizes=\"(max-width: 300px) 100vw, 300px\" \/><\/a>\n\t\t\t<\/div><\/figure><figure class='gallery-item'>\n\t\t\t<div class='gallery-icon landscape'>\n\t\t\t\t<a href='https:\/\/cearacruz.com.br\/portal\/gincana-de-interacao-no-centro-educacional-de-aracruz-cea-promove-espirito-de-equipe-e-diversao\/not_09_02_24_06-3\/'><img loading=\"lazy\" decoding=\"async\" width=\"300\" height=\"225\" src=\"https:\/\/cearacruz.com.br\/portal\/wp-content\/uploads\/2025\/08\/not_09_02_24_06-2-300x225.jpg\" class=\"attachment-medium size-medium\" alt=\"\" srcset=\"https:\/\/cearacruz.com.br\/portal\/wp-content\/uploads\/2025\/08\/not_09_02_24_06-2-300x225.jpg 300w, https:\/\/cearacruz.com.br\/portal\/wp-content\/uploads\/2025\/08\/not_09_02_24_06-2-24x18.jpg 24w, https:\/\/cearacruz.com.br\/portal\/wp-content\/uploads\/2025\/08\/not_09_02_24_06-2-36x27.jpg 36w, https:\/\/cearacruz.com.br\/portal\/wp-content\/uploads\/2025\/08\/not_09_02_24_06-2-48x36.jpg 48w, https:\/\/cearacruz.com.br\/portal\/wp-content\/uploads\/2025\/08\/not_09_02_24_06-2.jpg 600w\" sizes=\"(max-width: 300px) 100vw, 300px\" \/><\/a>\n\t\t\t<\/div><\/figure><figure class='gallery-item'>\n\t\t\t<div class='gallery-icon landscape'>\n\t\t\t\t<a href='https:\/\/cearacruz.com.br\/portal\/gincana-de-interacao-no-centro-educacional-de-aracruz-cea-promove-espirito-de-equipe-e-diversao\/not_09_02_24_07-3\/'><img loading=\"lazy\" decoding=\"async\" width=\"300\" height=\"225\" src=\"https:\/\/cearacruz.com.br\/portal\/wp-content\/uploads\/2025\/08\/not_09_02_24_07-2-300x225.jpg\" class=\"attachment-medium size-medium\" alt=\"\" srcset=\"https:\/\/cearacruz.com.br\/portal\/wp-content\/uploads\/2025\/08\/not_09_02_24_07-2-300x225.jpg 300w, https:\/\/cearacruz.com.br\/portal\/wp-content\/uploads\/2025\/08\/not_09_02_24_07-2-24x18.jpg 24w, https:\/\/cearacruz.com.br\/portal\/wp-content\/uploads\/2025\/08\/not_09_02_24_07-2-36x27.jpg 36w, https:\/\/cearacruz.com.br\/portal\/wp-content\/uploads\/2025\/08\/not_09_02_24_07-2-48x36.jpg 48w, https:\/\/cearacruz.com.br\/portal\/wp-content\/uploads\/2025\/08\/not_09_02_24_07-2.jpg 600w\" sizes=\"(max-width: 300px) 100vw, 300px\" \/><\/a>\n\t\t\t<\/div><\/figure>\n\t\t<\/div>\n\n<p>Em meio a risos, brincadeiras e um clima de anima\u00e7\u00e3o contagiante, os alunos do per\u00edodo vespertino do CEA compartilharam seus entusiasmados depoimentos ap\u00f3s a realiza\u00e7\u00e3o da gincana escolar. O evento, que envolveu competi\u00e7\u00f5es, jogos e um descontra\u00eddo piquenique, deixou marcada a mem\u00f3ria dos estudantes.<em>\u00a0<\/em><\/p>\n<p>&#8211; <strong>Ana Luiza Rigoni Deambrozi,<\/strong> do 3\u00ba Ano \u201cA\u201d, expressou sua alegria ao relatar:<em> \u201cEu gostei da gincana porque o meu time ganhou e depois teve o piquenique onde eu comi com os meus colegas. Achei legal\u201d.<\/em><em>\u00a0<\/em><\/p>\n<p>&#8211; <strong>Davi Oliveira Rangel,<\/strong> do 5\u00ba Ano \u201cA\u201d, foi sucinto, mas n\u00e3o menos efusivo:<em> \u201cGostei 100% da gincana\u201d.<\/em><em>\u00a0<\/em><\/p>\n<p>&#8211; <strong>Maria Clara do Ros\u00e1rio Mattiuzzi,<\/strong> do 2\u00ba Ano \u201cA\u201d, destacou sua prefer\u00eancia pela brincadeira dos cones:<em> \u201cAchei a gincana legal. Gostei mais da brincadeira dos cones. O piquenique foi muito legal, quero mais dias assim\u201d.<\/em><em>\u00a0<\/em><\/p>\n<p>&#8211; <strong>Matheus Barbosa Magalh\u00e3es,<\/strong> do 4\u00ba Ano, compartilhou sua empolga\u00e7\u00e3o ao comentar:<em> \u201cGostei muito da gincana, das brincadeiras, dos funcion\u00e1rios da escola. Foi muito divertido e animado\u201d.<\/em><em>\u00a0<\/em><\/p>\n<p>&#8211; <strong>Helena Tessarolo Del Pupo, <\/strong>do 6\u00ba Ano \u201cA\u201d, enfatizou a import\u00e2ncia da intera\u00e7\u00e3o e do prazer de brincar:<em> \u201cEu achei bem legal a gincana, pois interagi bastante com os colegas, me diverti muito com meus amigos. Mas, a minha brincadeira favorita foi o cabo de guerra. Tenho certeza que minha turma amou. O importante \u00e9 brincar, n\u00e3o ganhar ou perder\u201d.<\/em><em>\u00a0<\/em><\/p>\n<p>&#8211; <strong>Nicolas Santos Gadioli, <\/strong>tamb\u00e9m do 6\u00ba Ano \u201cA\u201d, expressou sua gratid\u00e3o \u00e0 escola:<em> &#8220;A gincana foi muito legal, trabalhou velocidade, for\u00e7a, equil\u00edbrio e muitas outras coisas. Com isso que, a escola CEA fez as crian\u00e7as e, tamb\u00e9m, os professores se divertirem muito. Mesmo um time perdendo, todos sa\u00edram se divertindo, perder ou ganhar n\u00e3o importa. Muito obrigado querida escola, que Deus aben\u00e7oe todos voc\u00eas\u201d.<\/em><em>\u00a0<\/em><\/p>\n<div id='gallery-3' class='gallery galleryid-28198 gallery-columns-3 gallery-size-medium'><figure class='gallery-item'>\n\t\t\t<div class='gallery-icon landscape'>\n\t\t\t\t<a href='https:\/\/cearacruz.com.br\/portal\/gincana-de-interacao-no-centro-educacional-de-aracruz-cea-promove-espirito-de-equipe-e-diversao\/not_09_02_24_08-3\/'><img loading=\"lazy\" decoding=\"async\" width=\"300\" height=\"225\" src=\"https:\/\/cearacruz.com.br\/portal\/wp-content\/uploads\/2025\/08\/not_09_02_24_08-2-300x225.jpg\" class=\"attachment-medium size-medium\" alt=\"\" srcset=\"https:\/\/cearacruz.com.br\/portal\/wp-content\/uploads\/2025\/08\/not_09_02_24_08-2-300x225.jpg 300w, https:\/\/cearacruz.com.br\/portal\/wp-content\/uploads\/2025\/08\/not_09_02_24_08-2-24x18.jpg 24w, https:\/\/cearacruz.com.br\/portal\/wp-content\/uploads\/2025\/08\/not_09_02_24_08-2-36x27.jpg 36w, https:\/\/cearacruz.com.br\/portal\/wp-content\/uploads\/2025\/08\/not_09_02_24_08-2-48x36.jpg 48w, https:\/\/cearacruz.com.br\/portal\/wp-content\/uploads\/2025\/08\/not_09_02_24_08-2.jpg 600w\" sizes=\"(max-width: 300px) 100vw, 300px\" \/><\/a>\n\t\t\t<\/div><\/figure><figure class='gallery-item'>\n\t\t\t<div class='gallery-icon landscape'>\n\t\t\t\t<a href='https:\/\/cearacruz.com.br\/portal\/gincana-de-interacao-no-centro-educacional-de-aracruz-cea-promove-espirito-de-equipe-e-diversao\/not_09_02_24_09-3\/'><img loading=\"lazy\" decoding=\"async\" width=\"300\" height=\"225\" src=\"https:\/\/cearacruz.com.br\/portal\/wp-content\/uploads\/2025\/08\/not_09_02_24_09-2-300x225.jpg\" class=\"attachment-medium size-medium\" alt=\"\" srcset=\"https:\/\/cearacruz.com.br\/portal\/wp-content\/uploads\/2025\/08\/not_09_02_24_09-2-300x225.jpg 300w, https:\/\/cearacruz.com.br\/portal\/wp-content\/uploads\/2025\/08\/not_09_02_24_09-2-24x18.jpg 24w, https:\/\/cearacruz.com.br\/portal\/wp-content\/uploads\/2025\/08\/not_09_02_24_09-2-36x27.jpg 36w, https:\/\/cearacruz.com.br\/portal\/wp-content\/uploads\/2025\/08\/not_09_02_24_09-2-48x36.jpg 48w, https:\/\/cearacruz.com.br\/portal\/wp-content\/uploads\/2025\/08\/not_09_02_24_09-2.jpg 600w\" sizes=\"(max-width: 300px) 100vw, 300px\" \/><\/a>\n\t\t\t<\/div><\/figure><figure class='gallery-item'>\n\t\t\t<div class='gallery-icon landscape'>\n\t\t\t\t<a href='https:\/\/cearacruz.com.br\/portal\/gincana-de-interacao-no-centro-educacional-de-aracruz-cea-promove-espirito-de-equipe-e-diversao\/not_09_02_24_10-3\/'><img loading=\"lazy\" decoding=\"async\" width=\"300\" height=\"225\" src=\"https:\/\/cearacruz.com.br\/portal\/wp-content\/uploads\/2025\/08\/not_09_02_24_10-2-300x225.jpg\" class=\"attachment-medium size-medium\" alt=\"\" srcset=\"https:\/\/cearacruz.com.br\/portal\/wp-content\/uploads\/2025\/08\/not_09_02_24_10-2-300x225.jpg 300w, https:\/\/cearacruz.com.br\/portal\/wp-content\/uploads\/2025\/08\/not_09_02_24_10-2-24x18.jpg 24w, https:\/\/cearacruz.com.br\/portal\/wp-content\/uploads\/2025\/08\/not_09_02_24_10-2-36x27.jpg 36w, https:\/\/cearacruz.com.br\/portal\/wp-content\/uploads\/2025\/08\/not_09_02_24_10-2-48x36.jpg 48w, https:\/\/cearacruz.com.br\/portal\/wp-content\/uploads\/2025\/08\/not_09_02_24_10-2.jpg 600w\" sizes=\"(max-width: 300px) 100vw, 300px\" \/><\/a>\n\t\t\t<\/div><\/figure>\n\t\t<\/div>\n\n<p>Esses depoimentos refletem n\u00e3o apenas a divers\u00e3o proporcionada pela gincana, mas tamb\u00e9m a import\u00e2ncia do esp\u00edrito esportivo e da conviv\u00eancia entre os colegas, ressaltando a atmosfera positiva cultivada pelo CEA. Certamente, a Gincana de Intera\u00e7\u00e3o foi um momento enriquecedor que marcou a primeira semana de aula do ano de 2024, fortalecendo os la\u00e7os entre os alunos e proporcionando lembran\u00e7as memor\u00e1veis ao refor\u00e7ar os valores fundamentais da educa\u00e7\u00e3o.<\/p>\n<p><strong>INFORMA\u00c7\u00d5ES \u00c0 IMPRENSA:<\/strong><strong><br \/>\nSetor de Comunica\u00e7\u00e3o e Marketing \u2013 Alessandro Bitti<br \/>\n<\/strong>Tel.: (27) 3302-8000 \u2013 E-mail: comunicacao@fsjb.edu.br \/ alessandro@fsjb.edu.br<\/p>\n","protected":false},"excerpt":{"rendered":"<p>Os corredores do Centro Educacional de Aracruz (CEA) estiveram repletos de risos, energia e esp\u00edrito competitivo durante a Gincana de Intera\u00e7\u00e3o que envolveu&#8230;<\/p>\n","protected":false},"author":1,"featured_media":28211,"comment_status":"open","ping_status":"open","sticky":false,"template":"","format":"standard","meta":{"om_disable_all_campaigns":false,"_exactmetrics_skip_tracking":false,"_exactmetrics_sitenote_active":false,"_exactmetrics_sitenote_note":"","_exactmetrics_sitenote_category":0,"_monsterinsights_skip_tracking":false,"_monsterinsights_sitenote_active":false,"_monsterinsights_sitenote_note":"","_monsterinsights_sitenote_category":0,"_uf_show_specific_survey":0,"_uf_disable_surveys":false,"footnotes":""},"categories":[7],"tags":[],"class_list":["post-28198","post","type-post","status-publish","format-standard","has-post-thumbnail","hentry","category-cea"],"aioseo_notices":[],"_links":{"self":[{"href":"https:\/\/cearacruz.com.br\/portal\/wp-json\/wp\/v2\/posts\/28198","targetHints":{"allow":["GET"]}}],"collection":[{"href":"https:\/\/cearacruz.com.br\/portal\/wp-json\/wp\/v2\/posts"}],"about":[{"href":"https:\/\/cearacruz.com.br\/portal\/wp-json\/wp\/v2\/types\/post"}],"author":[{"embeddable":true,"href":"https:\/\/cearacruz.com.br\/portal\/wp-json\/wp\/v2\/users\/1"}],"replies":[{"embeddable":true,"href":"https:\/\/cearacruz.com.br\/portal\/wp-json\/wp\/v2\/comments?post=28198"}],"version-history":[{"count":2,"href":"https:\/\/cearacruz.com.br\/portal\/wp-json\/wp\/v2\/posts\/28198\/revisions"}],"predecessor-version":[{"id":28210,"href":"https:\/\/cearacruz.com.br\/portal\/wp-json\/wp\/v2\/posts\/28198\/revisions\/28210"}],"wp:featuredmedia":[{"embeddable":true,"href":"https:\/\/cearacruz.com.br\/portal\/wp-json\/wp\/v2\/media\/28211"}],"wp:attachment":[{"href":"https:\/\/cearacruz.com.br\/portal\/wp-json\/wp\/v2\/media?parent=28198"}],"wp:term":[{"taxonomy":"category","embeddable":true,"href":"https:\/\/cearacruz.com.br\/portal\/wp-json\/wp\/v2\/categories?post=28198"},{"taxonomy":"post_tag","embeddable":true,"href":"https:\/\/cearacruz.com.br\/portal\/wp-json\/wp\/v2\/tags?post=28198"}],"curies":[{"name":"wp","href":"https:\/\/api.w.org\/{rel}","templated":true}]}}