{"id":28183,"date":"2024-02-08T14:37:49","date_gmt":"2024-02-08T14:37:49","guid":{"rendered":"https:\/\/cearacruz.com.br\/portal\/inicio-das-aulas-vespertinas-no-cea-um-novo-capitulo-na-escola\/"},"modified":"2025-08-18T19:58:48","modified_gmt":"2025-08-18T19:58:48","slug":"inicio-das-aulas-vespertinas-no-cea-um-novo-capitulo-na-escola","status":"publish","type":"post","link":"https:\/\/cearacruz.com.br\/portal\/inicio-das-aulas-vespertinas-no-cea-um-novo-capitulo-na-escola\/","title":{"rendered":"In\u00edcio das aulas vespertinas no CEA: Um novo cap\u00edtulo na escola"},"content":{"rendered":"<figure id=\"attachment_4597\" aria-describedby=\"caption-attachment-4597\" style=\"width: 600px\" class=\"wp-caption aligncenter\"><img fetchpriority=\"high\" decoding=\"async\" class=\"wp-image-4597 size-full\" src=\"https:\/\/cearacruz.com.br\/portal\/wp-content\/uploads\/2025\/08\/not_08_02_24_01-2.jpg\" alt=\"\" width=\"600\" height=\"450\" \/><figcaption id=\"caption-attachment-4597\" class=\"wp-caption-text\">Fotos: Keren Hapuc<\/figcaption><\/figure>\n<p>Quem passa em frente ao <a href=\"http:\/\/www.cearacruz.com.br\/portal\/\" target=\"_blank\" rel=\"noopener noreferrer\"><strong>Centro Educacional de Aracruz (CEA)<\/strong><\/a> j\u00e1 pode observar uma movimenta\u00e7\u00e3o diferente na escola, no per\u00edodo vespertino, isso porque o CEA, em 2024, est\u00e1 com turmas do 1\u00ba ao 6\u00ba Ano do Ensino Fundamental, inaugurando um novo cap\u00edtulo em sua hist\u00f3ria educacional. Pais e familiares dos novos alunos deixaram seus filhos na escola no \u00faltimo dia 05 de fevereiro, in\u00edcio das aulas, e foram recepcionados pela diretora escolar, prof.\u00aa Dr.\u00aa Adriana Recla Sarcinelli e pela supervisora escolar, Eleide B. C. Maulaz.<\/p>\n<p><em>\u201cHoje (05\/02) marca o in\u00edcio de um novo cap\u00edtulo emocionante na nossa comunidade escolar. Com grande alegria e satisfa\u00e7\u00e3o, inauguramos a turma do vespertino, dando in\u00edcio ao nosso primeiro ano letivo neste hor\u00e1rio e com 30 anos de hist\u00f3ria na educa\u00e7\u00e3o de Aracruz e regi\u00e3o. \u00c9 um momento de grande expectativa e entusiasmo, pois estamos comprometidos em oferecer um ensino de qualidade e oportunidades de aprendizado para todos\u201d,<\/em> afirmou a diretora escolar.<\/p>\n<div id='gallery-1' class='gallery galleryid-28183 gallery-columns-3 gallery-size-medium'><figure class='gallery-item'>\n\t\t\t<div class='gallery-icon landscape'>\n\t\t\t\t<a href='https:\/\/cearacruz.com.br\/portal\/inicio-das-aulas-vespertinas-no-cea-um-novo-capitulo-na-escola\/not_08_02_24_02-3\/'><img decoding=\"async\" width=\"300\" height=\"225\" src=\"https:\/\/cearacruz.com.br\/portal\/wp-content\/uploads\/2025\/08\/not_08_02_24_02-2-300x225.jpg\" class=\"attachment-medium size-medium\" alt=\"\" srcset=\"https:\/\/cearacruz.com.br\/portal\/wp-content\/uploads\/2025\/08\/not_08_02_24_02-2-300x225.jpg 300w, https:\/\/cearacruz.com.br\/portal\/wp-content\/uploads\/2025\/08\/not_08_02_24_02-2-24x18.jpg 24w, https:\/\/cearacruz.com.br\/portal\/wp-content\/uploads\/2025\/08\/not_08_02_24_02-2-36x27.jpg 36w, https:\/\/cearacruz.com.br\/portal\/wp-content\/uploads\/2025\/08\/not_08_02_24_02-2-48x36.jpg 48w, https:\/\/cearacruz.com.br\/portal\/wp-content\/uploads\/2025\/08\/not_08_02_24_02-2.jpg 600w\" sizes=\"(max-width: 300px) 100vw, 300px\" \/><\/a>\n\t\t\t<\/div><\/figure><figure class='gallery-item'>\n\t\t\t<div class='gallery-icon landscape'>\n\t\t\t\t<a href='https:\/\/cearacruz.com.br\/portal\/inicio-das-aulas-vespertinas-no-cea-um-novo-capitulo-na-escola\/not_08_02_24_03-3\/'><img decoding=\"async\" width=\"300\" height=\"225\" src=\"https:\/\/cearacruz.com.br\/portal\/wp-content\/uploads\/2025\/08\/not_08_02_24_03-2-300x225.jpg\" class=\"attachment-medium size-medium\" alt=\"\" srcset=\"https:\/\/cearacruz.com.br\/portal\/wp-content\/uploads\/2025\/08\/not_08_02_24_03-2-300x225.jpg 300w, https:\/\/cearacruz.com.br\/portal\/wp-content\/uploads\/2025\/08\/not_08_02_24_03-2-24x18.jpg 24w, https:\/\/cearacruz.com.br\/portal\/wp-content\/uploads\/2025\/08\/not_08_02_24_03-2-36x27.jpg 36w, https:\/\/cearacruz.com.br\/portal\/wp-content\/uploads\/2025\/08\/not_08_02_24_03-2-48x36.jpg 48w, https:\/\/cearacruz.com.br\/portal\/wp-content\/uploads\/2025\/08\/not_08_02_24_03-2.jpg 600w\" sizes=\"(max-width: 300px) 100vw, 300px\" \/><\/a>\n\t\t\t<\/div><\/figure><figure class='gallery-item'>\n\t\t\t<div class='gallery-icon landscape'>\n\t\t\t\t<a href='https:\/\/cearacruz.com.br\/portal\/inicio-das-aulas-vespertinas-no-cea-um-novo-capitulo-na-escola\/not_08_02_24_04-3\/'><img loading=\"lazy\" decoding=\"async\" width=\"300\" height=\"225\" src=\"https:\/\/cearacruz.com.br\/portal\/wp-content\/uploads\/2025\/08\/not_08_02_24_04-2-300x225.jpg\" class=\"attachment-medium size-medium\" alt=\"\" srcset=\"https:\/\/cearacruz.com.br\/portal\/wp-content\/uploads\/2025\/08\/not_08_02_24_04-2-300x225.jpg 300w, https:\/\/cearacruz.com.br\/portal\/wp-content\/uploads\/2025\/08\/not_08_02_24_04-2-24x18.jpg 24w, https:\/\/cearacruz.com.br\/portal\/wp-content\/uploads\/2025\/08\/not_08_02_24_04-2-36x27.jpg 36w, https:\/\/cearacruz.com.br\/portal\/wp-content\/uploads\/2025\/08\/not_08_02_24_04-2-48x36.jpg 48w, https:\/\/cearacruz.com.br\/portal\/wp-content\/uploads\/2025\/08\/not_08_02_24_04-2.jpg 600w\" sizes=\"(max-width: 300px) 100vw, 300px\" \/><\/a>\n\t\t\t<\/div><\/figure>\n\t\t<\/div>\n\n<p>A decis\u00e3o da escola de expandir para o turno vespertino \u00e9 um reflexo do compromisso cont\u00ednuo com a comunidade de Aracruz e cidades vizinhas, reconhecendo a import\u00e2ncia de proporcionar hor\u00e1rios flex\u00edveis que atendam \u00e0s necessidades dos alunos do CEA e suas fam\u00edlias. Com a introdu\u00e7\u00e3o das aulas \u00e0 tarde, o CEA est\u00e1 abrindo novas portas para o seu crescimento escolar.<\/p>\n<p>Segundo a supervisora escolar, Eleide B. C. Maulaz, a expectativa de crescimento \u00e9 palp\u00e1vel. <em>\u201cEstamos ansiosos para ver nossos alunos prosperarem neste novo ambiente de aprendizado. Com uma equipe dedicada de educadores e recursos cuidadosamente planejados, estamos confiantes de que cada aluno ter\u00e1 a oportunidade de alcan\u00e7ar seu pleno potencial\u201d.<\/em><\/p>\n<div id='gallery-2' class='gallery galleryid-28183 gallery-columns-3 gallery-size-medium'><figure class='gallery-item'>\n\t\t\t<div class='gallery-icon landscape'>\n\t\t\t\t<a href='https:\/\/cearacruz.com.br\/portal\/inicio-das-aulas-vespertinas-no-cea-um-novo-capitulo-na-escola\/not_08_02_24_05-3\/'><img loading=\"lazy\" decoding=\"async\" width=\"300\" height=\"225\" src=\"https:\/\/cearacruz.com.br\/portal\/wp-content\/uploads\/2025\/08\/not_08_02_24_05-2-300x225.jpg\" class=\"attachment-medium size-medium\" alt=\"\" srcset=\"https:\/\/cearacruz.com.br\/portal\/wp-content\/uploads\/2025\/08\/not_08_02_24_05-2-300x225.jpg 300w, https:\/\/cearacruz.com.br\/portal\/wp-content\/uploads\/2025\/08\/not_08_02_24_05-2-24x18.jpg 24w, https:\/\/cearacruz.com.br\/portal\/wp-content\/uploads\/2025\/08\/not_08_02_24_05-2-36x27.jpg 36w, https:\/\/cearacruz.com.br\/portal\/wp-content\/uploads\/2025\/08\/not_08_02_24_05-2-48x36.jpg 48w, https:\/\/cearacruz.com.br\/portal\/wp-content\/uploads\/2025\/08\/not_08_02_24_05-2.jpg 600w\" sizes=\"(max-width: 300px) 100vw, 300px\" \/><\/a>\n\t\t\t<\/div><\/figure><figure class='gallery-item'>\n\t\t\t<div class='gallery-icon landscape'>\n\t\t\t\t<a href='https:\/\/cearacruz.com.br\/portal\/inicio-das-aulas-vespertinas-no-cea-um-novo-capitulo-na-escola\/not_08_02_24_06-3\/'><img loading=\"lazy\" decoding=\"async\" width=\"300\" height=\"225\" src=\"https:\/\/cearacruz.com.br\/portal\/wp-content\/uploads\/2025\/08\/not_08_02_24_06-2-300x225.jpg\" class=\"attachment-medium size-medium\" alt=\"\" srcset=\"https:\/\/cearacruz.com.br\/portal\/wp-content\/uploads\/2025\/08\/not_08_02_24_06-2-300x225.jpg 300w, https:\/\/cearacruz.com.br\/portal\/wp-content\/uploads\/2025\/08\/not_08_02_24_06-2-24x18.jpg 24w, https:\/\/cearacruz.com.br\/portal\/wp-content\/uploads\/2025\/08\/not_08_02_24_06-2-36x27.jpg 36w, https:\/\/cearacruz.com.br\/portal\/wp-content\/uploads\/2025\/08\/not_08_02_24_06-2-48x36.jpg 48w, https:\/\/cearacruz.com.br\/portal\/wp-content\/uploads\/2025\/08\/not_08_02_24_06-2.jpg 600w\" sizes=\"(max-width: 300px) 100vw, 300px\" \/><\/a>\n\t\t\t<\/div><\/figure><figure class='gallery-item'>\n\t\t\t<div class='gallery-icon landscape'>\n\t\t\t\t<a href='https:\/\/cearacruz.com.br\/portal\/inicio-das-aulas-vespertinas-no-cea-um-novo-capitulo-na-escola\/not_08_02_24_07-3\/'><img loading=\"lazy\" decoding=\"async\" width=\"300\" height=\"225\" src=\"https:\/\/cearacruz.com.br\/portal\/wp-content\/uploads\/2025\/08\/not_08_02_24_07-2-300x225.jpg\" class=\"attachment-medium size-medium\" alt=\"\" srcset=\"https:\/\/cearacruz.com.br\/portal\/wp-content\/uploads\/2025\/08\/not_08_02_24_07-2-300x225.jpg 300w, https:\/\/cearacruz.com.br\/portal\/wp-content\/uploads\/2025\/08\/not_08_02_24_07-2-24x18.jpg 24w, https:\/\/cearacruz.com.br\/portal\/wp-content\/uploads\/2025\/08\/not_08_02_24_07-2-36x27.jpg 36w, https:\/\/cearacruz.com.br\/portal\/wp-content\/uploads\/2025\/08\/not_08_02_24_07-2-48x36.jpg 48w, https:\/\/cearacruz.com.br\/portal\/wp-content\/uploads\/2025\/08\/not_08_02_24_07-2.jpg 600w\" sizes=\"(max-width: 300px) 100vw, 300px\" \/><\/a>\n\t\t\t<\/div><\/figure>\n\t\t<\/div>\n\n<p>Mais do que nunca, o CEA \u00e9 um espa\u00e7o de oportunidades e descobertas. Afinal, a escola est\u00e1 comprometida em criar um ambiente acolhedor e inclusivo, onde cada aluno se sinta valorizado e capacitado a alcan\u00e7ar o sucesso. Com uma tradi\u00e7\u00e3o s\u00f3lida e uma proposta pedag\u00f3gica de excel\u00eancia, o CEA \u00e9 uma das institui\u00e7\u00f5es mais preparadas para receber crian\u00e7as e jovens em busca de uma educa\u00e7\u00e3o de qualidade.<\/p>\n<p>\u00c0 medida que nos embarcamos nessa jornada em prol da educa\u00e7\u00e3o, convidamos toda a comunidade a se juntar a n\u00f3s. Juntos, podemos moldar um futuro brilhante para os alunos e fortalecer os la\u00e7os que nos unem como uma comunidade educacional. Afinal, o CEA se destaca por diversos diferenciais que fazem dele uma escolha excepcional para a forma\u00e7\u00e3o dos estudantes.<\/p>\n<div id='gallery-3' class='gallery galleryid-28183 gallery-columns-3 gallery-size-medium'><figure class='gallery-item'>\n\t\t\t<div class='gallery-icon landscape'>\n\t\t\t\t<a href='https:\/\/cearacruz.com.br\/portal\/inicio-das-aulas-vespertinas-no-cea-um-novo-capitulo-na-escola\/not_08_02_24_08-3\/'><img loading=\"lazy\" decoding=\"async\" width=\"300\" height=\"225\" src=\"https:\/\/cearacruz.com.br\/portal\/wp-content\/uploads\/2025\/08\/not_08_02_24_08-2-300x225.jpg\" class=\"attachment-medium size-medium\" alt=\"\" srcset=\"https:\/\/cearacruz.com.br\/portal\/wp-content\/uploads\/2025\/08\/not_08_02_24_08-2-300x225.jpg 300w, https:\/\/cearacruz.com.br\/portal\/wp-content\/uploads\/2025\/08\/not_08_02_24_08-2-24x18.jpg 24w, https:\/\/cearacruz.com.br\/portal\/wp-content\/uploads\/2025\/08\/not_08_02_24_08-2-36x27.jpg 36w, https:\/\/cearacruz.com.br\/portal\/wp-content\/uploads\/2025\/08\/not_08_02_24_08-2-48x36.jpg 48w, https:\/\/cearacruz.com.br\/portal\/wp-content\/uploads\/2025\/08\/not_08_02_24_08-2.jpg 600w\" sizes=\"(max-width: 300px) 100vw, 300px\" \/><\/a>\n\t\t\t<\/div><\/figure><figure class='gallery-item'>\n\t\t\t<div class='gallery-icon landscape'>\n\t\t\t\t<a href='https:\/\/cearacruz.com.br\/portal\/inicio-das-aulas-vespertinas-no-cea-um-novo-capitulo-na-escola\/not_08_02_24_09-3\/'><img loading=\"lazy\" decoding=\"async\" width=\"300\" height=\"225\" src=\"https:\/\/cearacruz.com.br\/portal\/wp-content\/uploads\/2025\/08\/not_08_02_24_09-2-300x225.jpg\" class=\"attachment-medium size-medium\" alt=\"\" srcset=\"https:\/\/cearacruz.com.br\/portal\/wp-content\/uploads\/2025\/08\/not_08_02_24_09-2-300x225.jpg 300w, https:\/\/cearacruz.com.br\/portal\/wp-content\/uploads\/2025\/08\/not_08_02_24_09-2-24x18.jpg 24w, https:\/\/cearacruz.com.br\/portal\/wp-content\/uploads\/2025\/08\/not_08_02_24_09-2-36x27.jpg 36w, https:\/\/cearacruz.com.br\/portal\/wp-content\/uploads\/2025\/08\/not_08_02_24_09-2-48x36.jpg 48w, https:\/\/cearacruz.com.br\/portal\/wp-content\/uploads\/2025\/08\/not_08_02_24_09-2.jpg 600w\" sizes=\"(max-width: 300px) 100vw, 300px\" \/><\/a>\n\t\t\t<\/div><\/figure><figure class='gallery-item'>\n\t\t\t<div class='gallery-icon landscape'>\n\t\t\t\t<a href='https:\/\/cearacruz.com.br\/portal\/inicio-das-aulas-vespertinas-no-cea-um-novo-capitulo-na-escola\/not_08_02_24_10-3\/'><img loading=\"lazy\" decoding=\"async\" width=\"300\" height=\"225\" src=\"https:\/\/cearacruz.com.br\/portal\/wp-content\/uploads\/2025\/08\/not_08_02_24_10-2-300x225.jpg\" class=\"attachment-medium size-medium\" alt=\"\" srcset=\"https:\/\/cearacruz.com.br\/portal\/wp-content\/uploads\/2025\/08\/not_08_02_24_10-2-300x225.jpg 300w, https:\/\/cearacruz.com.br\/portal\/wp-content\/uploads\/2025\/08\/not_08_02_24_10-2-24x18.jpg 24w, https:\/\/cearacruz.com.br\/portal\/wp-content\/uploads\/2025\/08\/not_08_02_24_10-2-36x27.jpg 36w, https:\/\/cearacruz.com.br\/portal\/wp-content\/uploads\/2025\/08\/not_08_02_24_10-2-48x36.jpg 48w, https:\/\/cearacruz.com.br\/portal\/wp-content\/uploads\/2025\/08\/not_08_02_24_10-2.jpg 600w\" sizes=\"(max-width: 300px) 100vw, 300px\" \/><\/a>\n\t\t\t<\/div><\/figure>\n\t\t<\/div>\n\n<p>O futuro \u00e9 promissor, e mal podemos esperar para ver o que est\u00e1 reservado para a turma do vespertino em 2024. Aqui est\u00e1 a um ano letivo cheio de realiza\u00e7\u00f5es, crescimento e aprendizado. Mesmo com as turmas no vespertino, a escola mant\u00e9m a oferta de turmas no per\u00edodo matutino. O CEA \u00e9, portanto, uma escola completa, preparando os alunos para os desafios da educa\u00e7\u00e3o moderna. Venha para o CEA voc\u00ea tamb\u00e9m!<\/p>\n<p><strong>INFORMA\u00c7\u00d5ES \u00c0 IMPRENSA:<\/strong><strong><br \/>\nSetor de Comunica\u00e7\u00e3o e Marketing \u2013 Alessandro Bitti<br \/>\n<\/strong>Tel.: (27) 3302-8000 \u2013 E-mail: comunicacao@fsjb.edu.br \/ alessandro@fsjb.edu.br<\/p>\n","protected":false},"excerpt":{"rendered":"<p>Quem passa em frente ao Centro Educacional de Aracruz (CEA) j\u00e1 pode observar uma movimenta\u00e7\u00e3o diferente na escola, no per\u00edodo vespertino, isso porque o CEA,&#8230;<\/p>\n","protected":false},"author":1,"featured_media":28196,"comment_status":"open","ping_status":"open","sticky":false,"template":"","format":"standard","meta":{"om_disable_all_campaigns":false,"_exactmetrics_skip_tracking":false,"_exactmetrics_sitenote_active":false,"_exactmetrics_sitenote_note":"","_exactmetrics_sitenote_category":0,"_monsterinsights_skip_tracking":false,"_monsterinsights_sitenote_active":false,"_monsterinsights_sitenote_note":"","_monsterinsights_sitenote_category":0,"_uf_show_specific_survey":0,"_uf_disable_surveys":false,"footnotes":""},"categories":[7],"tags":[],"class_list":["post-28183","post","type-post","status-publish","format-standard","has-post-thumbnail","hentry","category-cea"],"aioseo_notices":[],"_links":{"self":[{"href":"https:\/\/cearacruz.com.br\/portal\/wp-json\/wp\/v2\/posts\/28183","targetHints":{"allow":["GET"]}}],"collection":[{"href":"https:\/\/cearacruz.com.br\/portal\/wp-json\/wp\/v2\/posts"}],"about":[{"href":"https:\/\/cearacruz.com.br\/portal\/wp-json\/wp\/v2\/types\/post"}],"author":[{"embeddable":true,"href":"https:\/\/cearacruz.com.br\/portal\/wp-json\/wp\/v2\/users\/1"}],"replies":[{"embeddable":true,"href":"https:\/\/cearacruz.com.br\/portal\/wp-json\/wp\/v2\/comments?post=28183"}],"version-history":[{"count":2,"href":"https:\/\/cearacruz.com.br\/portal\/wp-json\/wp\/v2\/posts\/28183\/revisions"}],"predecessor-version":[{"id":28195,"href":"https:\/\/cearacruz.com.br\/portal\/wp-json\/wp\/v2\/posts\/28183\/revisions\/28195"}],"wp:featuredmedia":[{"embeddable":true,"href":"https:\/\/cearacruz.com.br\/portal\/wp-json\/wp\/v2\/media\/28196"}],"wp:attachment":[{"href":"https:\/\/cearacruz.com.br\/portal\/wp-json\/wp\/v2\/media?parent=28183"}],"wp:term":[{"taxonomy":"category","embeddable":true,"href":"https:\/\/cearacruz.com.br\/portal\/wp-json\/wp\/v2\/categories?post=28183"},{"taxonomy":"post_tag","embeddable":true,"href":"https:\/\/cearacruz.com.br\/portal\/wp-json\/wp\/v2\/tags?post=28183"}],"curies":[{"name":"wp","href":"https:\/\/api.w.org\/{rel}","templated":true}]}}