{"id":28168,"date":"2024-02-07T16:37:37","date_gmt":"2024-02-07T16:37:37","guid":{"rendered":"https:\/\/cearacruz.com.br\/portal\/centro-educacional-de-aracruz-cea-recebe-alunos-para-o-inicio-do-ano-letivo-de-2024\/"},"modified":"2025-08-18T19:58:46","modified_gmt":"2025-08-18T19:58:46","slug":"centro-educacional-de-aracruz-cea-recebe-alunos-para-o-inicio-do-ano-letivo-de-2024","status":"publish","type":"post","link":"https:\/\/cearacruz.com.br\/portal\/centro-educacional-de-aracruz-cea-recebe-alunos-para-o-inicio-do-ano-letivo-de-2024\/","title":{"rendered":"Centro Educacional de Aracruz (CEA) recebe alunos para o in\u00edcio do ano letivo de 2024"},"content":{"rendered":"<figure id=\"attachment_4579\" aria-describedby=\"caption-attachment-4579\" style=\"width: 600px\" class=\"wp-caption aligncenter\"><img fetchpriority=\"high\" decoding=\"async\" class=\"wp-image-4579 size-full\" src=\"https:\/\/cearacruz.com.br\/portal\/wp-content\/uploads\/2025\/08\/not_07_02_24_01-2.jpg\" alt=\"\" width=\"600\" height=\"450\" \/><figcaption id=\"caption-attachment-4579\" class=\"wp-caption-text\">Fotos: Keren Hapuc<\/figcaption><\/figure>\n<p>O <a href=\"http:\/\/www.cearacruz.com.br\/portal\/\" target=\"_blank\" rel=\"noopener noreferrer\"><strong>Centro Educacional de Aracruz (CEA)<\/strong><\/a> deu as boas-vindas aos estudantes do Ensino Fundamental e M\u00e9dio, professores e familiares dos alunos para o in\u00edcio das atividades escolares do ano letivo de 2024. Com as aulas iniciadas no \u00faltimo dia 05, a institui\u00e7\u00e3o de ensino preparou uma s\u00e9rie de atividades para recepcionar os educandos em um ano que promete muitas novidades e aprendizados.<\/p>\n<div id='gallery-1' class='gallery galleryid-28168 gallery-columns-3 gallery-size-medium'><figure class='gallery-item'>\n\t\t\t<div class='gallery-icon landscape'>\n\t\t\t\t<a href='https:\/\/cearacruz.com.br\/portal\/centro-educacional-de-aracruz-cea-recebe-alunos-para-o-inicio-do-ano-letivo-de-2024\/not_07_02_24_02-3\/'><img decoding=\"async\" width=\"300\" height=\"225\" src=\"https:\/\/cearacruz.com.br\/portal\/wp-content\/uploads\/2025\/08\/not_07_02_24_02-2-300x225.jpg\" class=\"attachment-medium size-medium\" alt=\"\" srcset=\"https:\/\/cearacruz.com.br\/portal\/wp-content\/uploads\/2025\/08\/not_07_02_24_02-2-300x225.jpg 300w, https:\/\/cearacruz.com.br\/portal\/wp-content\/uploads\/2025\/08\/not_07_02_24_02-2-24x18.jpg 24w, https:\/\/cearacruz.com.br\/portal\/wp-content\/uploads\/2025\/08\/not_07_02_24_02-2-36x27.jpg 36w, https:\/\/cearacruz.com.br\/portal\/wp-content\/uploads\/2025\/08\/not_07_02_24_02-2-48x36.jpg 48w, https:\/\/cearacruz.com.br\/portal\/wp-content\/uploads\/2025\/08\/not_07_02_24_02-2.jpg 600w\" sizes=\"(max-width: 300px) 100vw, 300px\" \/><\/a>\n\t\t\t<\/div><\/figure><figure class='gallery-item'>\n\t\t\t<div class='gallery-icon landscape'>\n\t\t\t\t<a href='https:\/\/cearacruz.com.br\/portal\/centro-educacional-de-aracruz-cea-recebe-alunos-para-o-inicio-do-ano-letivo-de-2024\/not_07_02_24_03-3\/'><img decoding=\"async\" width=\"300\" height=\"225\" src=\"https:\/\/cearacruz.com.br\/portal\/wp-content\/uploads\/2025\/08\/not_07_02_24_03-2-300x225.jpg\" class=\"attachment-medium size-medium\" alt=\"\" srcset=\"https:\/\/cearacruz.com.br\/portal\/wp-content\/uploads\/2025\/08\/not_07_02_24_03-2-300x225.jpg 300w, https:\/\/cearacruz.com.br\/portal\/wp-content\/uploads\/2025\/08\/not_07_02_24_03-2-24x18.jpg 24w, https:\/\/cearacruz.com.br\/portal\/wp-content\/uploads\/2025\/08\/not_07_02_24_03-2-36x27.jpg 36w, https:\/\/cearacruz.com.br\/portal\/wp-content\/uploads\/2025\/08\/not_07_02_24_03-2-48x36.jpg 48w, https:\/\/cearacruz.com.br\/portal\/wp-content\/uploads\/2025\/08\/not_07_02_24_03-2.jpg 600w\" sizes=\"(max-width: 300px) 100vw, 300px\" \/><\/a>\n\t\t\t<\/div><\/figure><figure class='gallery-item'>\n\t\t\t<div class='gallery-icon landscape'>\n\t\t\t\t<a href='https:\/\/cearacruz.com.br\/portal\/centro-educacional-de-aracruz-cea-recebe-alunos-para-o-inicio-do-ano-letivo-de-2024\/not_07_02_24_04-3\/'><img loading=\"lazy\" decoding=\"async\" width=\"300\" height=\"225\" src=\"https:\/\/cearacruz.com.br\/portal\/wp-content\/uploads\/2025\/08\/not_07_02_24_04-2-300x225.jpg\" class=\"attachment-medium size-medium\" alt=\"\" srcset=\"https:\/\/cearacruz.com.br\/portal\/wp-content\/uploads\/2025\/08\/not_07_02_24_04-2-300x225.jpg 300w, https:\/\/cearacruz.com.br\/portal\/wp-content\/uploads\/2025\/08\/not_07_02_24_04-2-24x18.jpg 24w, https:\/\/cearacruz.com.br\/portal\/wp-content\/uploads\/2025\/08\/not_07_02_24_04-2-36x27.jpg 36w, https:\/\/cearacruz.com.br\/portal\/wp-content\/uploads\/2025\/08\/not_07_02_24_04-2-48x36.jpg 48w, https:\/\/cearacruz.com.br\/portal\/wp-content\/uploads\/2025\/08\/not_07_02_24_04-2.jpg 600w\" sizes=\"(max-width: 300px) 100vw, 300px\" \/><\/a>\n\t\t\t<\/div><\/figure>\n\t\t<\/div>\n\n<p>Desde o momento da chegada, os alunos foram envolvidos em uma atmosfera de acolhimento e intera\u00e7\u00e3o. A diretora escolar, prof.\u00aa Dr.\u00aa Adriana Recla Sarcinelli, fez quest\u00e3o de recepcionar os estudantes pessoalmente na entrada principal da institui\u00e7\u00e3o, demonstrando o compromisso da escola com a integra\u00e7\u00e3o e o bem-estar dos alunos. A equipe administrativa e pedag\u00f3gica do CEA se dedicou a proporcionar uma recep\u00e7\u00e3o calorosa, refletindo o esp\u00edrito de novidade e crescimento que marcar\u00e1 o ano de 2024 na institui\u00e7\u00e3o.<\/p>\n<div id='gallery-2' class='gallery galleryid-28168 gallery-columns-3 gallery-size-medium'><figure class='gallery-item'>\n\t\t\t<div class='gallery-icon landscape'>\n\t\t\t\t<a href='https:\/\/cearacruz.com.br\/portal\/centro-educacional-de-aracruz-cea-recebe-alunos-para-o-inicio-do-ano-letivo-de-2024\/not_07_02_24_05-3\/'><img loading=\"lazy\" decoding=\"async\" width=\"300\" height=\"225\" src=\"https:\/\/cearacruz.com.br\/portal\/wp-content\/uploads\/2025\/08\/not_07_02_24_05-2-300x225.jpg\" class=\"attachment-medium size-medium\" alt=\"\" srcset=\"https:\/\/cearacruz.com.br\/portal\/wp-content\/uploads\/2025\/08\/not_07_02_24_05-2-300x225.jpg 300w, https:\/\/cearacruz.com.br\/portal\/wp-content\/uploads\/2025\/08\/not_07_02_24_05-2-24x18.jpg 24w, https:\/\/cearacruz.com.br\/portal\/wp-content\/uploads\/2025\/08\/not_07_02_24_05-2-36x27.jpg 36w, https:\/\/cearacruz.com.br\/portal\/wp-content\/uploads\/2025\/08\/not_07_02_24_05-2-48x36.jpg 48w, https:\/\/cearacruz.com.br\/portal\/wp-content\/uploads\/2025\/08\/not_07_02_24_05-2.jpg 600w\" sizes=\"(max-width: 300px) 100vw, 300px\" \/><\/a>\n\t\t\t<\/div><\/figure><figure class='gallery-item'>\n\t\t\t<div class='gallery-icon landscape'>\n\t\t\t\t<a href='https:\/\/cearacruz.com.br\/portal\/centro-educacional-de-aracruz-cea-recebe-alunos-para-o-inicio-do-ano-letivo-de-2024\/not_07_02_24_06-3\/'><img loading=\"lazy\" decoding=\"async\" width=\"300\" height=\"225\" src=\"https:\/\/cearacruz.com.br\/portal\/wp-content\/uploads\/2025\/08\/not_07_02_24_06-2-300x225.jpg\" class=\"attachment-medium size-medium\" alt=\"\" srcset=\"https:\/\/cearacruz.com.br\/portal\/wp-content\/uploads\/2025\/08\/not_07_02_24_06-2-300x225.jpg 300w, https:\/\/cearacruz.com.br\/portal\/wp-content\/uploads\/2025\/08\/not_07_02_24_06-2-24x18.jpg 24w, https:\/\/cearacruz.com.br\/portal\/wp-content\/uploads\/2025\/08\/not_07_02_24_06-2-36x27.jpg 36w, https:\/\/cearacruz.com.br\/portal\/wp-content\/uploads\/2025\/08\/not_07_02_24_06-2-48x36.jpg 48w, https:\/\/cearacruz.com.br\/portal\/wp-content\/uploads\/2025\/08\/not_07_02_24_06-2.jpg 600w\" sizes=\"(max-width: 300px) 100vw, 300px\" \/><\/a>\n\t\t\t<\/div><\/figure><figure class='gallery-item'>\n\t\t\t<div class='gallery-icon landscape'>\n\t\t\t\t<a href='https:\/\/cearacruz.com.br\/portal\/centro-educacional-de-aracruz-cea-recebe-alunos-para-o-inicio-do-ano-letivo-de-2024\/not_07_02_24_07-3\/'><img loading=\"lazy\" decoding=\"async\" width=\"300\" height=\"225\" src=\"https:\/\/cearacruz.com.br\/portal\/wp-content\/uploads\/2025\/08\/not_07_02_24_07-2-300x225.jpg\" class=\"attachment-medium size-medium\" alt=\"\" srcset=\"https:\/\/cearacruz.com.br\/portal\/wp-content\/uploads\/2025\/08\/not_07_02_24_07-2-300x225.jpg 300w, https:\/\/cearacruz.com.br\/portal\/wp-content\/uploads\/2025\/08\/not_07_02_24_07-2-24x18.jpg 24w, https:\/\/cearacruz.com.br\/portal\/wp-content\/uploads\/2025\/08\/not_07_02_24_07-2-36x27.jpg 36w, https:\/\/cearacruz.com.br\/portal\/wp-content\/uploads\/2025\/08\/not_07_02_24_07-2-48x36.jpg 48w, https:\/\/cearacruz.com.br\/portal\/wp-content\/uploads\/2025\/08\/not_07_02_24_07-2.jpg 600w\" sizes=\"(max-width: 300px) 100vw, 300px\" \/><\/a>\n\t\t\t<\/div><\/figure>\n\t\t<\/div>\n\n<p>Um dos marcos desse ano letivo \u00e9 a inaugura\u00e7\u00e3o de um novo cap\u00edtulo na hist\u00f3ria educacional do CEA, com o in\u00edcio das aulas no per\u00edodo vespertino para os alunos do 1\u00ba ao 6\u00ba Ano do Ensino Fundamental. A comunidade escolar celebrou esse momento hist\u00f3rico com entusiasmo, antecipando as transforma\u00e7\u00f5es positivas que esse novo hor\u00e1rio trar\u00e1 para o ambiente educacional.<\/p>\n<p>O primeiro dia de aula foi repleto de atividades diversificadas, visando a integra\u00e7\u00e3o dos estudantes e proporcionando momentos significativos de aprendizado. Os docentes organizaram din\u00e2micas como \u201cM\u00fasica\u201d, \u201cEmo\u00e7\u00f5es\u201d, \u201cAbismo\u201d, \u201cAutoconhecimento\u201d, \u201cCultivando a Amizade\u201d e \u201cQuebra Gelo\u201d, buscando conhecer melhor os alunos e promover a intera\u00e7\u00e3o entre as turmas.<\/p>\n<div id='gallery-3' class='gallery galleryid-28168 gallery-columns-3 gallery-size-medium'><figure class='gallery-item'>\n\t\t\t<div class='gallery-icon landscape'>\n\t\t\t\t<a href='https:\/\/cearacruz.com.br\/portal\/centro-educacional-de-aracruz-cea-recebe-alunos-para-o-inicio-do-ano-letivo-de-2024\/not_07_02_24_08-3\/'><img loading=\"lazy\" decoding=\"async\" width=\"300\" height=\"225\" src=\"https:\/\/cearacruz.com.br\/portal\/wp-content\/uploads\/2025\/08\/not_07_02_24_08-2-300x225.jpg\" class=\"attachment-medium size-medium\" alt=\"\" srcset=\"https:\/\/cearacruz.com.br\/portal\/wp-content\/uploads\/2025\/08\/not_07_02_24_08-2-300x225.jpg 300w, https:\/\/cearacruz.com.br\/portal\/wp-content\/uploads\/2025\/08\/not_07_02_24_08-2-24x18.jpg 24w, https:\/\/cearacruz.com.br\/portal\/wp-content\/uploads\/2025\/08\/not_07_02_24_08-2-36x27.jpg 36w, https:\/\/cearacruz.com.br\/portal\/wp-content\/uploads\/2025\/08\/not_07_02_24_08-2-48x36.jpg 48w, https:\/\/cearacruz.com.br\/portal\/wp-content\/uploads\/2025\/08\/not_07_02_24_08-2.jpg 600w\" sizes=\"(max-width: 300px) 100vw, 300px\" \/><\/a>\n\t\t\t<\/div><\/figure><figure class='gallery-item'>\n\t\t\t<div class='gallery-icon landscape'>\n\t\t\t\t<a href='https:\/\/cearacruz.com.br\/portal\/centro-educacional-de-aracruz-cea-recebe-alunos-para-o-inicio-do-ano-letivo-de-2024\/not_07_02_24_09-3\/'><img loading=\"lazy\" decoding=\"async\" width=\"300\" height=\"225\" src=\"https:\/\/cearacruz.com.br\/portal\/wp-content\/uploads\/2025\/08\/not_07_02_24_09-2-300x225.jpg\" class=\"attachment-medium size-medium\" alt=\"\" srcset=\"https:\/\/cearacruz.com.br\/portal\/wp-content\/uploads\/2025\/08\/not_07_02_24_09-2-300x225.jpg 300w, https:\/\/cearacruz.com.br\/portal\/wp-content\/uploads\/2025\/08\/not_07_02_24_09-2-24x18.jpg 24w, https:\/\/cearacruz.com.br\/portal\/wp-content\/uploads\/2025\/08\/not_07_02_24_09-2-36x27.jpg 36w, https:\/\/cearacruz.com.br\/portal\/wp-content\/uploads\/2025\/08\/not_07_02_24_09-2-48x36.jpg 48w, https:\/\/cearacruz.com.br\/portal\/wp-content\/uploads\/2025\/08\/not_07_02_24_09-2.jpg 600w\" sizes=\"(max-width: 300px) 100vw, 300px\" \/><\/a>\n\t\t\t<\/div><\/figure><figure class='gallery-item'>\n\t\t\t<div class='gallery-icon landscape'>\n\t\t\t\t<a href='https:\/\/cearacruz.com.br\/portal\/centro-educacional-de-aracruz-cea-recebe-alunos-para-o-inicio-do-ano-letivo-de-2024\/not_07_02_24_10-3\/'><img loading=\"lazy\" decoding=\"async\" width=\"300\" height=\"225\" src=\"https:\/\/cearacruz.com.br\/portal\/wp-content\/uploads\/2025\/08\/not_07_02_24_10-2-300x225.jpg\" class=\"attachment-medium size-medium\" alt=\"\" srcset=\"https:\/\/cearacruz.com.br\/portal\/wp-content\/uploads\/2025\/08\/not_07_02_24_10-2-300x225.jpg 300w, https:\/\/cearacruz.com.br\/portal\/wp-content\/uploads\/2025\/08\/not_07_02_24_10-2-24x18.jpg 24w, https:\/\/cearacruz.com.br\/portal\/wp-content\/uploads\/2025\/08\/not_07_02_24_10-2-36x27.jpg 36w, https:\/\/cearacruz.com.br\/portal\/wp-content\/uploads\/2025\/08\/not_07_02_24_10-2-48x36.jpg 48w, https:\/\/cearacruz.com.br\/portal\/wp-content\/uploads\/2025\/08\/not_07_02_24_10-2.jpg 600w\" sizes=\"(max-width: 300px) 100vw, 300px\" \/><\/a>\n\t\t\t<\/div><\/figure>\n\t\t<\/div>\n\n<p>Al\u00e9m disso, a Ludom\u00e1tica, um jogo de \u201cVerdadeiro ou Falso\u201d, a montagem de um rel\u00f3gio num\u00e9rico e a \u201cCaixa dos Sonhos\u201d foram algumas das atividades desenvolvidas ao longo do dia. Essas din\u00e2micas tinham como objetivo incentivar a autoavalia\u00e7\u00e3o, promover a empatia entre os estudantes e explorar seus desejos e aspira\u00e7\u00f5es para o ano de 2024.<\/p>\n<p>Diante de um clima envolvente de aprendizado e intera\u00e7\u00e3o, o CEA se mostra determinado a proporcionar um ano letivo inesquec\u00edvel, marcado por novas experi\u00eancias e conquistas. Com a comunidade escolar unida e comprometida, o Centro Educacional de Aracruz projeta um ano de sucesso e crescimento para todos os seus membros com determina\u00e7\u00e3o e otimismo, prontos para mais um ciclo de aprendizado e realiza\u00e7\u00f5es.<\/p>\n<p><strong>INFORMA\u00c7\u00d5ES \u00c0 IMPRENSA:<\/strong><strong><br \/>\n<\/strong><strong>Setor de Comunica\u00e7\u00e3o e Marketing \u2013 Alessandro Bitti<\/strong><strong><br \/>\n<\/strong>Tel.: (27) 3302-8000 \u2013 E-mail: comunicacao@fsjb.edu.br \/ alessandro@fsjb.edu.br<\/p>\n","protected":false},"excerpt":{"rendered":"<p>O Centro Educacional de Aracruz (CEA) deu as boas-vindas aos estudantes do Ensino Fundamental e M\u00e9dio, professores e familiares dos alunos para o in\u00edcio das&#8230;<\/p>\n","protected":false},"author":1,"featured_media":28181,"comment_status":"open","ping_status":"open","sticky":false,"template":"","format":"standard","meta":{"om_disable_all_campaigns":false,"_exactmetrics_skip_tracking":false,"_exactmetrics_sitenote_active":false,"_exactmetrics_sitenote_note":"","_exactmetrics_sitenote_category":0,"_monsterinsights_skip_tracking":false,"_monsterinsights_sitenote_active":false,"_monsterinsights_sitenote_note":"","_monsterinsights_sitenote_category":0,"_uf_show_specific_survey":0,"_uf_disable_surveys":false,"footnotes":""},"categories":[7],"tags":[],"class_list":["post-28168","post","type-post","status-publish","format-standard","has-post-thumbnail","hentry","category-cea"],"aioseo_notices":[],"_links":{"self":[{"href":"https:\/\/cearacruz.com.br\/portal\/wp-json\/wp\/v2\/posts\/28168","targetHints":{"allow":["GET"]}}],"collection":[{"href":"https:\/\/cearacruz.com.br\/portal\/wp-json\/wp\/v2\/posts"}],"about":[{"href":"https:\/\/cearacruz.com.br\/portal\/wp-json\/wp\/v2\/types\/post"}],"author":[{"embeddable":true,"href":"https:\/\/cearacruz.com.br\/portal\/wp-json\/wp\/v2\/users\/1"}],"replies":[{"embeddable":true,"href":"https:\/\/cearacruz.com.br\/portal\/wp-json\/wp\/v2\/comments?post=28168"}],"version-history":[{"count":2,"href":"https:\/\/cearacruz.com.br\/portal\/wp-json\/wp\/v2\/posts\/28168\/revisions"}],"predecessor-version":[{"id":28180,"href":"https:\/\/cearacruz.com.br\/portal\/wp-json\/wp\/v2\/posts\/28168\/revisions\/28180"}],"wp:featuredmedia":[{"embeddable":true,"href":"https:\/\/cearacruz.com.br\/portal\/wp-json\/wp\/v2\/media\/28181"}],"wp:attachment":[{"href":"https:\/\/cearacruz.com.br\/portal\/wp-json\/wp\/v2\/media?parent=28168"}],"wp:term":[{"taxonomy":"category","embeddable":true,"href":"https:\/\/cearacruz.com.br\/portal\/wp-json\/wp\/v2\/categories?post=28168"},{"taxonomy":"post_tag","embeddable":true,"href":"https:\/\/cearacruz.com.br\/portal\/wp-json\/wp\/v2\/tags?post=28168"}],"curies":[{"name":"wp","href":"https:\/\/api.w.org\/{rel}","templated":true}]}}