{"id":28153,"date":"2024-02-06T17:22:54","date_gmt":"2024-02-06T17:22:54","guid":{"rendered":"https:\/\/cearacruz.com.br\/portal\/professores-do-cea-participam-de-capacitacao-com-enfoque-em-excelencia-educacional\/"},"modified":"2025-08-18T19:58:44","modified_gmt":"2025-08-18T19:58:44","slug":"professores-do-cea-participam-de-capacitacao-com-enfoque-em-excelencia-educacional","status":"publish","type":"post","link":"https:\/\/cearacruz.com.br\/portal\/professores-do-cea-participam-de-capacitacao-com-enfoque-em-excelencia-educacional\/","title":{"rendered":"Professores do CEA participam de capacita\u00e7\u00e3o com enfoque em excel\u00eancia educacional"},"content":{"rendered":"<figure id=\"attachment_4567\" aria-describedby=\"caption-attachment-4567\" style=\"width: 600px\" class=\"wp-caption aligncenter\"><img fetchpriority=\"high\" decoding=\"async\" class=\"wp-image-4567 size-full\" src=\"https:\/\/cearacruz.com.br\/portal\/wp-content\/uploads\/2025\/08\/not_06_02_24_01-2.jpg\" alt=\"\" width=\"600\" height=\"450\" \/><figcaption id=\"caption-attachment-4567\" class=\"wp-caption-text\">Fotos: Keren Hapuc e Alessandro Bitti<\/figcaption><\/figure>\n<p>Os professores do Ensino Fundamental e M\u00e9dio do <a href=\"http:\/\/www.cearacruz.com.br\/portal\/\" target=\"_blank\" rel=\"noopener noreferrer\"><strong>Centro Educacional de Aracruz (CEA)<\/strong><\/a> participaram de uma intensa semana de Capacita\u00e7\u00e3o Docente, que ocorreu de 29 de janeiro a 02 de fevereiro de 2024. O evento, realizado no miniaudit\u00f3rio da escola, teve como tema central \u201cCaminhos para a Excel\u00eancia Educacional: Estrat\u00e9gias para Desenvolver Pr\u00e1ticas de Ensino Eficazes\u201d.<\/p>\n<p>\u201cEducar com Excel\u00eancia: Novos Horizontes na Postura Profissional\u201d, foi o tema de abertura da capacita\u00e7\u00e3o, ministrado pela diretora escolar do CEA, prof.\u00aa Dr.\u00aa Adriana Recla Sarcinelli. Durante sua apresenta\u00e7\u00e3o, a diretora fez uma an\u00e1lise retrospectiva do ano de 2023 e compartilhou as metas da escola para 2024.<\/p>\n<p>Os docentes tamb\u00e9m tiveram a oportunidade de participar de uma palestra conduzida pela professora de Educa\u00e7\u00e3o Especial, Adriana Regina de Andrade Azeredo, sobre \u201cA import\u00e2ncia das adapta\u00e7\u00f5es curriculares para estudantes com dist\u00farbios de aprendizagem\u201d.<\/p>\n<p>A palestrante abordou temas como defici\u00eancia, transtorno global de desenvolvimento, altas habilidades\/superdota\u00e7\u00e3o e dist\u00farbios de aprendizagem, destacando a import\u00e2ncia dos Sistemas Educacionais Inclusivos.<\/p>\n<div id='gallery-1' class='gallery galleryid-28153 gallery-columns-3 gallery-size-medium'><figure class='gallery-item'>\n\t\t\t<div class='gallery-icon landscape'>\n\t\t\t\t<a href='https:\/\/cearacruz.com.br\/portal\/professores-do-cea-participam-de-capacitacao-com-enfoque-em-excelencia-educacional\/not_06_02_24_02-3\/'><img decoding=\"async\" width=\"300\" height=\"225\" src=\"https:\/\/cearacruz.com.br\/portal\/wp-content\/uploads\/2025\/08\/not_06_02_24_02-2-300x225.jpg\" class=\"attachment-medium size-medium\" alt=\"\" srcset=\"https:\/\/cearacruz.com.br\/portal\/wp-content\/uploads\/2025\/08\/not_06_02_24_02-2-300x225.jpg 300w, https:\/\/cearacruz.com.br\/portal\/wp-content\/uploads\/2025\/08\/not_06_02_24_02-2-24x18.jpg 24w, https:\/\/cearacruz.com.br\/portal\/wp-content\/uploads\/2025\/08\/not_06_02_24_02-2-36x27.jpg 36w, https:\/\/cearacruz.com.br\/portal\/wp-content\/uploads\/2025\/08\/not_06_02_24_02-2-48x36.jpg 48w, https:\/\/cearacruz.com.br\/portal\/wp-content\/uploads\/2025\/08\/not_06_02_24_02-2.jpg 600w\" sizes=\"(max-width: 300px) 100vw, 300px\" \/><\/a>\n\t\t\t<\/div><\/figure><figure class='gallery-item'>\n\t\t\t<div class='gallery-icon landscape'>\n\t\t\t\t<a href='https:\/\/cearacruz.com.br\/portal\/professores-do-cea-participam-de-capacitacao-com-enfoque-em-excelencia-educacional\/not_06_02_24_03-3\/'><img decoding=\"async\" width=\"300\" height=\"225\" src=\"https:\/\/cearacruz.com.br\/portal\/wp-content\/uploads\/2025\/08\/not_06_02_24_03-2-300x225.jpg\" class=\"attachment-medium size-medium\" alt=\"\" srcset=\"https:\/\/cearacruz.com.br\/portal\/wp-content\/uploads\/2025\/08\/not_06_02_24_03-2-300x225.jpg 300w, https:\/\/cearacruz.com.br\/portal\/wp-content\/uploads\/2025\/08\/not_06_02_24_03-2-24x18.jpg 24w, https:\/\/cearacruz.com.br\/portal\/wp-content\/uploads\/2025\/08\/not_06_02_24_03-2-36x27.jpg 36w, https:\/\/cearacruz.com.br\/portal\/wp-content\/uploads\/2025\/08\/not_06_02_24_03-2-48x36.jpg 48w, https:\/\/cearacruz.com.br\/portal\/wp-content\/uploads\/2025\/08\/not_06_02_24_03-2.jpg 600w\" sizes=\"(max-width: 300px) 100vw, 300px\" \/><\/a>\n\t\t\t<\/div><\/figure><figure class='gallery-item'>\n\t\t\t<div class='gallery-icon landscape'>\n\t\t\t\t<a href='https:\/\/cearacruz.com.br\/portal\/professores-do-cea-participam-de-capacitacao-com-enfoque-em-excelencia-educacional\/not_06_02_24_04-3\/'><img loading=\"lazy\" decoding=\"async\" width=\"300\" height=\"225\" src=\"https:\/\/cearacruz.com.br\/portal\/wp-content\/uploads\/2025\/08\/not_06_02_24_04-2-300x225.jpg\" class=\"attachment-medium size-medium\" alt=\"\" srcset=\"https:\/\/cearacruz.com.br\/portal\/wp-content\/uploads\/2025\/08\/not_06_02_24_04-2-300x225.jpg 300w, https:\/\/cearacruz.com.br\/portal\/wp-content\/uploads\/2025\/08\/not_06_02_24_04-2-24x18.jpg 24w, https:\/\/cearacruz.com.br\/portal\/wp-content\/uploads\/2025\/08\/not_06_02_24_04-2-36x27.jpg 36w, https:\/\/cearacruz.com.br\/portal\/wp-content\/uploads\/2025\/08\/not_06_02_24_04-2-48x36.jpg 48w, https:\/\/cearacruz.com.br\/portal\/wp-content\/uploads\/2025\/08\/not_06_02_24_04-2.jpg 600w\" sizes=\"(max-width: 300px) 100vw, 300px\" \/><\/a>\n\t\t\t<\/div><\/figure>\n\t\t<\/div>\n\n<p>Cristiene Perdig\u00e3o, educadora do N\u00facleo de Neurodesenvolvimento, discutiu os \u201cDesafios e Possibilidades \u00e0 luz da Psicopedagogia\u201d, enfatizando que a escola, embora seja um local privilegiado de encontro, muitas vezes n\u00e3o atende adequadamente os estudantes com dificuldades.<\/p>\n<p><em>\u201cMuitos alunos largam os estudos ou trilham o percurso utilizando mecanismos de sobreviv\u00eancia para driblar o tempo, os modelos, as exig\u00eancias burocr\u00e1ticas, as cobran\u00e7as dos professores, as humilha\u00e7\u00f5es sofridas e claro, as notas baixas. N\u00f3s, educadores, temos a for\u00e7a necess\u00e1ria para mudarmos a forma de ver a educa\u00e7\u00e3o\u201d, <\/em>frisou Perdig\u00e3o.<\/p>\n<p>Em 30 e 31 de janeiro, a psic\u00f3loga Yasmin Cheibub David trouxe reflex\u00f5es sobre \u201cImagem e Postura Profissional\u201d, incentivando os educadores a serem l\u00edderes emp\u00e1ticos. A import\u00e2ncia da rela\u00e7\u00e3o com o cliente na constru\u00e7\u00e3o da imagem institucional foi explorada, e conceitos de lideran\u00e7a foram discutidos.<\/p>\n<div id='gallery-2' class='gallery galleryid-28153 gallery-columns-3 gallery-size-medium'><figure class='gallery-item'>\n\t\t\t<div class='gallery-icon landscape'>\n\t\t\t\t<a href='https:\/\/cearacruz.com.br\/portal\/professores-do-cea-participam-de-capacitacao-com-enfoque-em-excelencia-educacional\/not_06_02_24_05-3\/'><img loading=\"lazy\" decoding=\"async\" width=\"300\" height=\"225\" src=\"https:\/\/cearacruz.com.br\/portal\/wp-content\/uploads\/2025\/08\/not_06_02_24_05-2-300x225.jpg\" class=\"attachment-medium size-medium\" alt=\"\" srcset=\"https:\/\/cearacruz.com.br\/portal\/wp-content\/uploads\/2025\/08\/not_06_02_24_05-2-300x225.jpg 300w, https:\/\/cearacruz.com.br\/portal\/wp-content\/uploads\/2025\/08\/not_06_02_24_05-2-24x18.jpg 24w, https:\/\/cearacruz.com.br\/portal\/wp-content\/uploads\/2025\/08\/not_06_02_24_05-2-36x27.jpg 36w, https:\/\/cearacruz.com.br\/portal\/wp-content\/uploads\/2025\/08\/not_06_02_24_05-2-48x36.jpg 48w, https:\/\/cearacruz.com.br\/portal\/wp-content\/uploads\/2025\/08\/not_06_02_24_05-2.jpg 600w\" sizes=\"(max-width: 300px) 100vw, 300px\" \/><\/a>\n\t\t\t<\/div><\/figure><figure class='gallery-item'>\n\t\t\t<div class='gallery-icon landscape'>\n\t\t\t\t<a href='https:\/\/cearacruz.com.br\/portal\/professores-do-cea-participam-de-capacitacao-com-enfoque-em-excelencia-educacional\/not_06_02_24_06-3\/'><img loading=\"lazy\" decoding=\"async\" width=\"300\" height=\"225\" src=\"https:\/\/cearacruz.com.br\/portal\/wp-content\/uploads\/2025\/08\/not_06_02_24_06-2-300x225.jpg\" class=\"attachment-medium size-medium\" alt=\"\" srcset=\"https:\/\/cearacruz.com.br\/portal\/wp-content\/uploads\/2025\/08\/not_06_02_24_06-2-300x225.jpg 300w, https:\/\/cearacruz.com.br\/portal\/wp-content\/uploads\/2025\/08\/not_06_02_24_06-2-24x18.jpg 24w, https:\/\/cearacruz.com.br\/portal\/wp-content\/uploads\/2025\/08\/not_06_02_24_06-2-36x27.jpg 36w, https:\/\/cearacruz.com.br\/portal\/wp-content\/uploads\/2025\/08\/not_06_02_24_06-2-48x36.jpg 48w, https:\/\/cearacruz.com.br\/portal\/wp-content\/uploads\/2025\/08\/not_06_02_24_06-2.jpg 600w\" sizes=\"(max-width: 300px) 100vw, 300px\" \/><\/a>\n\t\t\t<\/div><\/figure><figure class='gallery-item'>\n\t\t\t<div class='gallery-icon landscape'>\n\t\t\t\t<a href='https:\/\/cearacruz.com.br\/portal\/professores-do-cea-participam-de-capacitacao-com-enfoque-em-excelencia-educacional\/not_06_02_24_07-3\/'><img loading=\"lazy\" decoding=\"async\" width=\"300\" height=\"225\" src=\"https:\/\/cearacruz.com.br\/portal\/wp-content\/uploads\/2025\/08\/not_06_02_24_07-2-300x225.jpg\" class=\"attachment-medium size-medium\" alt=\"\" srcset=\"https:\/\/cearacruz.com.br\/portal\/wp-content\/uploads\/2025\/08\/not_06_02_24_07-2-300x225.jpg 300w, https:\/\/cearacruz.com.br\/portal\/wp-content\/uploads\/2025\/08\/not_06_02_24_07-2-24x18.jpg 24w, https:\/\/cearacruz.com.br\/portal\/wp-content\/uploads\/2025\/08\/not_06_02_24_07-2-36x27.jpg 36w, https:\/\/cearacruz.com.br\/portal\/wp-content\/uploads\/2025\/08\/not_06_02_24_07-2-48x36.jpg 48w, https:\/\/cearacruz.com.br\/portal\/wp-content\/uploads\/2025\/08\/not_06_02_24_07-2.jpg 600w\" sizes=\"(max-width: 300px) 100vw, 300px\" \/><\/a>\n\t\t\t<\/div><\/figure>\n\t\t<\/div>\n\n<p><em>\u201cVoc\u00eas s\u00e3o a Funda\u00e7\u00e3o S\u00e3o Jo\u00e3o Batista. N\u00e3o se esque\u00e7am, s\u00e3o voc\u00eas que vendem a imagem da institui\u00e7\u00e3o. Como propagadores de conhecimento, devem possuir capacidade de lideran\u00e7a, seja formal ou informal. A empatia foi eleita em 2021 pela Forbes como a habilidade mais importante para a lideran\u00e7a\u201d,<\/em> ressaltou Cheibub.<\/p>\n<p>No dia 1\u00ba de fevereiro, ocorreu um bate-papo entre os professores e a diretora escolar, prof.\u00aa Dr.\u00aa Adriana Recla Sarcinelli, seguido por uma apresenta\u00e7\u00e3o sobre \u201cEstrat\u00e9gias para utilizar o Laborat\u00f3rio Maker\u201d pelas docentes do CEA, Rafaela de Souza dos Santos e Fabiana Rigamonte Alves.<\/p>\n<p>Destacando a inova\u00e7\u00e3o na educa\u00e7\u00e3o, o professor da <a href=\"http:\/\/www.faacz.com.br\/portal\/\" target=\"_blank\" rel=\"noopener noreferrer\"><strong>FAACZ<\/strong><\/a> Dr. Harerton Dourado abordou o tema \u201cInova\u00e7\u00e3o Inteligente: Potencializando a Sala de Aula com o ChatGPT\u201d. Ele explicou conceitos de Intelig\u00eancia Artificial (IA) e apresentou o ChatGPT, ressaltando suas aplica\u00e7\u00f5es na educa\u00e7\u00e3o e oportunidades para melhorar a intera\u00e7\u00e3o entre professores e alunos.<\/p>\n<div id='gallery-3' class='gallery galleryid-28153 gallery-columns-3 gallery-size-medium'><figure class='gallery-item'>\n\t\t\t<div class='gallery-icon landscape'>\n\t\t\t\t<a href='https:\/\/cearacruz.com.br\/portal\/professores-do-cea-participam-de-capacitacao-com-enfoque-em-excelencia-educacional\/not_06_02_24_08-3\/'><img loading=\"lazy\" decoding=\"async\" width=\"300\" height=\"225\" src=\"https:\/\/cearacruz.com.br\/portal\/wp-content\/uploads\/2025\/08\/not_06_02_24_08-2-300x225.jpg\" class=\"attachment-medium size-medium\" alt=\"\" srcset=\"https:\/\/cearacruz.com.br\/portal\/wp-content\/uploads\/2025\/08\/not_06_02_24_08-2-300x225.jpg 300w, https:\/\/cearacruz.com.br\/portal\/wp-content\/uploads\/2025\/08\/not_06_02_24_08-2-24x18.jpg 24w, https:\/\/cearacruz.com.br\/portal\/wp-content\/uploads\/2025\/08\/not_06_02_24_08-2-36x27.jpg 36w, https:\/\/cearacruz.com.br\/portal\/wp-content\/uploads\/2025\/08\/not_06_02_24_08-2-48x36.jpg 48w, https:\/\/cearacruz.com.br\/portal\/wp-content\/uploads\/2025\/08\/not_06_02_24_08-2.jpg 600w\" sizes=\"(max-width: 300px) 100vw, 300px\" \/><\/a>\n\t\t\t<\/div><\/figure><figure class='gallery-item'>\n\t\t\t<div class='gallery-icon landscape'>\n\t\t\t\t<a href='https:\/\/cearacruz.com.br\/portal\/professores-do-cea-participam-de-capacitacao-com-enfoque-em-excelencia-educacional\/not_06_02_24_09-3\/'><img loading=\"lazy\" decoding=\"async\" width=\"300\" height=\"225\" src=\"https:\/\/cearacruz.com.br\/portal\/wp-content\/uploads\/2025\/08\/not_06_02_24_09-2-300x225.jpg\" class=\"attachment-medium size-medium\" alt=\"\" srcset=\"https:\/\/cearacruz.com.br\/portal\/wp-content\/uploads\/2025\/08\/not_06_02_24_09-2-300x225.jpg 300w, https:\/\/cearacruz.com.br\/portal\/wp-content\/uploads\/2025\/08\/not_06_02_24_09-2-24x18.jpg 24w, https:\/\/cearacruz.com.br\/portal\/wp-content\/uploads\/2025\/08\/not_06_02_24_09-2-36x27.jpg 36w, https:\/\/cearacruz.com.br\/portal\/wp-content\/uploads\/2025\/08\/not_06_02_24_09-2-48x36.jpg 48w, https:\/\/cearacruz.com.br\/portal\/wp-content\/uploads\/2025\/08\/not_06_02_24_09-2.jpg 600w\" sizes=\"(max-width: 300px) 100vw, 300px\" \/><\/a>\n\t\t\t<\/div><\/figure><figure class='gallery-item'>\n\t\t\t<div class='gallery-icon landscape'>\n\t\t\t\t<a href='https:\/\/cearacruz.com.br\/portal\/professores-do-cea-participam-de-capacitacao-com-enfoque-em-excelencia-educacional\/not_06_02_24_10-3\/'><img loading=\"lazy\" decoding=\"async\" width=\"300\" height=\"225\" src=\"https:\/\/cearacruz.com.br\/portal\/wp-content\/uploads\/2025\/08\/not_06_02_24_10-2-300x225.jpg\" class=\"attachment-medium size-medium\" alt=\"\" srcset=\"https:\/\/cearacruz.com.br\/portal\/wp-content\/uploads\/2025\/08\/not_06_02_24_10-2-300x225.jpg 300w, https:\/\/cearacruz.com.br\/portal\/wp-content\/uploads\/2025\/08\/not_06_02_24_10-2-24x18.jpg 24w, https:\/\/cearacruz.com.br\/portal\/wp-content\/uploads\/2025\/08\/not_06_02_24_10-2-36x27.jpg 36w, https:\/\/cearacruz.com.br\/portal\/wp-content\/uploads\/2025\/08\/not_06_02_24_10-2-48x36.jpg 48w, https:\/\/cearacruz.com.br\/portal\/wp-content\/uploads\/2025\/08\/not_06_02_24_10-2.jpg 600w\" sizes=\"(max-width: 300px) 100vw, 300px\" \/><\/a>\n\t\t\t<\/div><\/figure>\n\t\t<\/div>\n\n<p><em>\u201cO ChatGPT \u00e9 um modelo de IA que pode gerar texto de maneira coerente e contextual ap\u00f3s ter sido pr\u00e9-treinado em uma grande variedade de dados de texto. Pode ser acessado por uma multiplataforma de forma gratuita ou paga\u201d, <\/em>afirmou Dourado, destacando o potencial da ferramenta na personaliza\u00e7\u00e3o da aprendizagem.<\/p>\n<p>No encerramento da capacita\u00e7\u00e3o, em 02 de fevereiro, os professores realizaram planejamentos por \u00e1rea, do Ensino Fundamental I (do 1\u00ba ao 5\u00ba Ano) e II (do 6\u00ba ao 9\u00ba Ano), ao Ensino M\u00e9dio (da 1\u00aa a 3\u00aa S\u00e9rie), com o acompanhamento das supervisoras escolares, Eleide B. C. Maulaz e Ana Paula Pereira Martins da Silva Bertolini.<\/p>\n<p>A Capacita\u00e7\u00e3o Docente 2024 visa fortalecer o compromisso do Centro Educacional de Aracruz (CEA) com a qualidade educacional, preparando os seus educadores para os desafios do novo ano letivo.<\/p>\n<p><strong>INFORMA\u00c7\u00d5ES \u00c0 IMPRENSA:<\/strong><strong><br \/>\nSetor de Comunica\u00e7\u00e3o e Marketing \u2013 Alessandro Bitti<br \/>\n<\/strong>Tel.: (27) 3302-8000 \u2013 E-mail: comunicacao@fsjb.edu.br \/ alessandro@fsjb.edu.br<\/p>\n","protected":false},"excerpt":{"rendered":"<p>Os professores do Ensino Fundamental e M\u00e9dio do Centro Educacional de Aracruz (CEA) participaram de uma intensa semana de Capacita\u00e7\u00e3o Docente,&#8230;<\/p>\n","protected":false},"author":1,"featured_media":28166,"comment_status":"open","ping_status":"open","sticky":false,"template":"","format":"standard","meta":{"om_disable_all_campaigns":false,"_exactmetrics_skip_tracking":false,"_exactmetrics_sitenote_active":false,"_exactmetrics_sitenote_note":"","_exactmetrics_sitenote_category":0,"_monsterinsights_skip_tracking":false,"_monsterinsights_sitenote_active":false,"_monsterinsights_sitenote_note":"","_monsterinsights_sitenote_category":0,"_uf_show_specific_survey":0,"_uf_disable_surveys":false,"footnotes":""},"categories":[7],"tags":[],"class_list":["post-28153","post","type-post","status-publish","format-standard","has-post-thumbnail","hentry","category-cea"],"aioseo_notices":[],"_links":{"self":[{"href":"https:\/\/cearacruz.com.br\/portal\/wp-json\/wp\/v2\/posts\/28153","targetHints":{"allow":["GET"]}}],"collection":[{"href":"https:\/\/cearacruz.com.br\/portal\/wp-json\/wp\/v2\/posts"}],"about":[{"href":"https:\/\/cearacruz.com.br\/portal\/wp-json\/wp\/v2\/types\/post"}],"author":[{"embeddable":true,"href":"https:\/\/cearacruz.com.br\/portal\/wp-json\/wp\/v2\/users\/1"}],"replies":[{"embeddable":true,"href":"https:\/\/cearacruz.com.br\/portal\/wp-json\/wp\/v2\/comments?post=28153"}],"version-history":[{"count":2,"href":"https:\/\/cearacruz.com.br\/portal\/wp-json\/wp\/v2\/posts\/28153\/revisions"}],"predecessor-version":[{"id":28165,"href":"https:\/\/cearacruz.com.br\/portal\/wp-json\/wp\/v2\/posts\/28153\/revisions\/28165"}],"wp:featuredmedia":[{"embeddable":true,"href":"https:\/\/cearacruz.com.br\/portal\/wp-json\/wp\/v2\/media\/28166"}],"wp:attachment":[{"href":"https:\/\/cearacruz.com.br\/portal\/wp-json\/wp\/v2\/media?parent=28153"}],"wp:term":[{"taxonomy":"category","embeddable":true,"href":"https:\/\/cearacruz.com.br\/portal\/wp-json\/wp\/v2\/categories?post=28153"},{"taxonomy":"post_tag","embeddable":true,"href":"https:\/\/cearacruz.com.br\/portal\/wp-json\/wp\/v2\/tags?post=28153"}],"curies":[{"name":"wp","href":"https:\/\/api.w.org\/{rel}","templated":true}]}}