{"id":28027,"date":"2023-12-15T18:24:23","date_gmt":"2023-12-15T18:24:23","guid":{"rendered":"https:\/\/cearacruz.com.br\/portal\/centro-educacional-de-aracruz-encanta-publico-com-a-6a-exposicao-de-telas\/"},"modified":"2025-08-18T19:58:29","modified_gmt":"2025-08-18T19:58:29","slug":"centro-educacional-de-aracruz-encanta-publico-com-a-6a-exposicao-de-telas","status":"publish","type":"post","link":"https:\/\/cearacruz.com.br\/portal\/centro-educacional-de-aracruz-encanta-publico-com-a-6a-exposicao-de-telas\/","title":{"rendered":"Centro Educacional de Aracruz encanta p\u00fablico com a 6\u00aa Exposi\u00e7\u00e3o de Telas"},"content":{"rendered":"<figure id=\"attachment_4457\" aria-describedby=\"caption-attachment-4457\" style=\"width: 600px\" class=\"wp-caption aligncenter\"><img fetchpriority=\"high\" decoding=\"async\" class=\"wp-image-4457 size-full\" src=\"https:\/\/cearacruz.com.br\/portal\/wp-content\/uploads\/2025\/08\/not_15_12_23-3-2.jpg\" alt=\"\" width=\"600\" height=\"450\" \/><figcaption id=\"caption-attachment-4457\" class=\"wp-caption-text\">Fotos: Divulga\u00e7\u00e3o<\/figcaption><\/figure>\n<p>Entre os dias 24 de novembro e 06 de dezembro de 2023, o <a href=\"http:\/\/www.cearacruz.com.br\/portal\/\" target=\"_blank\" rel=\"noopener noreferrer\"><strong>Centro Educacional de Aracruz (CEA)<\/strong><\/a> brilhou mais uma vez ao realizar a 6\u00aa Exposi\u00e7\u00e3o de Telas, um evento que j\u00e1 se consolidou como uma tradi\u00e7\u00e3o no calend\u00e1rio escolar, destacou o talento e a criatividade dos estudantes dos 6\u00ba e 8\u00ba Anos do Ensino Fundamental, que foram os protagonistas desse espet\u00e1culo art\u00edstico. A mostra, realizada anualmente no mezanino do <a href=\"https:\/\/www.shoppingoriundi.com.br\/\" target=\"_blank\" rel=\"noopener noreferrer\"><strong>Shopping Oriundi,<\/strong> <\/a>em <a href=\"https:\/\/www.aracruz.es.gov.br\/\" target=\"_blank\" rel=\"noopener noreferrer\"><strong>Aracruz (ES),<\/strong><\/a> atraiu um p\u00fablico diversificado durante os treze dias de exibi\u00e7\u00e3o.<\/p>\n<p>Sob a orienta\u00e7\u00e3o da dedicada professora de Arte, Dulcin\u00e9ia Ruy Nossa, os alunos das turmas \u201cA\u201d, \u201cB\u201d, \u201cC\u201d e \u201cD\u201d dos 6\u00ba Anos, e \u201cA\u201d, \u201cB\u201d e \u201cC\u201d dos 8\u00ba Anos, exploraram t\u00e9cnicas variadas, como aquarela, acr\u00edlica, guache, pintura em pastel, colagem de tecido e p\u00e9rolas. Ao todo, foram produzidas 196 telas, abordando movimentos art\u00edsticos como Surrealismo, Abstracionismo, Cubismo, Futurismo, Pop Art, Op Art, bem como temas como Consci\u00eancia Negra e pontos tur\u00edsticos do Esp\u00edrito Santo.<\/p>\n<p>A experi\u00eancia n\u00e3o se limitou \u00e0 express\u00e3o art\u00edstica; os estudantes foram desafiados a realizar releituras de obras de grandes pintores, incluindo Leonardo da Vinci, Salvador Dal\u00ed, Andr\u00e9a Vieira, Maurits Cornelis Escher, Beatriz Milhazes, Piet Mondrian, Joan Mir\u00f3, Ren\u00e9 Magritte, Wassily Kandinsky, Tarsila do Amaral, entre outros. O trabalho aconteceu ao longo do 3\u00ba Trimestre Letivo, mostrando a habilidade dos alunos do Ensino Fundamental em conciliar a pintura em tela com as atividades regulares.<\/p>\n<div id='gallery-1' class='gallery galleryid-28027 gallery-columns-3 gallery-size-medium'><figure class='gallery-item'>\n\t\t\t<div class='gallery-icon landscape'>\n\t\t\t\t<a href='https:\/\/cearacruz.com.br\/portal\/centro-educacional-de-aracruz-encanta-publico-com-a-6a-exposicao-de-telas\/not_15_12_23-1-3\/'><img decoding=\"async\" width=\"300\" height=\"225\" src=\"https:\/\/cearacruz.com.br\/portal\/wp-content\/uploads\/2025\/08\/not_15_12_23-1-2-300x225.jpg\" class=\"attachment-medium size-medium\" alt=\"\" srcset=\"https:\/\/cearacruz.com.br\/portal\/wp-content\/uploads\/2025\/08\/not_15_12_23-1-2-300x225.jpg 300w, https:\/\/cearacruz.com.br\/portal\/wp-content\/uploads\/2025\/08\/not_15_12_23-1-2-24x18.jpg 24w, https:\/\/cearacruz.com.br\/portal\/wp-content\/uploads\/2025\/08\/not_15_12_23-1-2-36x27.jpg 36w, https:\/\/cearacruz.com.br\/portal\/wp-content\/uploads\/2025\/08\/not_15_12_23-1-2-48x36.jpg 48w, https:\/\/cearacruz.com.br\/portal\/wp-content\/uploads\/2025\/08\/not_15_12_23-1-2.jpg 600w\" sizes=\"(max-width: 300px) 100vw, 300px\" \/><\/a>\n\t\t\t<\/div><\/figure><figure class='gallery-item'>\n\t\t\t<div class='gallery-icon landscape'>\n\t\t\t\t<a href='https:\/\/cearacruz.com.br\/portal\/centro-educacional-de-aracruz-encanta-publico-com-a-6a-exposicao-de-telas\/not_15_12_23-2-3\/'><img decoding=\"async\" width=\"300\" height=\"225\" src=\"https:\/\/cearacruz.com.br\/portal\/wp-content\/uploads\/2025\/08\/not_15_12_23-2-2-300x225.jpg\" class=\"attachment-medium size-medium\" alt=\"\" srcset=\"https:\/\/cearacruz.com.br\/portal\/wp-content\/uploads\/2025\/08\/not_15_12_23-2-2-300x225.jpg 300w, https:\/\/cearacruz.com.br\/portal\/wp-content\/uploads\/2025\/08\/not_15_12_23-2-2-24x18.jpg 24w, https:\/\/cearacruz.com.br\/portal\/wp-content\/uploads\/2025\/08\/not_15_12_23-2-2-36x27.jpg 36w, https:\/\/cearacruz.com.br\/portal\/wp-content\/uploads\/2025\/08\/not_15_12_23-2-2-48x36.jpg 48w, https:\/\/cearacruz.com.br\/portal\/wp-content\/uploads\/2025\/08\/not_15_12_23-2-2.jpg 600w\" sizes=\"(max-width: 300px) 100vw, 300px\" \/><\/a>\n\t\t\t<\/div><\/figure><figure class='gallery-item'>\n\t\t\t<div class='gallery-icon landscape'>\n\t\t\t\t<a href='https:\/\/cearacruz.com.br\/portal\/centro-educacional-de-aracruz-encanta-publico-com-a-6a-exposicao-de-telas\/not_15_12_23-4-3\/'><img loading=\"lazy\" decoding=\"async\" width=\"300\" height=\"225\" src=\"https:\/\/cearacruz.com.br\/portal\/wp-content\/uploads\/2025\/08\/not_15_12_23-4-2-300x225.jpg\" class=\"attachment-medium size-medium\" alt=\"\" srcset=\"https:\/\/cearacruz.com.br\/portal\/wp-content\/uploads\/2025\/08\/not_15_12_23-4-2-300x225.jpg 300w, https:\/\/cearacruz.com.br\/portal\/wp-content\/uploads\/2025\/08\/not_15_12_23-4-2-24x18.jpg 24w, https:\/\/cearacruz.com.br\/portal\/wp-content\/uploads\/2025\/08\/not_15_12_23-4-2-36x27.jpg 36w, https:\/\/cearacruz.com.br\/portal\/wp-content\/uploads\/2025\/08\/not_15_12_23-4-2-48x36.jpg 48w, https:\/\/cearacruz.com.br\/portal\/wp-content\/uploads\/2025\/08\/not_15_12_23-4-2.jpg 600w\" sizes=\"(max-width: 300px) 100vw, 300px\" \/><\/a>\n\t\t\t<\/div><\/figure>\n\t\t<\/div>\n\n<p>Uma marca forte desta edi\u00e7\u00e3o foi a interdisciplinaridade, envolvendo n\u00e3o apenas a disciplina de Arte, mas tamb\u00e9m as disciplinas de Matem\u00e1tica, ministrada pela professora Maria Auxiliadora Dias da Silva Bandeira, e Geografia, ministrada pela professora Telma Silva de Jesus Oliveira. A prof.\u00aa Maria Auxiliadora ressaltou a satisfa\u00e7\u00e3o de realizar esse desejo de colaborar ativamente na organiza\u00e7\u00e3o das obras de arte e explorar a conex\u00e3o entre Arte e Matem\u00e1tica. Essa sinergia entre as disciplinas proporcionou uma abordagem \u00fanica e enriquecedora para os estudantes.<\/p>\n<p>A professora Dulcin\u00e9ia Ruy Nossa enfatizou a import\u00e2ncia da interdisciplinaridade, destacando a parceria bem-sucedida com as professoras de Matem\u00e1tica e Geografia, bem como a import\u00e2ncia da pintura em tela para o desenvolvimento dos alunos.<em> \u201cO brilho nos olhos dos estudantes produzindo obras era n\u00edtido, muita felicidade, momento m\u00e1gico com eles. A pintura em tela \u00e9 a representa\u00e7\u00e3o visual das cores e permite ao aluno a amplia\u00e7\u00e3o de sua sensibilidade, do pensamento art\u00edstico e da percep\u00e7\u00e3o est\u00e9tica, da autoestima e sa\u00fade mental\u201d, <\/em>expressou a docente do CEA.<\/p>\n<p>Uma das novidades que cativou o p\u00fablico este ano foi a intera\u00e7\u00e3o durante a visita, onde os visitantes puderam contribuir para a cria\u00e7\u00e3o de uma obra coletiva. Uma \u00e1rvore em uma tela, agora em exposi\u00e7\u00e3o na Secretaria Escolar do CEA, recebeu as marcas digitais dos visitantes, tornando-se uma representa\u00e7\u00e3o tang\u00edvel da colabora\u00e7\u00e3o entre a comunidade escolar e os visitantes. Al\u00e9m disso, crian\u00e7as presentes foram incentivadas a colorir reprodu\u00e7\u00f5es de obras de arte e contribuir para um varal de desenhos.<\/p>\n<h3><strong>Depoimentos que refletem o sucesso da Exposi\u00e7\u00e3o<\/strong><\/h3>\n<p>Pyettra Dalmaschio Pilissari, estudante do 8\u00ba Ano \u201cA\u201d: <em>\u201cA administra\u00e7\u00e3o da professora N\u00e9ia foi muito boa, a sua paci\u00eancia em momentos que nem eu tinha foi \u00f3tima. Nesse tempo, aprendi t\u00e9cnicas diferentes de pintura. A exposi\u00e7\u00e3o ficou espetacular. Gostei muito das intera\u00e7\u00f5es com o p\u00fablico, cada quadro mais lindo que o outro. Adorei a representatividade que a professora N\u00e9ia usou. J\u00e1 estou ansiosa para o pr\u00f3ximo ano\u201d.<\/em><\/p>\n<p>Ana Laura Loureiro Santana, do 6\u00ba Ano \u201cB\u201d: <em>\u201cEssa din\u00e2mica foi muito divertida e importante para o desenvolvimento de muitas crian\u00e7as e jovens da escola, CEA. Fiz amizades novas e aprofundei algumas antigas. Aprendi mais sobre cores e o mundo das artes, a ter mais organiza\u00e7\u00e3o com minhas coisas e de outras pessoas com as quais criei um certo afeto e amizade. Essa experi\u00eancia foi incr\u00edvel e o sentimento de ver a minha obra de arte em uma exposi\u00e7\u00e3o profissional, foi inexplic\u00e1vel\u201d.<\/em><\/p>\n<div id='gallery-2' class='gallery galleryid-28027 gallery-columns-3 gallery-size-medium'><figure class='gallery-item'>\n\t\t\t<div class='gallery-icon landscape'>\n\t\t\t\t<a href='https:\/\/cearacruz.com.br\/portal\/centro-educacional-de-aracruz-encanta-publico-com-a-6a-exposicao-de-telas\/not_15_12_23-5-3\/'><img loading=\"lazy\" decoding=\"async\" width=\"300\" height=\"225\" src=\"https:\/\/cearacruz.com.br\/portal\/wp-content\/uploads\/2025\/08\/not_15_12_23-5-2-300x225.jpg\" class=\"attachment-medium size-medium\" alt=\"\" srcset=\"https:\/\/cearacruz.com.br\/portal\/wp-content\/uploads\/2025\/08\/not_15_12_23-5-2-300x225.jpg 300w, https:\/\/cearacruz.com.br\/portal\/wp-content\/uploads\/2025\/08\/not_15_12_23-5-2-24x18.jpg 24w, https:\/\/cearacruz.com.br\/portal\/wp-content\/uploads\/2025\/08\/not_15_12_23-5-2-36x27.jpg 36w, https:\/\/cearacruz.com.br\/portal\/wp-content\/uploads\/2025\/08\/not_15_12_23-5-2-48x36.jpg 48w, https:\/\/cearacruz.com.br\/portal\/wp-content\/uploads\/2025\/08\/not_15_12_23-5-2.jpg 600w\" sizes=\"(max-width: 300px) 100vw, 300px\" \/><\/a>\n\t\t\t<\/div><\/figure><figure class='gallery-item'>\n\t\t\t<div class='gallery-icon landscape'>\n\t\t\t\t<a href='https:\/\/cearacruz.com.br\/portal\/centro-educacional-de-aracruz-encanta-publico-com-a-6a-exposicao-de-telas\/not_15_12_23-6-3\/'><img loading=\"lazy\" decoding=\"async\" width=\"300\" height=\"225\" src=\"https:\/\/cearacruz.com.br\/portal\/wp-content\/uploads\/2025\/08\/not_15_12_23-6-2-300x225.jpg\" class=\"attachment-medium size-medium\" alt=\"\" srcset=\"https:\/\/cearacruz.com.br\/portal\/wp-content\/uploads\/2025\/08\/not_15_12_23-6-2-300x225.jpg 300w, https:\/\/cearacruz.com.br\/portal\/wp-content\/uploads\/2025\/08\/not_15_12_23-6-2-24x18.jpg 24w, https:\/\/cearacruz.com.br\/portal\/wp-content\/uploads\/2025\/08\/not_15_12_23-6-2-36x27.jpg 36w, https:\/\/cearacruz.com.br\/portal\/wp-content\/uploads\/2025\/08\/not_15_12_23-6-2-48x36.jpg 48w, https:\/\/cearacruz.com.br\/portal\/wp-content\/uploads\/2025\/08\/not_15_12_23-6-2.jpg 600w\" sizes=\"(max-width: 300px) 100vw, 300px\" \/><\/a>\n\t\t\t<\/div><\/figure><figure class='gallery-item'>\n\t\t\t<div class='gallery-icon landscape'>\n\t\t\t\t<a href='https:\/\/cearacruz.com.br\/portal\/centro-educacional-de-aracruz-encanta-publico-com-a-6a-exposicao-de-telas\/not_15_12_23-7-3\/'><img loading=\"lazy\" decoding=\"async\" width=\"300\" height=\"225\" src=\"https:\/\/cearacruz.com.br\/portal\/wp-content\/uploads\/2025\/08\/not_15_12_23-7-2-300x225.jpg\" class=\"attachment-medium size-medium\" alt=\"\" srcset=\"https:\/\/cearacruz.com.br\/portal\/wp-content\/uploads\/2025\/08\/not_15_12_23-7-2-300x225.jpg 300w, https:\/\/cearacruz.com.br\/portal\/wp-content\/uploads\/2025\/08\/not_15_12_23-7-2-24x18.jpg 24w, https:\/\/cearacruz.com.br\/portal\/wp-content\/uploads\/2025\/08\/not_15_12_23-7-2-36x27.jpg 36w, https:\/\/cearacruz.com.br\/portal\/wp-content\/uploads\/2025\/08\/not_15_12_23-7-2-48x36.jpg 48w, https:\/\/cearacruz.com.br\/portal\/wp-content\/uploads\/2025\/08\/not_15_12_23-7-2.jpg 600w\" sizes=\"(max-width: 300px) 100vw, 300px\" \/><\/a>\n\t\t\t<\/div><\/figure>\n\t\t<\/div>\n\n<p>Katiane Piol Caron Rocha, m\u00e3e da aluna Esther Piol Rocha, do 6\u00ba Ano \u201cC\u201c: <em>\u201cA Exposi\u00e7\u00e3o de Telas no Oriundi ficou espetacular. Como fam\u00edlia admiramos a iniciativa da escola, da professora e o empenho dos alunos. Achamos que foi algo muito lindo e maravilhoso. A minha filha Esther do 6\u00ba Ano amou desenvolver esse trabalho\u201d.<\/em><\/p>\n<p>Maria Auxiliadora Dias da Silva Bandeira, professora da disciplina de Matem\u00e1tica: <em>\u201cFoi maravilhoso e me encheu de orgulho explorar a Arte na Matem\u00e1tica. Nas aulas, tivemos a oportunidade de conhecer grandes artistas que exploraram conceitos matem\u00e1ticos para a confec\u00e7\u00e3o de suas obras. Participar desse trabalho junto com a prof.\u00aa N\u00e9ia foi a realiza\u00e7\u00e3o de um antigo desenho. Este ano, participei efetivamente na organiza\u00e7\u00e3o dos quadros, das obras de arte feitas por nossos alunos\u201d.<\/em><\/p>\n<p>Dulcin\u00e9ia Ruy Nossa, professora da disciplina de Arte e respons\u00e1vel pela Exposi\u00e7\u00e3o: <em>\u201cA cada ano uma experi\u00eancia incr\u00edvel, diferente e desafiadora. Amo esse projeto e, nossos estudantes nos surpreendem a cada ano, demonstrando muito amor ao produzir as obras de arte, desde a compra das telas, escolha das obras, o desenho e a pintura. Eles arrasaram mais uma vez, muito orgulho dos nossos alunos\u201d.<\/em><\/p>\n<h3><strong>Perspectivas para o futuro<\/strong><\/h3>\n<div id='gallery-3' class='gallery galleryid-28027 gallery-columns-3 gallery-size-medium'><figure class='gallery-item'>\n\t\t\t<div class='gallery-icon landscape'>\n\t\t\t\t<a href='https:\/\/cearacruz.com.br\/portal\/centro-educacional-de-aracruz-encanta-publico-com-a-6a-exposicao-de-telas\/not_15_12_23-8-3\/'><img loading=\"lazy\" decoding=\"async\" width=\"300\" height=\"225\" src=\"https:\/\/cearacruz.com.br\/portal\/wp-content\/uploads\/2025\/08\/not_15_12_23-8-2-300x225.jpg\" class=\"attachment-medium size-medium\" alt=\"\" srcset=\"https:\/\/cearacruz.com.br\/portal\/wp-content\/uploads\/2025\/08\/not_15_12_23-8-2-300x225.jpg 300w, https:\/\/cearacruz.com.br\/portal\/wp-content\/uploads\/2025\/08\/not_15_12_23-8-2-24x18.jpg 24w, https:\/\/cearacruz.com.br\/portal\/wp-content\/uploads\/2025\/08\/not_15_12_23-8-2-36x27.jpg 36w, https:\/\/cearacruz.com.br\/portal\/wp-content\/uploads\/2025\/08\/not_15_12_23-8-2-48x36.jpg 48w, https:\/\/cearacruz.com.br\/portal\/wp-content\/uploads\/2025\/08\/not_15_12_23-8-2.jpg 600w\" sizes=\"(max-width: 300px) 100vw, 300px\" \/><\/a>\n\t\t\t<\/div><\/figure><figure class='gallery-item'>\n\t\t\t<div class='gallery-icon landscape'>\n\t\t\t\t<a href='https:\/\/cearacruz.com.br\/portal\/centro-educacional-de-aracruz-encanta-publico-com-a-6a-exposicao-de-telas\/not_15_12_23-9-3\/'><img loading=\"lazy\" decoding=\"async\" width=\"300\" height=\"225\" src=\"https:\/\/cearacruz.com.br\/portal\/wp-content\/uploads\/2025\/08\/not_15_12_23-9-2-300x225.jpg\" class=\"attachment-medium size-medium\" alt=\"\" srcset=\"https:\/\/cearacruz.com.br\/portal\/wp-content\/uploads\/2025\/08\/not_15_12_23-9-2-300x225.jpg 300w, https:\/\/cearacruz.com.br\/portal\/wp-content\/uploads\/2025\/08\/not_15_12_23-9-2-24x18.jpg 24w, https:\/\/cearacruz.com.br\/portal\/wp-content\/uploads\/2025\/08\/not_15_12_23-9-2-36x27.jpg 36w, https:\/\/cearacruz.com.br\/portal\/wp-content\/uploads\/2025\/08\/not_15_12_23-9-2-48x36.jpg 48w, https:\/\/cearacruz.com.br\/portal\/wp-content\/uploads\/2025\/08\/not_15_12_23-9-2.jpg 600w\" sizes=\"(max-width: 300px) 100vw, 300px\" \/><\/a>\n\t\t\t<\/div><\/figure><figure class='gallery-item'>\n\t\t\t<div class='gallery-icon landscape'>\n\t\t\t\t<a href='https:\/\/cearacruz.com.br\/portal\/centro-educacional-de-aracruz-encanta-publico-com-a-6a-exposicao-de-telas\/not_15_12_23-10-3\/'><img loading=\"lazy\" decoding=\"async\" width=\"300\" height=\"225\" src=\"https:\/\/cearacruz.com.br\/portal\/wp-content\/uploads\/2025\/08\/not_15_12_23-10-2-300x225.jpg\" class=\"attachment-medium size-medium\" alt=\"\" srcset=\"https:\/\/cearacruz.com.br\/portal\/wp-content\/uploads\/2025\/08\/not_15_12_23-10-2-300x225.jpg 300w, https:\/\/cearacruz.com.br\/portal\/wp-content\/uploads\/2025\/08\/not_15_12_23-10-2-24x18.jpg 24w, https:\/\/cearacruz.com.br\/portal\/wp-content\/uploads\/2025\/08\/not_15_12_23-10-2-36x27.jpg 36w, https:\/\/cearacruz.com.br\/portal\/wp-content\/uploads\/2025\/08\/not_15_12_23-10-2-48x36.jpg 48w, https:\/\/cearacruz.com.br\/portal\/wp-content\/uploads\/2025\/08\/not_15_12_23-10-2.jpg 600w\" sizes=\"(max-width: 300px) 100vw, 300px\" \/><\/a>\n\t\t\t<\/div><\/figure>\n\t\t<\/div>\n\n<p>Com o sucesso da 6\u00aa Exposi\u00e7\u00e3o de Telas, o Centro Educacional de Aracruz reafirma seu compromisso com a promo\u00e7\u00e3o da arte, da interdisciplinaridade e do desenvolvimento integral dos estudantes, reconhecendo o valor desta iniciativa que estimula a criatividade, a express\u00e3o art\u00edstica e fortalece os la\u00e7os entre educa\u00e7\u00e3o e cultura.<\/p>\n<p>O evento n\u00e3o s\u00f3 promoveu a aprecia\u00e7\u00e3o da arte, mas tamb\u00e9m fortaleceu a rela\u00e7\u00e3o entre estudantes, professores e comunidade escolar. A expectativa j\u00e1 est\u00e1 alta para a pr\u00f3xima edi\u00e7\u00e3o em 2024. Os olhares brilhantes e depoimentos emocionados revelam o impacto duradouro dessa experi\u00eancia art\u00edstica que deixou sua marca no cen\u00e1rio educacional e art\u00edstico de Aracruz, alimentando a paix\u00e3o pelo mundo das artes e promovendo o talento dos jovens artistas.<\/p>\n<p><strong>INFORMA\u00c7\u00d5ES \u00c0 IMPRENSA:<\/strong><strong><br \/>\nSetor de Comunica\u00e7\u00e3o e Marketing \u2013 Alessandro Bitti<br \/>\n<\/strong>Tel.: (27) 3302-8000 \u2013 E-mail: comunicacao@fsjb.edu.br \/ alessandro@fsjb.edu.br<\/p>\n","protected":false},"excerpt":{"rendered":"<p>Entre os dias 24 de novembro e 06 de dezembro de 2023, o Centro Educacional de Aracruz (CEA) brilhou mais uma vez ao realizar a 6\u00aa Exposi\u00e7\u00e3o de Telas,&#8230;<\/p>\n","protected":false},"author":1,"featured_media":28040,"comment_status":"open","ping_status":"open","sticky":false,"template":"","format":"standard","meta":{"om_disable_all_campaigns":false,"_exactmetrics_skip_tracking":false,"_exactmetrics_sitenote_active":false,"_exactmetrics_sitenote_note":"","_exactmetrics_sitenote_category":0,"_monsterinsights_skip_tracking":false,"_monsterinsights_sitenote_active":false,"_monsterinsights_sitenote_note":"","_monsterinsights_sitenote_category":0,"_uf_show_specific_survey":0,"_uf_disable_surveys":false,"footnotes":""},"categories":[7],"tags":[],"class_list":["post-28027","post","type-post","status-publish","format-standard","has-post-thumbnail","hentry","category-cea"],"aioseo_notices":[],"_links":{"self":[{"href":"https:\/\/cearacruz.com.br\/portal\/wp-json\/wp\/v2\/posts\/28027","targetHints":{"allow":["GET"]}}],"collection":[{"href":"https:\/\/cearacruz.com.br\/portal\/wp-json\/wp\/v2\/posts"}],"about":[{"href":"https:\/\/cearacruz.com.br\/portal\/wp-json\/wp\/v2\/types\/post"}],"author":[{"embeddable":true,"href":"https:\/\/cearacruz.com.br\/portal\/wp-json\/wp\/v2\/users\/1"}],"replies":[{"embeddable":true,"href":"https:\/\/cearacruz.com.br\/portal\/wp-json\/wp\/v2\/comments?post=28027"}],"version-history":[{"count":2,"href":"https:\/\/cearacruz.com.br\/portal\/wp-json\/wp\/v2\/posts\/28027\/revisions"}],"predecessor-version":[{"id":28039,"href":"https:\/\/cearacruz.com.br\/portal\/wp-json\/wp\/v2\/posts\/28027\/revisions\/28039"}],"wp:featuredmedia":[{"embeddable":true,"href":"https:\/\/cearacruz.com.br\/portal\/wp-json\/wp\/v2\/media\/28040"}],"wp:attachment":[{"href":"https:\/\/cearacruz.com.br\/portal\/wp-json\/wp\/v2\/media?parent=28027"}],"wp:term":[{"taxonomy":"category","embeddable":true,"href":"https:\/\/cearacruz.com.br\/portal\/wp-json\/wp\/v2\/categories?post=28027"},{"taxonomy":"post_tag","embeddable":true,"href":"https:\/\/cearacruz.com.br\/portal\/wp-json\/wp\/v2\/tags?post=28027"}],"curies":[{"name":"wp","href":"https:\/\/api.w.org\/{rel}","templated":true}]}}