{"id":27320,"date":"2023-07-20T12:48:30","date_gmt":"2023-07-20T12:48:30","guid":{"rendered":"https:\/\/cearacruz.com.br\/portal\/edicao-2023-do-cea-literario-e-sucesso-familiares-e-amigos-dos-estudantes-do-ensino-fundamental-e-medio-marcam-presenca-no-evento\/"},"modified":"2025-08-18T19:56:55","modified_gmt":"2025-08-18T19:56:55","slug":"edicao-2023-do-cea-literario-e-sucesso-familiares-e-amigos-dos-estudantes-do-ensino-fundamental-e-medio-marcam-presenca-no-evento","status":"publish","type":"post","link":"https:\/\/cearacruz.com.br\/portal\/edicao-2023-do-cea-literario-e-sucesso-familiares-e-amigos-dos-estudantes-do-ensino-fundamental-e-medio-marcam-presenca-no-evento\/","title":{"rendered":"Edi\u00e7\u00e3o 2023 do \u201cCEA Liter\u00e1rio\u201d \u00e9 sucesso! Familiares e amigos dos estudantes do Ensino Fundamental e M\u00e9dio marcam presen\u00e7a no evento"},"content":{"rendered":"<figure id=\"attachment_3711\" aria-describedby=\"caption-attachment-3711\" style=\"width: 600px\" class=\"wp-caption aligncenter\"><img fetchpriority=\"high\" decoding=\"async\" class=\"wp-image-3711 size-full\" src=\"https:\/\/cearacruz.com.br\/portal\/wp-content\/uploads\/2025\/08\/not_20_07_23-1-2.jpg\" alt=\"\" width=\"600\" height=\"450\" \/><figcaption id=\"caption-attachment-3711\" class=\"wp-caption-text\">Fotos: Alessandro Bitti<\/figcaption><\/figure>\n<p>A quadra poliesportiva do <a href=\"http:\/\/www.cearacruz.com.br\/portal\/\" target=\"_blank\" rel=\"noopener noreferrer\"><strong>Centro Educacional de Aracruz (CEA)<\/strong><\/a> foi o palco principal da edi\u00e7\u00e3o 2023 do projeto \u201cCEA Liter\u00e1rio\u201d realizado pelos alunos do 1\u00ba Ano do Ensino Fundamental \u00e0 3\u00aa S\u00e9rie do Ensino M\u00e9dio, nos dias 11, 12 e 13 de julho. O evento contou com a presen\u00e7a entusiasmada de familiares, amigos, professores, funcion\u00e1rios da equipe pedag\u00f3gica e administrativa, tornando-se um momento \u00fanico de intera\u00e7\u00e3o, aprendizado e celebra\u00e7\u00e3o da literatura.<\/p>\n<p>O \u201cCEA Liter\u00e1rio\u201d \u00e9 um evento anual que busca homenagear as fam\u00edlias dos alunos, incentivando a leitura e o compartilhamento do mundo liter\u00e1rio entre pais e filhos. Na cerim\u00f4nia de abertura, a diretora escolar, prof.\u00aa Adriana Recla Sarcinelli, enfatizou a import\u00e2ncia da reflex\u00e3o sobre a leitura e sua relev\u00e2ncia em nossas vidas, tanto na literatura brasileira como na internacional.<\/p>\n<p><img decoding=\"async\" class=\"aligncenter wp-image-3712 size-full\" src=\"https:\/\/cearacruz.com.br\/portal\/wp-content\/uploads\/2025\/08\/not_20_07_23-2-2.jpg\" alt=\"\" width=\"600\" height=\"450\" \/><\/p>\n<p><em>\u201cMais um ano que fazemos o \u201cCEA Liter\u00e1rio\u201d. Um evento pensado para ser uma homenagem \u00e0s fam\u00edlias de nossos alunos, para que voc\u00eas possam aproveitar esse momento de intera\u00e7\u00e3o com seus filhos. \u00c9 tamb\u00e9m um momento de reflex\u00e3o sobre o que lemos e para que lemos, bem como uma reflex\u00e3o sobre o que temos lido ultimamente. Afinal, precisamos nos alimentar de uma boa literatura e informa\u00e7\u00e3o, seja ela brasileira ou internacional. Esse momento foi organizado para que voc\u00eas possam se apaixonar pelo mundo da leitura, assim como seus filhos\u201d, <\/em>disse a diretora escolar.<\/p>\n<p>Representando a <a href=\"http:\/\/fsjb.edu.br\/portal\/\" target=\"_blank\" rel=\"noopener noreferrer\"><strong>Funda\u00e7\u00e3o S\u00e3o Jo\u00e3o Batista (FSJB),<\/strong><\/a> mantenedora do CEA, a presidente Celi Cabral ressaltou a satisfa\u00e7\u00e3o em receber as fam\u00edlias na escola e enfatizou a import\u00e2ncia da parceria entre a institui\u00e7\u00e3o e os pais no desenvolvimento educacional dos estudantes. O CEA, com 29 anos de hist\u00f3ria na educa\u00e7\u00e3o de Aracruz, reconhece a relev\u00e2ncia do apoio familiar para o sucesso educacional.<\/p>\n<p><img decoding=\"async\" class=\"aligncenter wp-image-3713 size-full\" src=\"https:\/\/cearacruz.com.br\/portal\/wp-content\/uploads\/2025\/08\/not_20_07_23-3-2.jpg\" alt=\"\" width=\"600\" height=\"450\" \/><\/p>\n<p><em>\u201c\u00c9 uma alegria muito grande para todos n\u00f3s, da Funda\u00e7\u00e3o S\u00e3o Jo\u00e3o Batista e do CEA, receb\u00ea-los, hoje, aqui na escola que escolheram para ser a escola de seus filhos. A presen\u00e7a da fam\u00edlia \u00e9 muito importante, pois \u00e9 necess\u00e1rio esse acompanhamento dos pais junto \u00e0 escola. Essa intera\u00e7\u00e3o entre escola e fam\u00edlia me deixa muito alegre. Afinal, o CEA vem fazendo a hist\u00f3ria da educa\u00e7\u00e3o em Aracruz h\u00e1 29 anos e o nosso sucesso \u00e9 em grande parte devido ao reconhecimento de nosso trabalho pela fam\u00edlia de nossos alunos. Por isso, agrade\u00e7o a presen\u00e7a de todos voc\u00eas. Muito obrigada e aproveitem \u00e0 noite\u201d, <\/em>destacou Celi Cabral.<em>\u00a0<\/em><\/p>\n<p><em>\u201cTenho certeza que hoje, voc\u00ea, seja adulto ou crian\u00e7a, ir\u00e1 sair daqui feliz e dando muitas gargalhadas. Sejam bem-vindos a nossa escola e ao mundo m\u00e1gico da leitura e da imagina\u00e7\u00e3o. Come\u00e7a agora a edi\u00e7\u00e3o 2023 do \u201cCEA Liter\u00e1rio\u201d. Todos os anos trazemos uma proposta diferente para esse evento que incentiva o h\u00e1bito da leitura. Ficamos felizes em poder desenvolver um momento de integra\u00e7\u00e3o entre a fam\u00edlia e escola, onde o nosso aluno se torna o protagonista de sua trajet\u00f3ria educacional, isso \u00e9, se torna o autor de suas atividades, por meio da autonomia\u201d, <\/em>pontuou a supervisora escolar do CEA, Eleide B. C. Maulaz, na abertura da edi\u00e7\u00e3o 2023 do evento.<\/p>\n<p><img loading=\"lazy\" decoding=\"async\" class=\"aligncenter wp-image-3714 size-full\" src=\"https:\/\/cearacruz.com.br\/portal\/wp-content\/uploads\/2025\/08\/not_20_07_23-6-2.jpg\" alt=\"\" width=\"600\" height=\"450\" \/><\/p>\n<p>Durante o \u201cCEA Liter\u00e1rio\u201d a quadra poliesportiva da escola, estava ornamentada e preparada para as apresenta\u00e7\u00f5es de teatro, declama\u00e7\u00f5es e dramatiza\u00e7\u00f5es de poemas e poesias, apresenta\u00e7\u00e3o musical, bem como outros espa\u00e7os escolares como a tenda tem\u00e1tica no p\u00e1tio principal, a Sala Maker, o audit\u00f3rio e, at\u00e9 mesmo, a sala de aula. Um dos objetivos do projeto \u00e9 tornar o educando protagonista e despert\u00e1-lo para o h\u00e1bito da leitura. Por isso, cada aluno do Ensino Fundamental e M\u00e9dio teve a oportunidade de participar de atividades espec\u00edficas, apropriadas \u00e0 sua faixa et\u00e1ria, o que tornou o \u201cCEA Liter\u00e1rio\u201d uma jornada rica em experi\u00eancias culturais e liter\u00e1rias.<\/p>\n<p>O pontap\u00e9 inicial do \u201cCEA Liter\u00e1rio\u201d foi dado pelos alunos do Ensino Fundamental (1\u00ba ao 6\u00ba Ano), no \u00faltimo dia 11. Na ocasi\u00e3o, os pequenos artistas apresentaram uma emocionante coreografia chamada \u201cO Livro M\u00e1gico\u201d, embalada pela m\u00fasica \u201cAquarela\u201d, de Toquinho. Logo ap\u00f3s, foi feita a apresenta\u00e7\u00e3o da Cia de Bonecos Tio Diu, que ensinou a garotada o verdadeiro significado de algumas palavras como respeito, amor e amizade, que fazem a diferen\u00e7a na vida de qualquer pessoa.<\/p>\n<p><img loading=\"lazy\" decoding=\"async\" class=\"aligncenter wp-image-3715 size-full\" src=\"https:\/\/cearacruz.com.br\/portal\/wp-content\/uploads\/2025\/08\/not_20_07_23-4-2.jpg\" alt=\"\" width=\"600\" height=\"450\" \/><\/p>\n<p>De forma l\u00fadica e alegre a garotada e seus familiares interagiram com os personagens: c\u00e3o Lupito, v\u00f4 Jos\u00e9, Gils\u00e3o, Chico chin\u00eas, pr\u00edncipe Sapoaldo, dentre outros e aprenderam direitinho como devemos tratar as pessoas, valorizar os nossos professores e a escola, bem como o valor da fam\u00edlia e como viver bem e com qualidade de vida em sociedade.<\/p>\n<p>Quem passou pelo p\u00e1tio principal da escola, p\u00f4de conferir a ornamenta\u00e7\u00e3o preparada pelos alunos do 6\u00ba Ano do Ensino Fundamental e os professores do CEA. Eles organizaram com todo carinho um espa\u00e7o tem\u00e1tico, com base no livro \u201cO Menino do Dedo Verde\u201d de Maurice Druon. A exposi\u00e7\u00e3o ambiental ofereceu mudas de \u00e1rvores nativas e frut\u00edferas doadas pela <a href=\"https:\/\/www.aracruz.es.gov.br\/\" target=\"_blank\" rel=\"noopener noreferrer\"><strong>Prefeitura de Aracruz<\/strong>,<\/a> incentivando o cuidado com a natureza.<\/p>\n<p><img loading=\"lazy\" decoding=\"async\" class=\"aligncenter wp-image-3717 size-full\" src=\"https:\/\/cearacruz.com.br\/portal\/wp-content\/uploads\/2025\/08\/not_20_07_23-7-2.jpg\" alt=\"\" width=\"600\" height=\"450\" \/><\/p>\n<p>Dando continuidade \u00e0 edi\u00e7\u00e3o 2023 do \u201cCEA Liter\u00e1rio\u201d, no dia 12 de julho, os estudantes dos 7\u00ba e 8\u00ba Anos do Ensino Fundamental realizaram na quadra poliesportiva declama\u00e7\u00e3o de poesias e apresenta\u00e7\u00f5es musicais coreografadas. Os alunos dos 7\u00ba Anos declamaram poesias e fizeram apresenta\u00e7\u00e3o da m\u00fasica \u201cDias Melhores\u201d, do Jota Quest. J\u00e1 os estudantes dos 8\u00ba Anos declamaram a poesia \u201cPaz Sem Fronteiras\u201d, de autoria do aluno do CEA do 8\u00ba Ano, turma \u201cB\u201d, Jo\u00e3o Pedro Pissinati Moraes. As apresenta\u00e7\u00f5es tiveram como finalidade promover mensagens de respeito, acolhimento e esperan\u00e7a a fim de promover a \u201cCultura de Paz\u201d.<\/p>\n<p>Fechando com chave de ouro a edi\u00e7\u00e3o 2023 do \u201cCEA Liter\u00e1rio\u201d, no dia 13 de julho, os estudantes dos 9\u00ba Anos do Ensino Fundamental encenaram contos, sempre promovendo mensagens positivas e enriquecedoras. J\u00e1 os alunos das 1\u00ba S\u00e9ries, turmas \u201cA\u201d e \u201cB\u201d apresentaram as pe\u00e7as teatrais: \u201cA Farsa de In\u00eas Pereira\u201d e \u201cDom Quixote\u201d, e encenaram uma \u201cDan\u00e7a Medieval\u201d.<\/p>\n<p><img loading=\"lazy\" decoding=\"async\" class=\"aligncenter wp-image-3716 size-full\" src=\"https:\/\/cearacruz.com.br\/portal\/wp-content\/uploads\/2025\/08\/not_20_07_23-9-2.jpg\" alt=\"\" width=\"600\" height=\"450\" \/><\/p>\n<p>Os estudantes do Ensino M\u00e9dio, tamb\u00e9m, ornamentaram a tenda do p\u00e1tio principal da escola e criaram a \u201cTaberna da Era Medieval\u201d, com venda de comidas e bebidas. Al\u00e9m da apresenta\u00e7\u00e3o musical de uma banda composta por alunos da 1\u00aa S\u00e9rie \u201cA\u201d e \u201cB\u201d, que encantou a todos com o seu repert\u00f3rio musical. J\u00e1 os alunos da 2\u00aa S\u00e9rie, turmas \u201cA\u201d e \u201cB\u201d, foram respons\u00e1veis pela produ\u00e7\u00e3o e apresenta\u00e7\u00e3o de um empolgante \u201cJ\u00fari Simulado\u201d, baseado em diversas narrativas realistas, pois os acusados s\u00e3o personagens do movimento denominado \u201cRealismo\u201d.<\/p>\n<p><img loading=\"lazy\" decoding=\"async\" class=\"aligncenter wp-image-3719 size-full\" src=\"https:\/\/cearacruz.com.br\/portal\/wp-content\/uploads\/2025\/08\/not_20_07_23-8-2.jpg\" alt=\"\" width=\"600\" height=\"450\" \/><\/p>\n<p>No final do j\u00fari, todos os presentes foram convidados a votar. Para isso, apontaram a c\u00e2mera dos seus celulares para o QR-Code entregue na entrada do audit\u00f3rio e acessaram o link que apareceu logo ap\u00f3s. \u00a0O \u201cJ\u00fari Simulado\u201d realizado pelos alunos do Ensino M\u00e9dio promoveu a interdisciplinaridade e teve como objetivo o desenvolvimento do poder de convencimento, abordagem coerente, argumenta\u00e7\u00e3o, organiza\u00e7\u00e3o, al\u00e9m de proporcionar aos estudantes a simula\u00e7\u00e3o de um J\u00fari, viver a postura de advogado, defesa e magistrado, dentre outros.<\/p>\n<p>Enquanto isso acontecia no audit\u00f3rio e outras apresenta\u00e7\u00f5es e atividades eram realizadas na sala de aula, no p\u00e1tio principal e na quadra poliesportiva, os estudantes da 3\u00aa S\u00e9rie do Ensino M\u00e9dio conduziram, simultaneamente, na Sala Maker um Talk Show: Programa de entrevistas intitulado \u201cDe frente com os modernistas\u201d. O programa foi pensado, ap\u00f3s os alunos do Ensino M\u00e9dio terem lido v\u00e1rias obras do per\u00edodo liter\u00e1rio denominado \u201cModernismo\u201d.<\/p>\n<p><img loading=\"lazy\" decoding=\"async\" class=\"aligncenter wp-image-3718 size-full\" src=\"https:\/\/cearacruz.com.br\/portal\/wp-content\/uploads\/2025\/08\/not_20_07_23-10-2.jpg\" alt=\"\" width=\"600\" height=\"450\" \/><\/p>\n<p>Dessa forma, os estudantes selecionaram personagens emblem\u00e1ticos de diferentes hist\u00f3rias e criaram uma esp\u00e9cie de entrevista para que a plateia presente pudesse conhecer cada um desses personagens, bem como, saber um pouco sobre aquilo que os escritores desejavam abordar nessa fase liter\u00e1ria. Afinal, o \u201cModernismo\u201d \u00e9 uma fase que defende uma literatura que seja a cara do Brasil, ou seja, as hist\u00f3rias criadas contemplam as regi\u00f5es brasileiras e as pessoas que nela est\u00e3o, bem como, a linguagem coloquial do povo, os problemas da Na\u00e7\u00e3o, a cultura e a natureza do nosso pa\u00eds.<\/p>\n<p><img loading=\"lazy\" decoding=\"async\" class=\"aligncenter wp-image-3720 size-full\" src=\"https:\/\/cearacruz.com.br\/portal\/wp-content\/uploads\/2025\/08\/not_20_07_23-5-2.jpg\" alt=\"\" width=\"600\" height=\"450\" \/><\/p>\n<p>A edi\u00e7\u00e3o 2023 do &#8220;CEA Liter\u00e1rio&#8221; foi, sem d\u00favida, uma celebra\u00e7\u00e3o da leitura, da imagina\u00e7\u00e3o e do aprendizado compartilhado entre escola e as fam\u00edlias dos estudantes do CEA. Os professores, a equipe pedag\u00f3gica e administrativa da escola, bem como os participantes do evento sa\u00edram satisfeitos e repletos de mem\u00f3rias inesquec\u00edveis. Que a literatura continue a inspirar e transformar a vida de todos os envolvidos, abrindo caminhos para um futuro ainda mais brilhante.<\/p>\n<p><strong>INFORMA\u00c7\u00d5ES \u00c0 IMPRENSA:<\/strong><strong><br \/>\nSetor de Comunica\u00e7\u00e3o e Marketing \u2013 Alessandro Bitti<br \/>\n<\/strong>Tel.: (27) 3302-8000 \u2013 E-mail: comunicacao@fsjb.edu.br \/ alessandro@fsjb.edu.br<\/p>\n","protected":false},"excerpt":{"rendered":"<p>A quadra poliesportiva do Centro Educacional de Aracruz (CEA) foi o palco principal da edi\u00e7\u00e3o 2023 do projeto \u201cCEA Liter\u00e1rio\u201d realizado&#8230;<\/p>\n","protected":false},"author":1,"featured_media":27332,"comment_status":"open","ping_status":"open","sticky":false,"template":"","format":"standard","meta":{"om_disable_all_campaigns":false,"_exactmetrics_skip_tracking":false,"_exactmetrics_sitenote_active":false,"_exactmetrics_sitenote_note":"","_exactmetrics_sitenote_category":0,"_monsterinsights_skip_tracking":false,"_monsterinsights_sitenote_active":false,"_monsterinsights_sitenote_note":"","_monsterinsights_sitenote_category":0,"_uf_show_specific_survey":0,"_uf_disable_surveys":false,"footnotes":""},"categories":[30],"tags":[],"class_list":["post-27320","post","type-post","status-publish","format-standard","has-post-thumbnail","hentry","category-cea-literario"],"aioseo_notices":[],"_links":{"self":[{"href":"https:\/\/cearacruz.com.br\/portal\/wp-json\/wp\/v2\/posts\/27320","targetHints":{"allow":["GET"]}}],"collection":[{"href":"https:\/\/cearacruz.com.br\/portal\/wp-json\/wp\/v2\/posts"}],"about":[{"href":"https:\/\/cearacruz.com.br\/portal\/wp-json\/wp\/v2\/types\/post"}],"author":[{"embeddable":true,"href":"https:\/\/cearacruz.com.br\/portal\/wp-json\/wp\/v2\/users\/1"}],"replies":[{"embeddable":true,"href":"https:\/\/cearacruz.com.br\/portal\/wp-json\/wp\/v2\/comments?post=27320"}],"version-history":[{"count":1,"href":"https:\/\/cearacruz.com.br\/portal\/wp-json\/wp\/v2\/posts\/27320\/revisions"}],"predecessor-version":[{"id":27331,"href":"https:\/\/cearacruz.com.br\/portal\/wp-json\/wp\/v2\/posts\/27320\/revisions\/27331"}],"wp:featuredmedia":[{"embeddable":true,"href":"https:\/\/cearacruz.com.br\/portal\/wp-json\/wp\/v2\/media\/27332"}],"wp:attachment":[{"href":"https:\/\/cearacruz.com.br\/portal\/wp-json\/wp\/v2\/media?parent=27320"}],"wp:term":[{"taxonomy":"category","embeddable":true,"href":"https:\/\/cearacruz.com.br\/portal\/wp-json\/wp\/v2\/categories?post=27320"},{"taxonomy":"post_tag","embeddable":true,"href":"https:\/\/cearacruz.com.br\/portal\/wp-json\/wp\/v2\/tags?post=27320"}],"curies":[{"name":"wp","href":"https:\/\/api.w.org\/{rel}","templated":true}]}}