{"id":26645,"date":"2022-12-01T21:58:21","date_gmt":"2022-12-01T21:58:21","guid":{"rendered":"https:\/\/cearacruz.com.br\/portal\/equipe-pedagogica-e-docentes-do-cea-fazem-momento-de-homenagem-as-vitimas-do-atentado-ocorrido-em-coqueiral-de-aracruz\/"},"modified":"2025-08-18T19:55:17","modified_gmt":"2025-08-18T19:55:17","slug":"equipe-pedagogica-e-docentes-do-cea-fazem-momento-de-homenagem-as-vitimas-do-atentado-ocorrido-em-coqueiral-de-aracruz","status":"publish","type":"post","link":"https:\/\/cearacruz.com.br\/portal\/equipe-pedagogica-e-docentes-do-cea-fazem-momento-de-homenagem-as-vitimas-do-atentado-ocorrido-em-coqueiral-de-aracruz\/","title":{"rendered":"Equipe pedag\u00f3gica e docentes do CEA fazem momento de homenagem \u00e0s v\u00edtimas do atentado ocorrido em Coqueiral de Aracruz"},"content":{"rendered":"<figure id=\"attachment_3024\" aria-describedby=\"caption-attachment-3024\" style=\"width: 600px\" class=\"wp-caption aligncenter\"><img fetchpriority=\"high\" decoding=\"async\" class=\"wp-image-3024 size-full\" src=\"https:\/\/cearacruz.com.br\/portal\/wp-content\/uploads\/2025\/08\/not_1o_12_2022_01-2.jpg\" alt=\"\" width=\"600\" height=\"450\" \/><figcaption id=\"caption-attachment-3024\" class=\"wp-caption-text\">Fotos: Alessandro Bitti<\/figcaption><\/figure>\n<p>A equipe pedag\u00f3gica e docentes do <a href=\"http:\/\/www.cearacruz.com.br\/portal\/\" target=\"_blank\" rel=\"noopener noreferrer\"><strong>Centro Educacional de Aracruz (CEA)<\/strong> <\/a>se reuniram, no \u00faltimo dia 28, com o objetivo de conversar e planejar a\u00e7\u00f5es importantes para acolher os alunos no retorno \u00e0 escola, ap\u00f3s os fatos ocorridos em duas institui\u00e7\u00f5es de ensino, uma p\u00fablica estadual e outra privada, localizadas no bairro Coqueiral, em Aracruz (ES). Tamb\u00e9m participaram do momento a diretora escolar, prof.\u00aa Adriana Recla Sarcinelli; a supervisora escolar, Eleide B. C. Maulaz e a presidente da Funda\u00e7\u00e3o S\u00e3o Jo\u00e3o Batista (FSJB), Celi Maria Guisso Cabral.<\/p>\n<p>Durante a reuni\u00e3o, os docentes do CEA puderem participar de um bate-papo com a psic\u00f3loga e coordenadora do <a href=\"http:\/\/www.faacz.com.br\/portal\/graduacao\/cursos\/psicologia\/\" target=\"_blank\" rel=\"noopener noreferrer\"><strong>curso de Psicologia da FAACZ<\/strong><\/a>, prof.\u00aa Karina de Andrade Fonseca. Na ocasi\u00e3o, os professores do Ensino Fundamental e M\u00e9dio externaram seus sentimentos, nesse momento de luto, pelos colegas de profiss\u00e3o e pela estudante que tiveram suas vidas, precocemente, interrompidas na \u00faltima sexta-feira, 25 de novembro.<\/p>\n<p><img decoding=\"async\" class=\"aligncenter wp-image-3025 size-full\" src=\"https:\/\/cearacruz.com.br\/portal\/wp-content\/uploads\/2025\/08\/not_1o_12_2022_02-2.jpg\" alt=\"\" width=\"600\" height=\"450\" \/><\/p>\n<p>Orientados pela psic\u00f3loga e equipe pedag\u00f3gica do CEA, os professores planejaram algumas a\u00e7\u00f5es para receber os alunos do Ensino Fundamental e M\u00e9dio de forma afetuosa, com o intuito de fazer os educandos se sentirem acolhidos e valorizados por toda equipe escolar. Na oportunidade, tamb\u00e9m foram divulgadas algumas medidas de seguran\u00e7a, que passam a valer na escola, para que o ano letivo seja encerrado de forma tranquila.<\/p>\n<p>Rachele de Jesus Oliveira, professora de L\u00edngua Portuguesa do Ensino Fundamental II do CEA, falou sobre o momento que foi realizado na escola para manifestar um minuto de sil\u00eancio e reflex\u00e3o sobre a trag\u00e9dia que vitimou v\u00e1rios professores e alunos em Coqueiral de Aracruz (ES).<\/p>\n<p><img decoding=\"async\" class=\"aligncenter wp-image-3026 size-full\" src=\"https:\/\/cearacruz.com.br\/portal\/wp-content\/uploads\/2025\/08\/not_1o_12_2022_03-2.jpg\" alt=\"\" width=\"600\" height=\"450\" \/><\/p>\n<p><em>\u201cAchei que a reuni\u00e3o foi de extremo cuidado, um extraordin\u00e1rio carinho da institui\u00e7\u00e3o para conosco, respeitando nossas limita\u00e7\u00f5es e nos ouvindo. Foi um momento de muito aprendizado, de muito acolhimento e valoriza\u00e7\u00e3o profissional\u201d, <\/em>afirmou a docente do CEA.<\/p>\n<p>Para o professor de L\u00edngua Inglesa, do Ensino Fundamental II e do Ensino M\u00e9dio do CEA, Anderson Giomar Silva Casais, a reuni\u00e3o foi proveitosa e o mais importante foi ter acontecido com a presen\u00e7a de uma psic\u00f3loga.<\/p>\n<p><em>\u201cTratamos de uma quest\u00e3o que \u00e9 de extrema import\u00e2ncia, que \u00e9 a sa\u00fade mental. Mesmo n\u00e3o tendo vivenciado a trag\u00e9dia que aconteceu em Coqueiral, essa situa\u00e7\u00e3o nos afetou de forma indireta. Assuntos como sa\u00fade mental e outros que permeiam a \u00e1rea de Educa\u00e7\u00e3o precisam ser discutidos com mais frequ\u00eancia entre os docentes, para que possamos saber lhe dar, de uma forma melhor, com os nossos alunos\u201d, <\/em>pontuou Casais.<em>\u00a0<\/em><\/p>\n<p><strong>INFORMA\u00c7\u00d5ES \u00c0 IMPRENSA:<\/strong><strong><br \/>\nSetor de Comunica\u00e7\u00e3o e Marketing \u2013 Alessandro Bitti<br \/>\n<\/strong>Tel.: (27) 3302-8000 \u2013 E-mail: comunicacao@fsjb.edu.br \/ alessandro@fsjb.edu.br<\/p>\n","protected":false},"excerpt":{"rendered":"<p>A equipe pedag\u00f3gica e docentes do Centro Educacional de Aracruz (CEA) se reuniram, no \u00faltimo dia 28, com o objetivo de conversar&#8230;<\/p>\n","protected":false},"author":1,"featured_media":26650,"comment_status":"open","ping_status":"open","sticky":false,"template":"","format":"standard","meta":{"om_disable_all_campaigns":false,"_exactmetrics_skip_tracking":false,"_exactmetrics_sitenote_active":false,"_exactmetrics_sitenote_note":"","_exactmetrics_sitenote_category":0,"_monsterinsights_skip_tracking":false,"_monsterinsights_sitenote_active":false,"_monsterinsights_sitenote_note":"","_monsterinsights_sitenote_category":0,"_uf_show_specific_survey":0,"_uf_disable_surveys":false,"footnotes":""},"categories":[7],"tags":[],"class_list":["post-26645","post","type-post","status-publish","format-standard","has-post-thumbnail","hentry","category-cea"],"aioseo_notices":[],"_links":{"self":[{"href":"https:\/\/cearacruz.com.br\/portal\/wp-json\/wp\/v2\/posts\/26645","targetHints":{"allow":["GET"]}}],"collection":[{"href":"https:\/\/cearacruz.com.br\/portal\/wp-json\/wp\/v2\/posts"}],"about":[{"href":"https:\/\/cearacruz.com.br\/portal\/wp-json\/wp\/v2\/types\/post"}],"author":[{"embeddable":true,"href":"https:\/\/cearacruz.com.br\/portal\/wp-json\/wp\/v2\/users\/1"}],"replies":[{"embeddable":true,"href":"https:\/\/cearacruz.com.br\/portal\/wp-json\/wp\/v2\/comments?post=26645"}],"version-history":[{"count":1,"href":"https:\/\/cearacruz.com.br\/portal\/wp-json\/wp\/v2\/posts\/26645\/revisions"}],"predecessor-version":[{"id":26649,"href":"https:\/\/cearacruz.com.br\/portal\/wp-json\/wp\/v2\/posts\/26645\/revisions\/26649"}],"wp:featuredmedia":[{"embeddable":true,"href":"https:\/\/cearacruz.com.br\/portal\/wp-json\/wp\/v2\/media\/26650"}],"wp:attachment":[{"href":"https:\/\/cearacruz.com.br\/portal\/wp-json\/wp\/v2\/media?parent=26645"}],"wp:term":[{"taxonomy":"category","embeddable":true,"href":"https:\/\/cearacruz.com.br\/portal\/wp-json\/wp\/v2\/categories?post=26645"},{"taxonomy":"post_tag","embeddable":true,"href":"https:\/\/cearacruz.com.br\/portal\/wp-json\/wp\/v2\/tags?post=26645"}],"curies":[{"name":"wp","href":"https:\/\/api.w.org\/{rel}","templated":true}]}}