{"id":26635,"date":"2022-11-30T22:26:00","date_gmt":"2022-11-30T22:26:00","guid":{"rendered":"https:\/\/cearacruz.com.br\/portal\/sucesso-e-a-palavra-que-define-a-primeira-feira-de-ciencias-tecnologia-e-inovacao-do-cea\/"},"modified":"2025-08-18T19:55:16","modified_gmt":"2025-08-18T19:55:16","slug":"sucesso-e-a-palavra-que-define-a-primeira-feira-de-ciencias-tecnologia-e-inovacao-do-cea","status":"publish","type":"post","link":"https:\/\/cearacruz.com.br\/portal\/sucesso-e-a-palavra-que-define-a-primeira-feira-de-ciencias-tecnologia-e-inovacao-do-cea\/","title":{"rendered":"Sucesso \u00e9 a palavra que define a primeira Feira de Ci\u00eancias, Tecnologia e Inova\u00e7\u00e3o do CEA"},"content":{"rendered":"<figure id=\"attachment_3012\" aria-describedby=\"caption-attachment-3012\" style=\"width: 600px\" class=\"wp-caption aligncenter\"><img fetchpriority=\"high\" decoding=\"async\" class=\"wp-image-3012 size-full\" src=\"https:\/\/cearacruz.com.br\/portal\/wp-content\/uploads\/2025\/08\/not_30_11_2022_01-2.jpg\" alt=\"\" width=\"600\" height=\"450\" \/><figcaption id=\"caption-attachment-3012\" class=\"wp-caption-text\">Fotos: Alessandro Bitti<\/figcaption><\/figure>\n<p>O <strong><a href=\"http:\/\/www.cearacruz.com.br\/portal\/\" target=\"_blank\" rel=\"noopener noreferrer\">Centro Educacional de Aracruz (CEA<\/a>)<\/strong> realizou, no \u00faltimo dia 18, a primeira \u201cFeira de Ci\u00eancias, Tecnologia e Inova\u00e7\u00e3o\u201d. O evento contou com a presen\u00e7a de pais e familiares dos alunos do Ensino Fundamental e M\u00e9dio, e foi aberto ao p\u00fablico em geral. Tamb\u00e9m marcaram presen\u00e7a, a diretora escolar do CEA, prof.\u00aa Adriana Recla Sarcinelli e a presidente da <a href=\"http:\/\/fsjb.edu.br\/portal\/\" target=\"_blank\" rel=\"noopener noreferrer\"><strong>Funda\u00e7\u00e3o S\u00e3o Jo\u00e3o Batista (FSJB),<\/strong><\/a> Celi Maria Guisso Cabral, al\u00e9m de professores, equipe pedag\u00f3gica e administrativa da escola.<\/p>\n<p>Na abertura do evento, que aconteceu na quadra poliesportiva, foram entregues aos estudantes dos 7\u00ba aos 9\u00ba Anos, do Ensino Fundamental, que participaram da <strong><a href=\"http:\/\/www.oba.org.br\/site\/\" target=\"_blank\" rel=\"noopener noreferrer\">25\u00aa Olimp\u00edada Brasileira de Astronomia e Astron\u00e1utica (OBA)<\/a><\/strong>, medalhas de Bronze, Prata e Ouro. Todos os alunos que participaram dessa edi\u00e7\u00e3o da OBA ir\u00e3o receber certificado, e os estudantes com as maiores notas ganharam medalhas. Os certificados ser\u00e3o enviados para os participantes at\u00e9 o final de 2022.<\/p>\n<p><em>\u201cEssa \u00e9 a primeira Feira de Ci\u00eancias, Tecnologia e Inova\u00e7\u00e3o que realizamos. Por isso, nossa escola tem hoje um dia muito importante. O CEA j\u00e1 entrou nessa pegada tecnol\u00f3gica, ensinando e colocando dentro do nosso curr\u00edculo escolar a tecnologia de modo did\u00e1tica, de forma que voc\u00eas, alunos, possam usufruir desse conhecimento futuramente. O momento, hoje, ir\u00e1 mostrar o que voc\u00eas estudaram, aprenderam e como a escola avan\u00e7ou nesse tipo de aprendizado\u201d, <\/em>disse a diretora escolar do CEA.<\/p>\n<p><img decoding=\"async\" class=\"aligncenter wp-image-3014 size-full\" src=\"https:\/\/cearacruz.com.br\/portal\/wp-content\/uploads\/2025\/08\/not_30_11_2022_03-2.jpg\" alt=\"\" width=\"600\" height=\"450\" \/><\/p>\n<h3><strong>Medalhistas da OBA 2022<\/strong><\/h3>\n<p>Os medalhistas de 2022 da OBA no Bronze s\u00e3o: Lucas Gnocchi da Rocha \u2013 8\u00ba Ano B, Tales Fraga Proscholdt \u2013 9\u00ba Ano B, Iury Mantovani Couto \u2013 9\u00ba Ano A, Rebeca Gadioli Marcelino Rosa \u2013 8\u00ba Ano B, Jos\u00e9 Rubens Pedrini Neto \u2013 9\u00ba Ano A, Ana Flavia de Castro Caetano \u2013 7\u00ba Ano B, V\u00edtor Rossoni Baraldi \u2013 9\u00ba Ano A, e Elisa Zucoloto Guasti \u2013 8\u00ba Ano A.<\/p>\n<p>J\u00e1 os medalhistas na Prata s\u00e3o: Asafe Rui Crevelin \u2013 7\u00ba Ano B, Helena Pessotti Ribeiro \u2013 8\u00ba Ano C, Gabriel dos Anjos do Nascimento \u2013 9\u00ba Ano B, Pedro Henrique Croce Peroni \u2013 8\u00ba Ano C, Iasmin Mattiuzzi Cust\u00f3dio \u2013 8\u00ba Ano A, Igor Tolentino Garuzzi \u2013 8\u00ba Ano C, Luiz Felipe da Vit\u00f3ria Mercier Lopes \u2013 8\u00ba Ano B, e Jo\u00e3o Pedro Vassoler Campagnaro \u2013 8\u00ba Ano A.<\/p>\n<p>Foram agraciados com a medalha de Ouro, os estudantes do Ensino Fundamental do CEA: Gabriel Deoclecio Cosme \u2013 7\u00ba Ano A, Mateus dos Reis Felix \u2013 7\u00ba Ano A, Natalya Giraldeli Godoy \u2013 7\u00ba Ano A, Gabriel Guzzo Campagnaro \u2013 7\u00ba Ano A, Leandro Carlesso Ribeiro \u2013 7\u00ba Ano A, Gabriel Zucoloto Guasti \u2013 8\u00ba Ano A, e F\u00e1bio Ferreira Romaneli Filho \u2013 8\u00ba Ano C.<\/p>\n<p><img decoding=\"async\" class=\"aligncenter wp-image-3019 size-full\" src=\"https:\/\/cearacruz.com.br\/portal\/wp-content\/uploads\/2025\/08\/not_30_11_2022_05-2.jpg\" alt=\"\" width=\"600\" height=\"450\" \/><\/p>\n<h3><strong>Campe\u00f5es da 23\u00aa edi\u00e7\u00e3o do JOEMA<\/strong><\/h3>\n<p>Na ocasi\u00e3o, tamb\u00e9m foram homenageados pelo Centro Educacional de Aracruz (CEA) 12 atletas do Ensino Fundamental II, que participaram da 23\u00aa edi\u00e7\u00e3o dos Jogos Escolares Municipais de Aracruz (JOEMA). Esses alunos foram <a href=\"http:\/\/www.cearacruz.com.br\/portal\/campeoes-do-futsal-masculino-da-23a-edicao-do-joema-sao-alunos-do-cea\/\" target=\"_blank\" rel=\"noopener noreferrer\"><strong>campe\u00f5es na modalidade Futsal Infantil Masculino.<\/strong><\/a> Os meninos foram treinados pelos professores de Educa\u00e7\u00e3o F\u00edsica, Wendel Balarini Moro e Daniane Santos Portela da Fonseca.<\/p>\n<p>Jogaram pelo CEA: Estev\u00e3o Rocha Barbosa (7\u00ba Ano A), Arthur Guedes Amorim de Andrade (7\u00ba Ano C), N\u00edcolas Martinelli Aiolfi (7\u00ba Ano C), Ricardo Miler Sanches (7\u00ba Ano C), Arthur Pessotti da Silva (8\u00ba Ano B), Guilherme Nascimento Barbosa Gon\u00e7alves (8\u00ba Ano B), Lorenzzo Xavier Guastti (8\u00ba Ano B), Pietro Bonini de Andrade (8\u00ba Ano B), Tobias Pissinate Rocha (8\u00ba Ano B), Jo\u00e3o Pedro Dias Segal (8\u00ba Ano C), Pedro Henrique Croce Peroni (8\u00ba Ano C) e Pedro Ot\u00e1vio Petri Bitencourt (9\u00ba Ano B).<\/p>\n<p><img loading=\"lazy\" decoding=\"async\" class=\"aligncenter wp-image-3018 size-full\" src=\"https:\/\/cearacruz.com.br\/portal\/wp-content\/uploads\/2025\/08\/not_30_11_2022_04-2.jpg\" alt=\"\" width=\"600\" height=\"450\" \/><\/p>\n<p>Ap\u00f3s o momento de homenagem e a entrega oficial das medalhas da OBA, a presidente da FSJB contou um pouco sobre a hist\u00f3ria de cria\u00e7\u00e3o do Centro Educacional de Aracruz (CEA) e da import\u00e2ncia da educa\u00e7\u00e3o na vida das pessoas.<em>\u00a0<\/em><\/p>\n<p><em>\u201c\u00c9 com alegria que estamos aqui para parabenizar os alunos que participaram da edi\u00e7\u00e3o da OBA e os nossos estudantes que foram campe\u00f5es no JOEMA. O CEA nasceu de muito carinho, amor e esfor\u00e7o de v\u00e1rias pessoas, em especial, a nossa saudosa conselheira Maria da Penha Cometti Stelzer, conhecida por todos como Dona Penha. Quero finalizar parabenizando os pais de nossos alunos, por escolherem o CEA, que tem uma equipe muito empenhada e dedicada ao ensino, efetivamente, de qualidade. Temos muitas novidades para 2023\u201d<\/em>, afirmou Celi Cabral.<\/p>\n<h3><strong>Feira de Ci\u00eancias, Tecnologia e Inova\u00e7\u00e3o<\/strong><\/h3>\n<p>Quem visitou a \u201cFeira de Ci\u00eancias, Tecnologia e Inova\u00e7\u00e3o\u201d do CEA p\u00f4de conferir v\u00e1rios trabalhos realizados pelos alunos, do 6\u00ba Ano do Ensino Fundamental a 3\u00aa S\u00e9rie do Ensino M\u00e9dio. Os estudantes dos 6\u00ba (turmas A, B, e C) e 9\u00ba Anos, turmas A e B, foram respons\u00e1veis pelo Projeto Universo, que mostrou para os alunos como a Astronomia pode ser explorada no seu campo conceitual, al\u00e9m de incentivar os estudantes, garantindo-lhes uma familiaridade com esta \u00e1rea t\u00e3o importante das Ci\u00eancias Naturais.<\/p>\n<p><img loading=\"lazy\" decoding=\"async\" class=\"aligncenter wp-image-3013 size-full\" src=\"https:\/\/cearacruz.com.br\/portal\/wp-content\/uploads\/2025\/08\/not_30_11_2022_06-2.jpg\" alt=\"\" width=\"600\" height=\"450\" \/><\/p>\n<p>J\u00e1 os alunos do 7\u00ba Ano A, foram respons\u00e1veis pela cria\u00e7\u00e3o e produ\u00e7\u00e3o do jogo de sala feito com materiais recicl\u00e1veis, que ficou em exposi\u00e7\u00e3o na quadra poliesportiva. Os estudantes do 7\u00ba Ano B, foram respons\u00e1veis pelo jogo Scracth (linguagem de programa\u00e7\u00e3o visual que permite criar jogos, anima\u00e7\u00f5es e diversas hist\u00f3rias interativas). E, os alunos do 7\u00ba Ano C ficaram respons\u00e1veis pela cria\u00e7\u00e3o de maquetes de Arquitetura e Urbanismo, que foram expostas na quadra poliesportiva da escola. Alguns estudantes dessa turma \u201cC\u201d, foram respons\u00e1veis pela Homebyme (planta humanizada feita em computador).<\/p>\n<p>Os alunos do 8\u00ba Ano A, foram respons\u00e1veis pelos aplicativos: jogo da mem\u00f3ria, flappy bird, jogo da velha, coleta moeda, quis e canva. J\u00e1 os estudantes do 8\u00ba Ano B, idealizaram a plataforma de jogo no Constructo e os alunos do 8\u00ba Ano C apresentaram os jogos desplugados na quadra poliesportiva da escola, assim como, os estudantes da 1\u00aa S\u00e9rie do Ensino M\u00e9dio, que foram respons\u00e1veis pelos jogos matem\u00e1ticos e experimentos cient\u00edficos.<\/p>\n<p>J\u00e1 os alunos da 2\u00aa S\u00e9rie do Ensino M\u00e9dio, em parceria com a equipe da <a href=\"https:\/\/www.tecnolokid.com.br\/\" target=\"_blank\" rel=\"noopener noreferrer\"><strong>Tecnolokid <\/strong><\/a>realizaram v\u00e1rias demonstra\u00e7\u00f5es no espa\u00e7o Maker sobre gameboy, sem\u00e1foro e carrinho. E, os estudantes da 3\u00aa S\u00e9rie do Ensino M\u00e9dio do CEA foram respons\u00e1veis pelos experimentos realizados na quadra poliesportiva denominados: Serpente do fara\u00f3, tocha humana, pasta de elefante, fogo dan\u00e7ante e explos\u00e3o tchakabum.<\/p>\n<h3><strong>Veja o depoimento de quem participou da Feira<\/strong><\/h3>\n<p><em>\u201c<\/em><em>A Feira de Ci\u00eancias, Tecnologia e Inova\u00e7\u00e3o, foi um sucesso. Tivemos o envolvimento dos alunos em todo o processo de realiza\u00e7\u00e3o, partindo das pesquisas at\u00e9 a conclus\u00e3o dos projetos f\u00edsicos. As turmas criaram aplicativos, games desplugados, games digitais, projetos envolvendo a rob\u00f3tica e apresenta\u00e7\u00e3o de casas em 3D digital. Para o desenvolvimento dos projetos os alunos estudaram sobre Engenharia, Arquitetura, Programa\u00e7\u00e3o, Anima\u00e7\u00e3o e Games. Foi um momento de muita intera\u00e7\u00e3o e entusiasmo. Al\u00e9m de contarmos com o Projeto Universo, que encantou a todos os presentes com as riquezas de detalhes\u201d. <\/em>Bruna de Lima Rodrigues, professora da disciplina de \u201cTecnologia e Inova\u00e7\u00e3o\u201d do CEA.<\/p>\n<p><em>\u201cEu achei bem interessante, pois tinha muita diversidade de experi\u00eancias, dos jogos e dos aplicativos criados por alunos. A \u00e1rea que chamou mais aten\u00e7\u00e3o do p\u00fablico foi o Sistema Solar. Os planetas e as estrelas estavam impec\u00e1veis e muito bem representados. Estava tudo perfeito\u201d.<\/em> J\u00falia Giacomin Lozer Patr\u00edcio, estudante do 8\u00ba Ano, turma B.<em>\u00a0<\/em><\/p>\n<p><em>\u201cAchei muito legal os jogos, as experi\u00eancias e o Sistema Solar. Tamb\u00e9m, gostei da parte da rob\u00f3tica e dos aplicativos. Os jogos que n\u00e3o eram de computador tamb\u00e9m estavam muito legais. Eu amei tudo\u201d.<\/em> L\u00edvia Dambroz da Vit\u00f3ria, aluna do 4\u00ba Ano do Ensino Fundamental do CEA.<\/p>\n<p><img loading=\"lazy\" decoding=\"async\" class=\"aligncenter wp-image-3017 size-full\" src=\"https:\/\/cearacruz.com.br\/portal\/wp-content\/uploads\/2025\/08\/not_30_11_2022_02-2.jpg\" alt=\"\" width=\"600\" height=\"450\" \/><\/p>\n<p><em>\u201cEu achei interessante, pois tivemos socializa\u00e7\u00e3o e intera\u00e7\u00e3o com as outras turmas. Al\u00e9m de podermos construir com nossas m\u00e3os os trabalhos realizados. A parte de construir os projetos foi a mais satisfat\u00f3ria, pois ficamos muito envolvidos com o trabalho. Tudo estava divertido e foi um \u00f3timo aprendizado\u201d. <\/em>Emanuella Ananda Fardin Lopes, 7\u00ba Ano, turma C.<\/p>\n<p><em>\u201cA Feira foi muito legal. A participa\u00e7\u00e3o dos alunos \u00e9 sempre muito importante para aquisi\u00e7\u00e3o de novos conhecimentos e por envolver a escola toda e n\u00e3o somente algumas turmas. A escola CEA est\u00e1 de parab\u00e9ns pela iniciativa\u201d. <\/em>Fabricio de Oliveira Fraga, pai do aluno Pedro Henrique de Alvarenga Fraga, do 6\u00ba Ano, turma A.<\/p>\n<p><em>\u201cFoi feito um excelente trabalho. O desempenho tanto de professor e aluno foi muito bom poder participar desse momento na escola\u201d.<\/em> Janaina Oliveira de Morais, m\u00e3e do estudante, Pedro Henrique Oliveira Calais, do 6\u00ba Ano, turma C.<\/p>\n<p><em>\u201cAchei legal as experi\u00eancias e os trabalhos de tecnologia. Achei tudo muito organizado e tamb\u00e9m interativo\u201d. <\/em>Nicole Pereira Barbosa, aluna do 9\u00ba Ano, turma A.<em>\u00a0<\/em><\/p>\n<p><strong>INFORMA\u00c7\u00d5ES \u00c0 IMPRENSA:<\/strong><strong><br \/>\nSetor de Comunica\u00e7\u00e3o e Marketing \u2013 Alessandro Bitti<br \/>\n<\/strong>Tel.: (27) 3302-8000 \u2013 E-mail: comunicacao@fsjb.edu.br \/ alessandro@fsjb.edu.br<\/p>\n","protected":false},"excerpt":{"rendered":"<p>O Centro Educacional de Aracruz (CEA) realizou, no \u00faltimo dia 18, a primeira \u201cFeira de Ci\u00eancias, Tecnologia e Inova\u00e7\u00e3o\u201d. O evento&#8230;<\/p>\n","protected":false},"author":1,"featured_media":26643,"comment_status":"open","ping_status":"open","sticky":false,"template":"","format":"standard","meta":{"om_disable_all_campaigns":false,"_exactmetrics_skip_tracking":false,"_exactmetrics_sitenote_active":false,"_exactmetrics_sitenote_note":"","_exactmetrics_sitenote_category":0,"_monsterinsights_skip_tracking":false,"_monsterinsights_sitenote_active":false,"_monsterinsights_sitenote_note":"","_monsterinsights_sitenote_category":0,"_uf_show_specific_survey":0,"_uf_disable_surveys":false,"footnotes":""},"categories":[7],"tags":[],"class_list":["post-26635","post","type-post","status-publish","format-standard","has-post-thumbnail","hentry","category-cea"],"aioseo_notices":[],"_links":{"self":[{"href":"https:\/\/cearacruz.com.br\/portal\/wp-json\/wp\/v2\/posts\/26635","targetHints":{"allow":["GET"]}}],"collection":[{"href":"https:\/\/cearacruz.com.br\/portal\/wp-json\/wp\/v2\/posts"}],"about":[{"href":"https:\/\/cearacruz.com.br\/portal\/wp-json\/wp\/v2\/types\/post"}],"author":[{"embeddable":true,"href":"https:\/\/cearacruz.com.br\/portal\/wp-json\/wp\/v2\/users\/1"}],"replies":[{"embeddable":true,"href":"https:\/\/cearacruz.com.br\/portal\/wp-json\/wp\/v2\/comments?post=26635"}],"version-history":[{"count":1,"href":"https:\/\/cearacruz.com.br\/portal\/wp-json\/wp\/v2\/posts\/26635\/revisions"}],"predecessor-version":[{"id":26642,"href":"https:\/\/cearacruz.com.br\/portal\/wp-json\/wp\/v2\/posts\/26635\/revisions\/26642"}],"wp:featuredmedia":[{"embeddable":true,"href":"https:\/\/cearacruz.com.br\/portal\/wp-json\/wp\/v2\/media\/26643"}],"wp:attachment":[{"href":"https:\/\/cearacruz.com.br\/portal\/wp-json\/wp\/v2\/media?parent=26635"}],"wp:term":[{"taxonomy":"category","embeddable":true,"href":"https:\/\/cearacruz.com.br\/portal\/wp-json\/wp\/v2\/categories?post=26635"},{"taxonomy":"post_tag","embeddable":true,"href":"https:\/\/cearacruz.com.br\/portal\/wp-json\/wp\/v2\/tags?post=26635"}],"curies":[{"name":"wp","href":"https:\/\/api.w.org\/{rel}","templated":true}]}}