{"id":26503,"date":"2022-10-14T17:57:17","date_gmt":"2022-10-14T17:57:17","guid":{"rendered":"https:\/\/cearacruz.com.br\/portal\/cea-recebe-estande-da-livraria-do-estudante-com-os-livros-mais-vendidos-e-diversos-titulos-para-todos-os-publicos\/"},"modified":"2025-08-18T19:55:02","modified_gmt":"2025-08-18T19:55:02","slug":"cea-recebe-estande-da-livraria-do-estudante-com-os-livros-mais-vendidos-e-diversos-titulos-para-todos-os-publicos","status":"publish","type":"post","link":"https:\/\/cearacruz.com.br\/portal\/cea-recebe-estande-da-livraria-do-estudante-com-os-livros-mais-vendidos-e-diversos-titulos-para-todos-os-publicos\/","title":{"rendered":"CEA recebe estande da Livraria do Estudante com os livros mais vendidos e diversos t\u00edtulos para todos os p\u00fablicos"},"content":{"rendered":"<figure id=\"attachment_2817\" aria-describedby=\"caption-attachment-2817\" style=\"width: 600px\" class=\"wp-caption aligncenter\"><img fetchpriority=\"high\" decoding=\"async\" class=\"wp-image-2817 size-full\" src=\"https:\/\/cearacruz.com.br\/portal\/wp-content\/uploads\/2025\/08\/not_14_10_2022_01-2.jpg\" alt=\"\" width=\"600\" height=\"450\" \/><figcaption id=\"caption-attachment-2817\" class=\"wp-caption-text\">Fotos: Alessandro Bitti<\/figcaption><\/figure>\n<p>O <a href=\"http:\/\/www.cearacruz.com.br\/portal\/\" target=\"_blank\" rel=\"noopener noreferrer\"><strong>Centro Educacional de Aracruz (CEA)<\/strong> <\/a>recebeu, nos dias 05 e 06 de outubro, na quadra poliesportiva da escola, um estande da Livraria do Estudante. Essa atividade faz parte do Projeto CEA Liter\u00e1rio, que \u00e9 desenvolvido durante o ano letivo, com os alunos do Ensino Fundamental e M\u00e9dio, com o foco na leitura visto que \u00e9 o principal mecanismo para a apropria\u00e7\u00e3o do conhecimento e perpetua\u00e7\u00e3o da cultura.<\/p>\n<p>Durante dois dias, a Livraria do Estudante fez a exposi\u00e7\u00e3o e vendas de livros, incluindo os paradid\u00e1ticos que s\u00e3o trabalhados em sala de aula, com os alunos do Ensino Fundamental e M\u00e9dio. O estande ficou aberto para atender al\u00e9m dos estudantes do CEA, os seus pais e familiares, disponibilizando os livros mais vendidos e tamb\u00e9m diversos t\u00edtulos para todos os p\u00fablicos e prefer\u00eancias.<\/p>\n<p><em>\u201cIniciativas como essa e o CEA Liter\u00e1rio, promovem o impulsionamento do desenvolvimento do sujeito para al\u00e9m de sua dimens\u00e3o intelectual. Com essa atividade, queremos promover e oferecer diversas oportunidades de incentivo \u00e0 leitura com contribui\u00e7\u00f5es para o aluno, escola e fam\u00edlia, para atingirmos o pleno desenvolvimento dos nossos estudantes\u201d,<\/em> afirmou a supervisora escolar Eleide B. C. Maulaz.<\/p>\n<p><img decoding=\"async\" class=\"aligncenter wp-image-2818 size-full\" src=\"https:\/\/cearacruz.com.br\/portal\/wp-content\/uploads\/2025\/08\/not_14_10_2022_02-2.jpg\" alt=\"\" width=\"600\" height=\"450\" \/><\/p>\n<p>Segundo a aluna do 9\u00ba Ano \u201cA\u201d, do Ensino Fundamental, Ana Beatriz Martins de Marchi: <em>\u201cAd<\/em><em>orei a Feira de Livros do CEA, principalmente por apresentar muitas op\u00e7\u00f5es e uma grande variedade de g\u00eaneros. Gostaria que a Feira acontecesse mais vezes, pois \u00e9 um est\u00edmulo \u00e0 leitura\u201d,<\/em> destacou a estudante do Centro Educacional de Aracruz (CEA).<\/p>\n<p>O pensamento de Ana Beatriz \u00e9 compartilhado pela tamb\u00e9m aluna do 9\u00ba Ano \u201cA\u201d,\u00a0Let\u00edcia Martins Pogian, que relatou: <em>\u201cAmei a Livraria do Estudante. Grande variedade de livros, g\u00eaneros diversificados, atendimento excelente, organiza\u00e7\u00e3o perfeita. Gostaria que eles voltassem mais vezes\u201d, <\/em>afirmou.<\/p>\n<p><strong>INFORMA\u00c7\u00d5ES \u00c0 IMPRENSA:<\/strong><strong><br \/>\nSetor de Comunica\u00e7\u00e3o e Marketing \u2013 Alessandro Bitti<br \/>\n<\/strong>Tel.: (27) 3302-8000 \u2013 E-mail: comunicacao@fsjb.edu.br \/ alessandro@fsjb.edu.br<\/p>\n","protected":false},"excerpt":{"rendered":"<p>O Centro Educacional de Aracruz (CEA) recebeu, nos dias 05 e 06 de outubro, na quadra poliesportiva da escola, um estande da Livraria&#8230;<\/p>\n","protected":false},"author":1,"featured_media":26507,"comment_status":"open","ping_status":"open","sticky":false,"template":"","format":"standard","meta":{"om_disable_all_campaigns":false,"_exactmetrics_skip_tracking":false,"_exactmetrics_sitenote_active":false,"_exactmetrics_sitenote_note":"","_exactmetrics_sitenote_category":0,"_monsterinsights_skip_tracking":false,"_monsterinsights_sitenote_active":false,"_monsterinsights_sitenote_note":"","_monsterinsights_sitenote_category":0,"_uf_show_specific_survey":0,"_uf_disable_surveys":false,"footnotes":""},"categories":[30],"tags":[],"class_list":["post-26503","post","type-post","status-publish","format-standard","has-post-thumbnail","hentry","category-cea-literario"],"aioseo_notices":[],"_links":{"self":[{"href":"https:\/\/cearacruz.com.br\/portal\/wp-json\/wp\/v2\/posts\/26503","targetHints":{"allow":["GET"]}}],"collection":[{"href":"https:\/\/cearacruz.com.br\/portal\/wp-json\/wp\/v2\/posts"}],"about":[{"href":"https:\/\/cearacruz.com.br\/portal\/wp-json\/wp\/v2\/types\/post"}],"author":[{"embeddable":true,"href":"https:\/\/cearacruz.com.br\/portal\/wp-json\/wp\/v2\/users\/1"}],"replies":[{"embeddable":true,"href":"https:\/\/cearacruz.com.br\/portal\/wp-json\/wp\/v2\/comments?post=26503"}],"version-history":[{"count":1,"href":"https:\/\/cearacruz.com.br\/portal\/wp-json\/wp\/v2\/posts\/26503\/revisions"}],"predecessor-version":[{"id":26506,"href":"https:\/\/cearacruz.com.br\/portal\/wp-json\/wp\/v2\/posts\/26503\/revisions\/26506"}],"wp:featuredmedia":[{"embeddable":true,"href":"https:\/\/cearacruz.com.br\/portal\/wp-json\/wp\/v2\/media\/26507"}],"wp:attachment":[{"href":"https:\/\/cearacruz.com.br\/portal\/wp-json\/wp\/v2\/media?parent=26503"}],"wp:term":[{"taxonomy":"category","embeddable":true,"href":"https:\/\/cearacruz.com.br\/portal\/wp-json\/wp\/v2\/categories?post=26503"},{"taxonomy":"post_tag","embeddable":true,"href":"https:\/\/cearacruz.com.br\/portal\/wp-json\/wp\/v2\/tags?post=26503"}],"curies":[{"name":"wp","href":"https:\/\/api.w.org\/{rel}","templated":true}]}}