{"id":26465,"date":"2022-09-26T12:44:19","date_gmt":"2022-09-26T12:44:19","guid":{"rendered":"https:\/\/cearacruz.com.br\/portal\/escritor-aracruzense-conversa-com-estudantes-do-1o-ao-5o-ano-do-ensino-fundamental-do-cea\/"},"modified":"2025-08-18T19:54:58","modified_gmt":"2025-08-18T19:54:58","slug":"escritor-aracruzense-conversa-com-estudantes-do-1o-ao-5o-ano-do-ensino-fundamental-do-cea","status":"publish","type":"post","link":"https:\/\/cearacruz.com.br\/portal\/escritor-aracruzense-conversa-com-estudantes-do-1o-ao-5o-ano-do-ensino-fundamental-do-cea\/","title":{"rendered":"Escritor aracruzense conversa com estudantes do 1\u00ba ao 5\u00ba Ano do Ensino Fundamental do CEA"},"content":{"rendered":"<figure id=\"attachment_2769\" aria-describedby=\"caption-attachment-2769\" style=\"width: 600px\" class=\"wp-caption aligncenter\"><img fetchpriority=\"high\" decoding=\"async\" class=\"wp-image-2769 size-full\" src=\"https:\/\/cearacruz.com.br\/portal\/wp-content\/uploads\/2025\/08\/not_26_09_2022_01-2.jpg\" alt=\"\" width=\"600\" height=\"450\" \/><figcaption id=\"caption-attachment-2769\" class=\"wp-caption-text\">Fotos: Divulga\u00e7\u00e3o<\/figcaption><\/figure>\n<p>O escritor Rog\u00e9rio Sarmenghi, membro fundador da Academia Aracruzense de Letras (Acal), conversou com os estudantes do 1\u00ba ao 5\u00ba Ano do Ensino Fundamental I, do <a href=\"http:\/\/www.cearacruz.com.br\/portal\/\" target=\"_blank\" rel=\"noopener noreferrer\"><strong>Centro Educacional de Aracruz (CEA),<\/strong> <\/a>\u00a0e as professoras regentes das turmas, no \u00faltimo dia 21. O convite foi feito ao escritor aracruzense pela escola e faz parte do projeto \u201cCEA Liter\u00e1rio\u201d, que tem como objetivo desenvolver nas crian\u00e7as o h\u00e1bito da leitura.<\/p>\n<p>Na ocasi\u00e3o, as crian\u00e7as tiveram a oportunidade de ter contato com algumas obras do escritor e saber um pouco mais sobre sua trajet\u00f3ria de vida pessoal e profissional. Durante o bate-papo, Rog\u00e9rio compartilhou com os alunos do CEA suas experi\u00eancias sobre o processo de escrita, incentivando os estudantes a terem um olhar diferenciado para as belezas do munic\u00edpio de Aracruz.<\/p>\n<p><em>\u201cEsse momento foi muito importante para mim. Uma troca de experi\u00eancia com os professores e alunos do CEA, principalmente, ao possibilitar o incentivo da crian\u00e7a \u00e0 leitura e \u00e0 escrita, algo que considero fundamental nos dias de hoje. Por meio da leitura e escrita, possibilitamos aos pequenos conhecerem mundos diferentes e a usarem a criatividade e a imagina\u00e7\u00e3o\u201d,<\/em> ressaltou Sarmenghi.<\/p>\n<p>Al\u00e9m disso, de acordo com o escritor aracruzense: <em>\u201cA escrita possibilita ainda \u00e0 crian\u00e7a o registro de seus sentimentos, de suas hist\u00f3rias de vida. Criar personagens e hist\u00f3rias de fic\u00e7\u00e3o, poemas e poesias. Esse encontro, foi uma grande troca de experi\u00eancia entre autor e p\u00fablico. Eu, enquanto, escritor aprendo sempre com as crian\u00e7as e motiv\u00e1-las, na leitura e na escrita, \u00e9 uma grande realiza\u00e7\u00e3o pessoal. Um dos meus projetos de vida\u201d, <\/em>pontuou.<\/p>\n<figure id=\"attachment_2770\" aria-describedby=\"caption-attachment-2770\" style=\"width: 600px\" class=\"wp-caption aligncenter\"><img decoding=\"async\" class=\"wp-image-2770 size-full\" src=\"https:\/\/cearacruz.com.br\/portal\/wp-content\/uploads\/2025\/08\/not_26_09_2022_02-2.jpg\" alt=\"\" width=\"600\" height=\"450\" \/><figcaption id=\"caption-attachment-2770\" class=\"wp-caption-text\">Eduarda do 2\u00ba Ano recebeu das m\u00e3os do escritor aracruzense o livro \u201cMonsenhor Guilherme Schmitz: Uma li\u00e7\u00e3o de vida&#8221;.<\/figcaption><\/figure>\n<p>Em 2022, Rog\u00e9rio lan\u00e7ou o seu primeiro livro infantil \u201c<strong>A Turma da Nani apresenta: aventuras tur\u00edsticas em Aracruz<\/strong>\u201d<strong>. <\/strong>Segundo o escritor aracruzense, a proposta foi criar uma turma com cinco crian\u00e7as, de idade m\u00e9dia de 10 anos, para fazer um passeio por pontos tur\u00edsticos e hist\u00f3ricos de Aracruz, conhecendo, ainda, um pouco do folclore e da cultura local.<\/p>\n<p>A turma passa por Santa Cruz, praias, aldeias ind\u00edgenas e Vila do Riacho, onde \u00e9 recebida por bandas de congo, pelo agroturismo de Jacupemba, por Guaran\u00e1, onde conhece a cultura italiana, pela barragem de Santa Maria, pela igrejinha de Monte Serrat e pelo parque do Aricanga. A visita se encerra na pra\u00e7a Monsenhor Guilherme Schmitz. As ilustra\u00e7\u00f5es do livro infantil foram feitas, pelo tamb\u00e9m aracruzense, Felipe Ribeiro.<\/p>\n<p>J\u00e1 em 2011, o primeiro livro lan\u00e7ado por Rog\u00e9rio foi \u201c<strong>Monsenhor Guilherme Schmitz: Uma li\u00e7\u00e3o de vida<\/strong>\u201d, que conta a hist\u00f3ria de vida do p\u00e1roco de Aracruz, na d\u00e9cada de 50, desde a sua vinda da Alemanha at\u00e9 a sua passagem pelo Esp\u00edrito Santo e sua chegada em nosso munic\u00edpio.\u00a0Durante a conversa com os alunos do CEA, Rog\u00e9rio perguntou quem eram os aniversariantes da semana e os estudantes do Ensino Fundamental que estavam aniversariando ganharam exemplares de algumas obras do autor.<\/p>\n<figure id=\"attachment_2771\" aria-describedby=\"caption-attachment-2771\" style=\"width: 600px\" class=\"wp-caption aligncenter\"><img decoding=\"async\" class=\"wp-image-2771 size-full\" src=\"https:\/\/cearacruz.com.br\/portal\/wp-content\/uploads\/2025\/08\/not_26_09_2022_03-2.jpg\" alt=\"\" width=\"600\" height=\"450\" \/><figcaption id=\"caption-attachment-2771\" class=\"wp-caption-text\">Rafael e Sophia tamb\u00e9m do 2\u00ba Ano receberam um exemplar da obra \u201cA Turma da Nani apresenta: aventuras tur\u00edsticas em Aracruz\u201d.<\/figcaption><\/figure>\n<p>Eduarda Sigesmundo Batista, do 2\u00ba Ano do Ensino Fundamental que fez anivers\u00e1rio, no dia 22 de setembro, recebeu das m\u00e3os do escritor aracruzense o livro \u201c<strong>Monsenhor Guilherme Schmitz: Uma li\u00e7\u00e3o de vida<\/strong>\u201d, que se tornou um document\u00e1rio feito pelo pr\u00f3prio autor. J\u00e1 os estudantes, tamb\u00e9m do 2\u00ba Ano do Ensino Fundamental, Rafael Gnocchi de Souza e Sophia Preisigke Cabidelli receberam um exemplar da obra \u201c<strong>A Turma da Nani apresenta: aventuras tur\u00edsticas em Aracruz<\/strong>\u201d<strong>. <\/strong>Rafael fez anivers\u00e1rio em 20 de setembro e Sophia em 19 de setembro.<\/p>\n<p><em>\u201cFoi um bate-papo produtivo, com muitas reflex\u00f5es e aprendizado, onde o escritor falou sobre o seu trabalho e a import\u00e2ncia da leitura na educa\u00e7\u00e3o. Incentivos como esses s\u00e3o muito importantes, pois despertam ainda mais a curiosidade das crian\u00e7as sobre o universo liter\u00e1rio\u201d, <\/em>declarou a professora regente do 2\u00ba Ano do Ensino Fundamental, Jokl\u00e9cema Zaganelli Ara\u00fajo Gouv\u00eaa Costa.<\/p>\n<p>Para a professora do 3\u00ba Ano B, Ana Paula Pereira Martins da Silva Bertolini: <em>\u201cEssa aproxima\u00e7\u00e3o entre escritor e aluno ajuda no seu desenvolvimento cognitivo, pois as crian\u00e7as deixam de ver o autor de longe e passam a entender que eles tamb\u00e9m s\u00e3o capazes de escrever suas pr\u00f3prias hist\u00f3rias. Com esse tipo de atividade, queremos estimular os estudantes a conhecerem e valorizarem ainda mais a hist\u00f3ria, as belezas naturais e riquezas culturais de nossa cidade\u201d, <\/em>afirmou a docente do CEA.<strong>\u00a0<\/strong><\/p>\n<p><strong>INFORMA\u00c7\u00d5ES \u00c0 IMPRENSA:<\/strong><strong><br \/>\nSetor de Comunica\u00e7\u00e3o e Marketing \u2013 Alessandro Bitti<br \/>\n<\/strong>Tel.: (27) 3302-8000 \u2013 E-mail: comunicacao@fsjb.edu.br \/ alessandro@fsjb.edu.br<\/p>\n","protected":false},"excerpt":{"rendered":"<p>O escritor Rog\u00e9rio Sarmenghi, membro fundador da Academia Aracruzense de Letras (Acal), conversou com os estudantes do&#8230;<\/p>\n","protected":false},"author":1,"featured_media":26470,"comment_status":"open","ping_status":"open","sticky":false,"template":"","format":"standard","meta":{"om_disable_all_campaigns":false,"_exactmetrics_skip_tracking":false,"_exactmetrics_sitenote_active":false,"_exactmetrics_sitenote_note":"","_exactmetrics_sitenote_category":0,"_monsterinsights_skip_tracking":false,"_monsterinsights_sitenote_active":false,"_monsterinsights_sitenote_note":"","_monsterinsights_sitenote_category":0,"_uf_show_specific_survey":0,"_uf_disable_surveys":false,"footnotes":""},"categories":[30],"tags":[],"class_list":["post-26465","post","type-post","status-publish","format-standard","has-post-thumbnail","hentry","category-cea-literario"],"aioseo_notices":[],"_links":{"self":[{"href":"https:\/\/cearacruz.com.br\/portal\/wp-json\/wp\/v2\/posts\/26465","targetHints":{"allow":["GET"]}}],"collection":[{"href":"https:\/\/cearacruz.com.br\/portal\/wp-json\/wp\/v2\/posts"}],"about":[{"href":"https:\/\/cearacruz.com.br\/portal\/wp-json\/wp\/v2\/types\/post"}],"author":[{"embeddable":true,"href":"https:\/\/cearacruz.com.br\/portal\/wp-json\/wp\/v2\/users\/1"}],"replies":[{"embeddable":true,"href":"https:\/\/cearacruz.com.br\/portal\/wp-json\/wp\/v2\/comments?post=26465"}],"version-history":[{"count":1,"href":"https:\/\/cearacruz.com.br\/portal\/wp-json\/wp\/v2\/posts\/26465\/revisions"}],"predecessor-version":[{"id":26469,"href":"https:\/\/cearacruz.com.br\/portal\/wp-json\/wp\/v2\/posts\/26465\/revisions\/26469"}],"wp:featuredmedia":[{"embeddable":true,"href":"https:\/\/cearacruz.com.br\/portal\/wp-json\/wp\/v2\/media\/26470"}],"wp:attachment":[{"href":"https:\/\/cearacruz.com.br\/portal\/wp-json\/wp\/v2\/media?parent=26465"}],"wp:term":[{"taxonomy":"category","embeddable":true,"href":"https:\/\/cearacruz.com.br\/portal\/wp-json\/wp\/v2\/categories?post=26465"},{"taxonomy":"post_tag","embeddable":true,"href":"https:\/\/cearacruz.com.br\/portal\/wp-json\/wp\/v2\/tags?post=26465"}],"curies":[{"name":"wp","href":"https:\/\/api.w.org\/{rel}","templated":true}]}}