{"id":26372,"date":"2022-08-26T19:46:57","date_gmt":"2022-08-26T19:46:57","guid":{"rendered":"https:\/\/cearacruz.com.br\/portal\/cea-estudantes-do-ensino-fundamental-e-medio-vencedores-dos-jogos-interclasses-recebem-medalhas\/"},"modified":"2025-08-18T19:54:48","modified_gmt":"2025-08-18T19:54:48","slug":"cea-estudantes-do-ensino-fundamental-e-medio-vencedores-dos-jogos-interclasses-recebem-medalhas","status":"publish","type":"post","link":"https:\/\/cearacruz.com.br\/portal\/cea-estudantes-do-ensino-fundamental-e-medio-vencedores-dos-jogos-interclasses-recebem-medalhas\/","title":{"rendered":"CEA: Estudantes do Ensino Fundamental e M\u00e9dio vencedores dos Jogos Interclasses recebem medalhas"},"content":{"rendered":"<figure id=\"attachment_2670\" aria-describedby=\"caption-attachment-2670\" style=\"width: 600px\" class=\"wp-caption aligncenter\"><img fetchpriority=\"high\" decoding=\"async\" class=\"wp-image-2670 size-full\" src=\"https:\/\/cearacruz.com.br\/portal\/wp-content\/uploads\/2025\/08\/not_26_08_2022_01-5.jpg\" alt=\"\" width=\"600\" height=\"450\" \/><figcaption id=\"caption-attachment-2670\" class=\"wp-caption-text\">Fotos: Divulga\u00e7\u00e3o<\/figcaption><\/figure>\n<p>O <a href=\"http:\/\/www.cearacruz.com.br\/portal\/\" target=\"_blank\" rel=\"noopener noreferrer\"><strong>Centro Educacional de Aracruz (CEA)<\/strong><\/a> realizou na manh\u00e3, do \u00faltimo dia 18, a entrega de medalhas aos alunos do Ensino Fundamental e M\u00e9dio vencedores nos <strong><a href=\"http:\/\/www.cearacruz.com.br\/portal\/cea-realiza-jogos-interclasses-com-alunos-do-ensino-fundamental-e-medio\/\" target=\"_blank\" rel=\"noopener noreferrer\">Jogos Interclasses 2022<\/a>,<\/strong> nas modalidades desportivas: Futsal e V\u00f4lei. Os jogos foram organizados pelos professores de Educa\u00e7\u00e3o F\u00edsica da escola, Wendel Balarini e Daniane Santos Portela da Fonseca, que tamb\u00e9m foram os \u00e1rbitros da competi\u00e7\u00e3o.<\/p>\n<p>A diretora escolar prof.\u00aa Adriana Recla Sarcinelli fez a entrega das medalhas aos atletas vencedores da competi\u00e7\u00e3o, na quadra poliesportiva, onde os jogos aconteceram do dia 08 a 12 de agosto.<em>\u00a0<\/em><\/p>\n<p><em>\u201cQuero ressaltar que durante a atividade esportiva, a intera\u00e7\u00e3o e respeito entre os alunos foram essenciais para o sucesso do Interclasses.\u00a0<\/em><em>Ficamos muito felizes em poder entregar essas medalhas aos vencedores de cada modalidade desportiva\u201d, <\/em>afirmou a diretora escolar parabenizando ainda todos os estudantes pelo envolvimento nos jogos.<\/p>\n<p>Antes da entrega das medalhas foi feito um momento de agradecimento a Deus pelo in\u00edcio das aulas no 2\u00aa Semestre de 2022. Em seguida, foi realizada a execu\u00e7\u00e3o do hino nacional. Tamb\u00e9m participaram da entrega das medalhas professores do Ensino Fundamental e M\u00e9dio, funcion\u00e1rios da equipe pedag\u00f3gica, t\u00e9cnica-administrativa da escola.<\/p>\n<p>Para o estudante da 3\u00aa S\u00e9rie do Ensino M\u00e9dio, Matheus Saldanha Sibien, <em>\u201co Interclasses \u00e9 um momento de uni\u00e3o entre as turmas, que traz competitividade e esp\u00edrito esportivo para os alunos, al\u00e9m de integrar a socializa\u00e7\u00e3o entre os estudantes da escola\u201d, <\/em>disse.<\/p>\n<p><img decoding=\"async\" class=\"aligncenter wp-image-2671 size-full\" src=\"https:\/\/cearacruz.com.br\/portal\/wp-content\/uploads\/2025\/08\/not_26_08_2022_02-3.jpg\" alt=\"\" width=\"600\" height=\"450\" \/><\/p>\n<p><strong>Lista de jogadores Futsal\u00a0(vencedores)\u00a0<\/strong><\/p>\n<p><strong>5\u00ba ao 6\u00ba Ano do Ensino Fundamental \u00a0<\/strong><\/p>\n<p><strong>(1\u00ba Lugar) 5\u00ba Ano A &#8211; 11 medalhas\u00a0<\/strong><\/p>\n<p>&#8211; Miguel Rocha Alves<\/p>\n<p>&#8211; Carolina Marquezini Silva Vaz<\/p>\n<p>&#8211; Henrique Pires Modenesi<\/p>\n<p>&#8211; Jo\u00e3o Miguel Goularte Devens<\/p>\n<p>&#8211; Lais Pessoti Resende<\/p>\n<p>&#8211; Marcelo Loureiro Correa<\/p>\n<p>&#8211; Nicolas Mattiuzzi Custodio<\/p>\n<p>&#8211; Pedro Guerz\u00e9 Curcio<\/p>\n<p>&#8211; Ramiro Garcia Pestana<\/p>\n<p>&#8211; Ramon Schneider Rodrigues<\/p>\n<p>&#8211; Samuel Nunes Deoclecio dos Santos<\/p>\n<p><strong>(2\u00ba Lugar) 6\u00ba Ano B &#8211; 10 medalhas\u00a0<\/strong><\/p>\n<p>&#8211; Arthur Costa Casotto<\/p>\n<p>&#8211; Bernardo dos Santos Castro<\/p>\n<p>&#8211; Bernardo Morelato Cavaglieri<\/p>\n<p>&#8211; Davi Coman Tonette<\/p>\n<p>&#8211; Enzo dos Reis Faller<\/p>\n<p>&#8211; Matheus Campos Gomes<\/p>\n<p>&#8211; Miguel Aliprandi Nunes<\/p>\n<p>&#8211; Miguel Sarcinelli Scopel<\/p>\n<p>&#8211; Rafael Pasolini Campos<\/p>\n<p>&#8211; Raiza Sirtoli Bof<\/p>\n<p><strong>(3\u00ba Lugar) 6\u00ba Ano A &#8211; 9 medalhas\u00a0<\/strong><\/p>\n<p>&#8211; Bernardo Rocha Buffon<\/p>\n<p>&#8211; Carlos Henrique Tartaglia Bruzeguini<\/p>\n<p>&#8211; Davi S. Diniz Machado<\/p>\n<p>&#8211; Estev\u00e3o Rodrigues Pereira Miranda<\/p>\n<p>&#8211; Gabriel Radaelli Avancini<\/p>\n<p>&#8211; Henrique Bonfim M. Teixeira<\/p>\n<p>&#8211; Lucca Felicio Nossa<\/p>\n<p>&#8211; Matheus Demuner Alves<\/p>\n<p>&#8211; Vitor Daniel Banhos<\/p>\n<p><strong>7\u00ba ao 8\u00ba Ano do Ensino Fundamental<\/strong><strong>\u00a0\u00a0<\/strong><\/p>\n<p><strong>(1\u00ba Lugar) 8\u00ba Ano C &#8211; 8 medalhas\u00a0<\/strong><\/p>\n<p>&#8211; Eduardo da Silva Miranda<\/p>\n<p>&#8211; Guilherme Gnocchi de Souza<\/p>\n<p>&#8211; Hugo Cordeiro Demuner<\/p>\n<p>&#8211; Jo\u00e3o Phelipe Cezarino Bernardo<\/p>\n<p>&#8211; Pedro Henrique Croce Peroni<\/p>\n<p>&#8211; Rico dos Anjos Rocha<\/p>\n<p>&#8211; Jo\u00e3o Pedro Dias Segal<\/p>\n<p>&#8211; Yan Sirtoli Monteiro<\/p>\n<p><strong>(2\u00ba Lugar) 8\u00ba Ano B &#8211; 9 medalhas\u00a0<\/strong><\/p>\n<p>&#8211; Arthur Nunes Sfalsin<\/p>\n<p>&#8211; Arthur Pessoti da Silva<\/p>\n<p>&#8211; Gabriel Bobbio Litig<\/p>\n<p>&#8211; Guilherme Nascimento Barbosa Gon\u00e7alves<\/p>\n<p>&#8211; Leonardo Tartaglia Azeredo<\/p>\n<p>&#8211; Lorenzzo Xavier Guasti<\/p>\n<p>&#8211; Lucas Ginochi da Rocha<\/p>\n<p>&#8211; Pietro Bonini de Andrade<\/p>\n<p>&#8211; Tobias Pissinate Rocha<\/p>\n<p><strong>(3\u00ba Lugar) 8\u00ba Ano A &#8211; 9 medalhas\u00a0<\/strong><\/p>\n<p>&#8211; Arthur Antonio Buffon Barros<\/p>\n<p>&#8211; Gabriel de Oliveira Rios<\/p>\n<p>&#8211; Gabriel Zucoloto Guasti<\/p>\n<p>&#8211; Iasmin Mattiuzzi Cust\u00f3dio<\/p>\n<p>&#8211; Joana Erler Malavasi Braga<\/p>\n<p>&#8211; Juan Sampaio Rocha<\/p>\n<p>&#8211; Pietro Santana Gramelick<\/p>\n<p>&#8211; Rychard Barros Viana<\/p>\n<p>&#8211; Yago Bandeira Bobbio<\/p>\n<p><strong>9\u00ba Ano do Ensino Fundamental ao Ensino M\u00e9dio<\/strong><\/p>\n<p><strong>(1\u00ba Lugar) 3\u00aa S\u00e9rie Ensino M\u00e9dio \u2013 9 medalhas\u00a0<\/strong><\/p>\n<p>&#8211; Pedro Aur\u00e9lio Piona Bof<\/p>\n<p>&#8211; Breno Cavaliere Pinheiro<\/p>\n<p>&#8211; Guilherme Mantovani Rodrigues<\/p>\n<p>&#8211; Gustavo Caldeira Silva<\/p>\n<p>&#8211; Henry Lima da Silva<\/p>\n<p>&#8211; Lorenzo Caldeira Silva<\/p>\n<p>&#8211; Luiz Gustavo dos Santos Zanoni<\/p>\n<p>&#8211; Matheus Saldanha Sibien<\/p>\n<p>&#8211; Victor Lima da Silva \u00a0<strong>\u00a0<\/strong><\/p>\n<p><strong>(2\u00ba Lugar) 2\u00aa S\u00e9rie Ensino M\u00e9dio \u2013 5 medalhas\u00a0<\/strong><\/p>\n<p>&#8211; Gabriel Puget Lopes<\/p>\n<p>&#8211; Guilherme Mandeli Neves<\/p>\n<p>&#8211; Jo\u00e3o Pedro Mour\u00e3o Schimidt<\/p>\n<p>&#8211; Jo\u00e3o Victor Andrade Azeredo<\/p>\n<p>&#8211; Luan Mandelli Rangel<\/p>\n<p><strong>(3\u00ba Lugar) 9\u00ba Ano B \u2013 7 medalhas\u00a0<\/strong><\/p>\n<p>&#8211; Arthur Luminato Barcelos<\/p>\n<p>&#8211; Gabriel Cordeiro de Morais<\/p>\n<p>&#8211; Iarley Pereira Mattos<\/p>\n<p>&#8211; Icaro Oliveira Ventura<\/p>\n<p>&#8211; Mateus Chieppe Foletto<\/p>\n<p>&#8211; Pedro Otavio Petri Bitencourt<\/p>\n<p>&#8211; Tiago Chagas Camilato<\/p>\n<p><img decoding=\"async\" class=\"aligncenter wp-image-2672 size-full\" src=\"https:\/\/cearacruz.com.br\/portal\/wp-content\/uploads\/2025\/08\/not_26_08_2022_03-3.jpg\" alt=\"\" width=\"600\" height=\"450\" \/><\/p>\n<p><strong>Lista de jogadores Voleibol\u00a0(vencedores)\u00a0<\/strong><\/p>\n<p><strong>9\u00ba Ano do Ensino Fundamental ao Ensino M\u00e9dio<\/strong><\/p>\n<p><strong>(1\u00ba Lugar) 2\u00aa S\u00e9rie do Ensino M\u00e9dio \u2013 5 medalhas\u00a0<\/strong><\/p>\n<p>&#8211; Carolini Ferreira Lopes<\/p>\n<p>&#8211; Gabriel Puget Lopes<\/p>\n<p>&#8211; Guilherme Mandeli Neves<\/p>\n<p>&#8211; Jo\u00e3o Pedro Mour\u00e3o Schimidt<\/p>\n<p>&#8211; Jo\u00e3o Victor Andrade Azeredo<\/p>\n<p>&#8211; Luan Mandelli Rangel<\/p>\n<p>&#8211; Laura Ventorim<\/p>\n<p><strong>(2\u00ba Lugar) 3\u00aa S\u00e9rie do Ensino M\u00e9dio \u2013 11 medalhas\u00a0<\/strong><\/p>\n<p>&#8211; Ana Jhuli Bortolozzo Maulaz<\/p>\n<p>&#8211; Andre Luiz Cruz Cusini<\/p>\n<p>&#8211; Breno Cavaliri Pinheiro<\/p>\n<p>&#8211; Bruno Barbosa Godoi<\/p>\n<p>&#8211; Gustavo Caldeira Silva<\/p>\n<p>&#8211; Henry Lima da Silva<\/p>\n<p>&#8211; Matheus Saldanha Sibien<\/p>\n<p>&#8211; Pietra Arpini Tartaglia<\/p>\n<p>&#8211; Suzana Oliveira Lisbanho<\/p>\n<p>&#8211; Victor Lima da Silva<\/p>\n<p>&#8211; Luis Gustavo dos Santos Zanoni<\/p>\n<p><strong>(3\u00ba Lugar) 9\u00ba Ano B \u2013 10 medalhas\u00a0<\/strong><\/p>\n<p>&#8211; Arthur Luminato Barcelos<\/p>\n<p>&#8211; Erika Martins Cesar<\/p>\n<p>&#8211; Gabriel Cordeiro de Morais<\/p>\n<p>&#8211; Iarley Pereira Mattos<\/p>\n<p>&#8211; Icaro Oliveira Ventura<\/p>\n<p>&#8211; Lia Liger de Araujo Antonio<\/p>\n<p>&#8211; Marcia Vitoria Soares Ferreira<\/p>\n<p>&#8211; Maria Fernanda Moro Rocha<\/p>\n<p>&#8211; Pedro Oliveira Meireles<\/p>\n<p>&#8211; Pedro Otavio Petri Bitencourt<\/p>\n<p><strong>INFORMA\u00c7\u00d5ES \u00c0 IMPRENSA:<\/strong><strong><br \/>\nSetor de Comunica\u00e7\u00e3o e Marketing \u2013 Alessandro Bitti<br \/>\n<\/strong>Tel.: (27) 3302-8000 \u2013 E-mail: comunicacao@fsjb.edu.br \/ alessandro@fsjb.edu.br<\/p>\n","protected":false},"excerpt":{"rendered":"<p>O Centro Educacional de Aracruz (CEA) realizou na manh\u00e3, do \u00faltimo dia 18, a entrega de medalhas aos alunos do Ensino Fundamental e&#8230;<\/p>\n","protected":false},"author":1,"featured_media":26377,"comment_status":"open","ping_status":"open","sticky":false,"template":"","format":"standard","meta":{"om_disable_all_campaigns":false,"_exactmetrics_skip_tracking":false,"_exactmetrics_sitenote_active":false,"_exactmetrics_sitenote_note":"","_exactmetrics_sitenote_category":0,"_monsterinsights_skip_tracking":false,"_monsterinsights_sitenote_active":false,"_monsterinsights_sitenote_note":"","_monsterinsights_sitenote_category":0,"_uf_show_specific_survey":0,"_uf_disable_surveys":false,"footnotes":""},"categories":[7],"tags":[],"class_list":["post-26372","post","type-post","status-publish","format-standard","has-post-thumbnail","hentry","category-cea"],"aioseo_notices":[],"_links":{"self":[{"href":"https:\/\/cearacruz.com.br\/portal\/wp-json\/wp\/v2\/posts\/26372","targetHints":{"allow":["GET"]}}],"collection":[{"href":"https:\/\/cearacruz.com.br\/portal\/wp-json\/wp\/v2\/posts"}],"about":[{"href":"https:\/\/cearacruz.com.br\/portal\/wp-json\/wp\/v2\/types\/post"}],"author":[{"embeddable":true,"href":"https:\/\/cearacruz.com.br\/portal\/wp-json\/wp\/v2\/users\/1"}],"replies":[{"embeddable":true,"href":"https:\/\/cearacruz.com.br\/portal\/wp-json\/wp\/v2\/comments?post=26372"}],"version-history":[{"count":1,"href":"https:\/\/cearacruz.com.br\/portal\/wp-json\/wp\/v2\/posts\/26372\/revisions"}],"predecessor-version":[{"id":26376,"href":"https:\/\/cearacruz.com.br\/portal\/wp-json\/wp\/v2\/posts\/26372\/revisions\/26376"}],"wp:featuredmedia":[{"embeddable":true,"href":"https:\/\/cearacruz.com.br\/portal\/wp-json\/wp\/v2\/media\/26377"}],"wp:attachment":[{"href":"https:\/\/cearacruz.com.br\/portal\/wp-json\/wp\/v2\/media?parent=26372"}],"wp:term":[{"taxonomy":"category","embeddable":true,"href":"https:\/\/cearacruz.com.br\/portal\/wp-json\/wp\/v2\/categories?post=26372"},{"taxonomy":"post_tag","embeddable":true,"href":"https:\/\/cearacruz.com.br\/portal\/wp-json\/wp\/v2\/tags?post=26372"}],"curies":[{"name":"wp","href":"https:\/\/api.w.org\/{rel}","templated":true}]}}