{"id":26360,"date":"2022-08-22T20:30:34","date_gmt":"2022-08-22T20:30:34","guid":{"rendered":"https:\/\/cearacruz.com.br\/portal\/centro-educacional-de-aracruz-sedia-3a-etapa-do-circuito-municipal-escolar-de-xadrez\/"},"modified":"2025-08-18T19:54:47","modified_gmt":"2025-08-18T19:54:47","slug":"centro-educacional-de-aracruz-sedia-3a-etapa-do-circuito-municipal-escolar-de-xadrez","status":"publish","type":"post","link":"https:\/\/cearacruz.com.br\/portal\/centro-educacional-de-aracruz-sedia-3a-etapa-do-circuito-municipal-escolar-de-xadrez\/","title":{"rendered":"Centro Educacional de Aracruz sedia 3\u00aa etapa do Circuito Municipal Escolar de Xadrez"},"content":{"rendered":"<figure id=\"attachment_2657\" aria-describedby=\"caption-attachment-2657\" style=\"width: 600px\" class=\"wp-caption aligncenter\"><img fetchpriority=\"high\" decoding=\"async\" class=\"wp-image-2657 size-full\" src=\"https:\/\/cearacruz.com.br\/portal\/wp-content\/uploads\/2025\/08\/not_22_08_2022_01-5.jpg\" alt=\"\" width=\"600\" height=\"450\" \/><figcaption id=\"caption-attachment-2657\" class=\"wp-caption-text\">Fotos: Divulga\u00e7\u00e3o<\/figcaption><\/figure>\n<p>A quadra poliesportiva do <a href=\"http:\/\/www.cearacruz.com.br\/portal\/\" target=\"_blank\" rel=\"noopener noreferrer\"><strong>Centro Educacional de Aracruz (CEA)<\/strong><\/a> foi palco da 3\u00aa etapa do Circuito Municipal Escolar de Xadrez (3\u00ba CIMEX), no \u00faltimo dia 13. Estudantes do Ensino Fundamental de v\u00e1rias escolas de Aracruz e regi\u00e3o participaram do campeonato organizado pelo professor de Educa\u00e7\u00e3o F\u00edsica, da EMEF \u201cEzequiel Fraga Rocha\u201d, Alessandro Camporez.<\/p>\n<p>O CIMEX \u00e9 um torneio que abra\u00e7a n\u00e3o s\u00f3 as escolas da rede municipal de ensino de Aracruz, mas tamb\u00e9m as particulares e as p\u00fablicas: estaduais e federais. Os professores de Educa\u00e7\u00e3o F\u00edsica do CEA, Wendel Balarini Moro e Daniane Santos Portela da Fonseca, foram respons\u00e1veis por preparar a escola juntamente com a equipe administrativa e pedag\u00f3gica.<\/p>\n<p>Tamb\u00e9m marcaram presen\u00e7a no evento, a diretora escolar do CEA, prof.\u00aa Adriana Recla Sarcinelli e a supervisora escolar, Eleide B. C. Maulaz. Familiares e pais dos estudantes do Ensino Fundamental tamb\u00e9m compareceram para torcer por seus filhos. Alguns alunos conquistaram medalhas. Segundo os organizadores, o 3\u00ba CIMEX teve um recorde de inscri\u00e7\u00f5es com 191 estudantes do Ensino Fundamental.<\/p>\n<p><img decoding=\"async\" class=\"aligncenter wp-image-2658 size-full\" src=\"https:\/\/cearacruz.com.br\/portal\/wp-content\/uploads\/2025\/08\/not_22_08_2022_03-3.jpg\" alt=\"\" width=\"600\" height=\"450\" \/><\/p>\n<p>Para entretenimento, o CEA organizou uma programa\u00e7\u00e3o especial para os alunos e seus familiares. Quem participou da 3\u00ba CIMEX p\u00f4de conhecer alguns espa\u00e7os de ensino-aprendizagem utilizados na escola. No laborat\u00f3rio de Ci\u00eancias, os professores Le\u00f4ncio Carlesso Guzzo e\u00a0Ana Paula Recla\u00a0preparam tr\u00eas experimentos: Leite psicod\u00e9lico, teste \u00e1cido e b\u00e1sico \u2013 Ph, prepara\u00e7\u00e3o de l\u00e2minas e microscopia.<\/p>\n<p>J\u00e1 na Sala de Matem\u00e1tica, o professor Fabr\u00edcio Antunes apresentou \u201cO Espetacular Mundo da F\u00edsica\u201d, por meio de tr\u00eas experimentos: Gerador de energia eletromagn\u00e9tica, circuitos el\u00e9tricos, espa\u00e7o tempo e \u00f3rbita dos planetas.<\/p>\n<p>Como no CEA a tecnologia, inova\u00e7\u00e3o e o aprender fazendo caminham juntos, a escola abriu as portas do seu mais novo laborat\u00f3rio, a sala Maker. O espa\u00e7o foi apresentado pela professora de Tecnologia e Inova\u00e7\u00e3o, Bruna de Lima Rodrigues, que na ocasi\u00e3o demonstrou como funciona o laborat\u00f3rio.<\/p>\n<p><img decoding=\"async\" class=\"aligncenter wp-image-2659 size-full\" src=\"https:\/\/cearacruz.com.br\/portal\/wp-content\/uploads\/2025\/08\/not_22_08_2022_02-3.jpg\" alt=\"\" width=\"600\" height=\"450\" \/><\/p>\n<h3><strong>Veja os alunos do CEA que conquistaram medalhas<\/strong><\/h3>\n<p><strong>Sub 13 \u2013 Masculino<\/strong><\/p>\n<p>&#8211; Felipe Colli Pimentel (7\u00ba Ano) \u2013 5\u00ba lugar;<\/p>\n<p>&#8211; Tiago Carlesso Zanoni (6\u00ba Ano) \u2013 7\u00ba lugar.<\/p>\n<p><strong>Sub 10 \u2013 Masculino<\/strong><\/p>\n<p>&#8211; Davi Lenzi Glazar (3\u00ba Ano) \u2013 5\u00ba lugar;<\/p>\n<p>&#8211; T\u00e1cio Fraga Proscholdt (4\u00ba Ano) \u2013 6\u00ba lugar.<\/p>\n<p><strong>Sub 10 &#8211; Feminino<\/strong><\/p>\n<p>&#8211; Amanda Recla Sarcinelli (4\u00ba Ano) \u2013 4\u00ba lugar.<\/p>\n<p><strong>Sub 8 &#8211; Masculino<\/strong><\/p>\n<p>&#8211; Theo Zamborlini Sossai (1\u00ba Ano) \u2013 2\u00ba lugar.<\/p>\n<p><strong>Sub 8 &#8211; Feminino<\/strong><\/p>\n<p>&#8211; Maria Eduarda Dias Butke de Jesus (3\u00ba Ano) \u2013 2\u00ba lugar;<\/p>\n<p>&#8211; Sophia Preisigke Cabidelli (2\u00ba Ano) \u2013 6\u00ba lugar.<\/p>\n<p><strong>INFORMA\u00c7\u00d5ES \u00c0 IMPRENSA:<\/strong><strong><br \/>\nSetor de Comunica\u00e7\u00e3o e Marketing \u2013 Alessandro Bitti<br \/>\n<\/strong>Tel.: (27) 3302-8000 \u2013 E-mail: comunicacao@fsjb.edu.br \/ alessandro@fsjb.edu.br<\/p>\n","protected":false},"excerpt":{"rendered":"<p>A quadra poliesportiva do Centro Educacional de Aracruz (CEA) foi palco da 3\u00aa etapa do Circuito Municipal Escolar de Xadrez&#8230;<\/p>\n","protected":false},"author":1,"featured_media":26365,"comment_status":"open","ping_status":"open","sticky":false,"template":"","format":"standard","meta":{"om_disable_all_campaigns":false,"_exactmetrics_skip_tracking":false,"_exactmetrics_sitenote_active":false,"_exactmetrics_sitenote_note":"","_exactmetrics_sitenote_category":0,"_monsterinsights_skip_tracking":false,"_monsterinsights_sitenote_active":false,"_monsterinsights_sitenote_note":"","_monsterinsights_sitenote_category":0,"_uf_show_specific_survey":0,"_uf_disable_surveys":false,"footnotes":""},"categories":[7],"tags":[],"class_list":["post-26360","post","type-post","status-publish","format-standard","has-post-thumbnail","hentry","category-cea"],"aioseo_notices":[],"_links":{"self":[{"href":"https:\/\/cearacruz.com.br\/portal\/wp-json\/wp\/v2\/posts\/26360","targetHints":{"allow":["GET"]}}],"collection":[{"href":"https:\/\/cearacruz.com.br\/portal\/wp-json\/wp\/v2\/posts"}],"about":[{"href":"https:\/\/cearacruz.com.br\/portal\/wp-json\/wp\/v2\/types\/post"}],"author":[{"embeddable":true,"href":"https:\/\/cearacruz.com.br\/portal\/wp-json\/wp\/v2\/users\/1"}],"replies":[{"embeddable":true,"href":"https:\/\/cearacruz.com.br\/portal\/wp-json\/wp\/v2\/comments?post=26360"}],"version-history":[{"count":1,"href":"https:\/\/cearacruz.com.br\/portal\/wp-json\/wp\/v2\/posts\/26360\/revisions"}],"predecessor-version":[{"id":26364,"href":"https:\/\/cearacruz.com.br\/portal\/wp-json\/wp\/v2\/posts\/26360\/revisions\/26364"}],"wp:featuredmedia":[{"embeddable":true,"href":"https:\/\/cearacruz.com.br\/portal\/wp-json\/wp\/v2\/media\/26365"}],"wp:attachment":[{"href":"https:\/\/cearacruz.com.br\/portal\/wp-json\/wp\/v2\/media?parent=26360"}],"wp:term":[{"taxonomy":"category","embeddable":true,"href":"https:\/\/cearacruz.com.br\/portal\/wp-json\/wp\/v2\/categories?post=26360"},{"taxonomy":"post_tag","embeddable":true,"href":"https:\/\/cearacruz.com.br\/portal\/wp-json\/wp\/v2\/tags?post=26360"}],"curies":[{"name":"wp","href":"https:\/\/api.w.org\/{rel}","templated":true}]}}