{"id":26347,"date":"2022-08-12T18:05:51","date_gmt":"2022-08-12T18:05:51","guid":{"rendered":"https:\/\/cearacruz.com.br\/portal\/cea-realiza-jogos-interclasses-com-alunos-do-ensino-fundamental-e-medio\/"},"modified":"2025-08-18T19:54:45","modified_gmt":"2025-08-18T19:54:45","slug":"cea-realiza-jogos-interclasses-com-alunos-do-ensino-fundamental-e-medio","status":"publish","type":"post","link":"https:\/\/cearacruz.com.br\/portal\/cea-realiza-jogos-interclasses-com-alunos-do-ensino-fundamental-e-medio\/","title":{"rendered":"CEA realiza Jogos Interclasses com alunos do Ensino Fundamental e M\u00e9dio"},"content":{"rendered":"<figure id=\"attachment_2646\" aria-describedby=\"caption-attachment-2646\" style=\"width: 600px\" class=\"wp-caption aligncenter\"><img fetchpriority=\"high\" decoding=\"async\" class=\"wp-image-2646 size-full\" src=\"https:\/\/cearacruz.com.br\/portal\/wp-content\/uploads\/2025\/08\/not_12_08_2022_01-5.jpg\" alt=\"\" width=\"600\" height=\"450\" \/><figcaption id=\"caption-attachment-2646\" class=\"wp-caption-text\">Fotos: Divulga\u00e7\u00e3o<\/figcaption><\/figure>\n<p>Terminou nesta sexta-feira, 12 de agosto, os Jogos Interclasses realizados pelo <a href=\"http:\/\/www.cearacruz.com.br\/portal\/\" target=\"_blank\" rel=\"noopener noreferrer\"><strong>Centro Educacional de Aracruz (CEA),<\/strong> <\/a>com as turmas do Ensino Fundamental e M\u00e9dio. A competi\u00e7\u00e3o come\u00e7ou no \u00faltimo dia 08 e aconteceu na quadra poliesportiva da escola, onde os estudantes participaram nas modalidades esportivas: Futsal (alunos do 5\u00ba Ano do Ensino Fundamental ao Ensino M\u00e9dio) e V\u00f4lei (estudantes do 9\u00ba Ano do Ensino Fundamental ao Ensino M\u00e9dio), em equipes mistas, sem distin\u00e7\u00e3o por sexo.<\/p>\n<p>Os jogos foram organizados pelos professores de Educa\u00e7\u00e3o F\u00edsica da escola, Wendel Balarini e Daniane Santos Portela da Fonseca, que tamb\u00e9m foram os \u00e1rbitros da competi\u00e7\u00e3o. <em>\u201cO Interclasse tem o objetivo de possibilitar aos estudantes a pr\u00e1tica de atividades esportivas. Sendo ainda, um momento de intera\u00e7\u00e3o dos alunos com as outras turmas da escola e, com isso, trabalhamos o esp\u00edrito de equipe\u201d, <\/em>destacou Daniane.<\/p>\n<p>Com uma intensa participa\u00e7\u00e3o da torcida o campeonato teve como objetivo promover a intera\u00e7\u00e3o social entre os estudantes e, ao mesmo tempo, comemorar o <strong><a href=\"https:\/\/brasilescola.uol.com.br\/datas-comemorativas\/dia-estudante.htm\" target=\"_blank\" rel=\"noopener noreferrer\">Dia do Estudante<\/a>,<\/strong> celebrado em 11 de agosto. As turmas vencedoras do campeonato ir\u00e3o receber medalhas em um momento c\u00edvico que acontece na pr\u00f3xima quinta-feira, 18 de agosto, nas depend\u00eancias do CEA.<\/p>\n<p><img decoding=\"async\" class=\"aligncenter wp-image-2647 size-full\" src=\"https:\/\/cearacruz.com.br\/portal\/wp-content\/uploads\/2025\/08\/not_12_08_2022_02-3.jpg\" alt=\"\" width=\"600\" height=\"450\" \/><\/p>\n<p>Segundo o professor Wendel, o ambiente escolar \u00e9 um local de aprendizado e conhecimento, por isso, para motivar os alunos a vivenciarem essa Educa\u00e7\u00e3o que vai al\u00e9m da sala de aula, \u00e9 necess\u00e1rio inovar com projetos, atividades e eventos que integrem as turmas.<\/p>\n<p><em>\u201cOs Jogos Interclasses, por exemplo, s\u00e3o atividades esportivas, aplicadas entre os alunos do Ensino Fundamental e M\u00e9dio, de classes\/s\u00e9ries diferentes, no intuito de promover um momento de lazer e integra\u00e7\u00e3o com o objetivo de criar um conv\u00edvio social, saud\u00e1vel e interativo entre os nossos alunos. Al\u00e9m disso, antes de cada jogo explicamos aos estudantes a regra de cada modalidade\u201d,<\/em> explicou o professor de Educa\u00e7\u00e3o F\u00edsica do CEA.<\/p>\n<p><em>\u201cToda a equipe\u00a0da escola trabalhou para que esse momento fosse marcante para todos os alunos. As aulas de Educa\u00e7\u00e3o F\u00edsica s\u00e3o de extrema import\u00e2ncia na forma\u00e7\u00e3o e no desenvolvimento das capacidades e habilidades motoras dos estudantes\u201d,<\/em> afirmou a supervisora escolar Eleide B. C. Maulaz.<\/p>\n<p>Al\u00e9m disso, segundo Eleide: <em>\u201cO est\u00edmulo e o incentivo devem partir do professor, que atua como mediador e orienta tal forma\u00e7\u00e3o. Dessa forma, \u00e9 importante que se coloque em pr\u00e1tica o aprendizado. A realiza\u00e7\u00e3o desses jogos tem como intuito geral avaliar o grau de conhecimento dos alunos com rela\u00e7\u00e3o \u00e0s modalidades desportivas desenvolvidas\u201d, <\/em>pontuou.\u00a0<em>\u00a0<\/em><\/p>\n<p><strong>INFORMA\u00c7\u00d5ES \u00c0 IMPRENSA:<\/strong><strong><br \/>\nSetor de Comunica\u00e7\u00e3o e Marketing \u2013 Alessandro Bitti<br \/>\n<\/strong>Tel.: (27) 3302-8000 \u2013 E-mail: comunicacao@fsjb.edu.br \/ alessandro@fsjb.edu.br<\/p>\n","protected":false},"excerpt":{"rendered":"<p>Terminou nesta sexta-feira, 12 de agosto, os Jogos Interclasses realizados pelo Centro Educacional de Aracruz (CEA), com as turmas do Ensino Fundamental e M\u00e9dio&#8230;.<\/p>\n","protected":false},"author":1,"featured_media":26351,"comment_status":"open","ping_status":"open","sticky":false,"template":"","format":"standard","meta":{"om_disable_all_campaigns":false,"_exactmetrics_skip_tracking":false,"_exactmetrics_sitenote_active":false,"_exactmetrics_sitenote_note":"","_exactmetrics_sitenote_category":0,"_monsterinsights_skip_tracking":false,"_monsterinsights_sitenote_active":false,"_monsterinsights_sitenote_note":"","_monsterinsights_sitenote_category":0,"_uf_show_specific_survey":0,"_uf_disable_surveys":false,"footnotes":""},"categories":[7],"tags":[],"class_list":["post-26347","post","type-post","status-publish","format-standard","has-post-thumbnail","hentry","category-cea"],"aioseo_notices":[],"_links":{"self":[{"href":"https:\/\/cearacruz.com.br\/portal\/wp-json\/wp\/v2\/posts\/26347","targetHints":{"allow":["GET"]}}],"collection":[{"href":"https:\/\/cearacruz.com.br\/portal\/wp-json\/wp\/v2\/posts"}],"about":[{"href":"https:\/\/cearacruz.com.br\/portal\/wp-json\/wp\/v2\/types\/post"}],"author":[{"embeddable":true,"href":"https:\/\/cearacruz.com.br\/portal\/wp-json\/wp\/v2\/users\/1"}],"replies":[{"embeddable":true,"href":"https:\/\/cearacruz.com.br\/portal\/wp-json\/wp\/v2\/comments?post=26347"}],"version-history":[{"count":1,"href":"https:\/\/cearacruz.com.br\/portal\/wp-json\/wp\/v2\/posts\/26347\/revisions"}],"predecessor-version":[{"id":26350,"href":"https:\/\/cearacruz.com.br\/portal\/wp-json\/wp\/v2\/posts\/26347\/revisions\/26350"}],"wp:featuredmedia":[{"embeddable":true,"href":"https:\/\/cearacruz.com.br\/portal\/wp-json\/wp\/v2\/media\/26351"}],"wp:attachment":[{"href":"https:\/\/cearacruz.com.br\/portal\/wp-json\/wp\/v2\/media?parent=26347"}],"wp:term":[{"taxonomy":"category","embeddable":true,"href":"https:\/\/cearacruz.com.br\/portal\/wp-json\/wp\/v2\/categories?post=26347"},{"taxonomy":"post_tag","embeddable":true,"href":"https:\/\/cearacruz.com.br\/portal\/wp-json\/wp\/v2\/tags?post=26347"}],"curies":[{"name":"wp","href":"https:\/\/api.w.org\/{rel}","templated":true}]}}