{"id":26327,"date":"2022-08-03T18:49:41","date_gmt":"2022-08-03T18:49:41","guid":{"rendered":"https:\/\/cearacruz.com.br\/portal\/momento-divertido-e-animado-marca-o-retorno-do-recesso-escolar-no-cea\/"},"modified":"2025-08-18T19:54:43","modified_gmt":"2025-08-18T19:54:43","slug":"momento-divertido-e-animado-marca-o-retorno-do-recesso-escolar-no-cea","status":"publish","type":"post","link":"https:\/\/cearacruz.com.br\/portal\/momento-divertido-e-animado-marca-o-retorno-do-recesso-escolar-no-cea\/","title":{"rendered":"Momento divertido e animado marca o retorno do recesso escolar no CEA"},"content":{"rendered":"<figure id=\"attachment_2626\" aria-describedby=\"caption-attachment-2626\" style=\"width: 600px\" class=\"wp-caption aligncenter\"><img fetchpriority=\"high\" decoding=\"async\" class=\"wp-image-2626 size-full\" src=\"https:\/\/cearacruz.com.br\/portal\/wp-content\/uploads\/2025\/08\/not_03_08_2022_01-5.jpg\" alt=\"\" width=\"600\" height=\"450\" \/><figcaption id=\"caption-attachment-2626\" class=\"wp-caption-text\">Fotos: Divulga\u00e7\u00e3o<\/figcaption><\/figure>\n<p>O in\u00edcio do 2\u00ba Semestre Letivo no<a href=\"http:\/\/www.cearacruz.com.br\/portal\/\" target=\"_blank\" rel=\"noopener noreferrer\"><strong> Centro Educacional de Aracruz (CEA)<\/strong><\/a> come\u00e7ou na \u00faltima segunda-feira (1\u00ba\/08). Na ocasi\u00e3o, as turmas do 1\u00ba ao 5\u00ba Ano do Ensino Fundamental I participaram de um momento divertido e animado na quadra poliesportiva e no p\u00e1tio da escola, juntamente com professores e equipe pedag\u00f3gica.<\/p>\n<p>Para matar um pouquinho a saudade dos colegas e dos professores, todos participaram de um delicioso piquenique. <em>\u201c<\/em><em>A proposta desse primeiro dia de retorno do <a href=\"https:\/\/vivescer.org.br\/importancia-recesso-escolar\/\" target=\"_blank\" rel=\"noopener noreferrer\"><strong>recesso escolar<\/strong><\/a> foi que ele fosse mais leve, dedicado ao acolhimento e a readapta\u00e7\u00e3o dos alunos ao ambiente escolar, para prepar\u00e1-los para o 2\u00ba Semestre\u201d,<\/em> explicou a supervisora escolar Eleide B. C. Maulaz.<\/p>\n<p><img decoding=\"async\" class=\"aligncenter wp-image-2627 size-full\" src=\"https:\/\/cearacruz.com.br\/portal\/wp-content\/uploads\/2025\/08\/not_03_08_2022_02-3.jpg\" alt=\"\" width=\"600\" height=\"450\" \/><\/p>\n<p>Os estudantes do Ensino Fundamental e M\u00e9dio do CEA entraram em recesso escolar no dia 18 de julho. E, de acordo com Maulaz: <em>\u201cA recomenda\u00e7\u00e3o da escola \u00e9 que todos aproveitassem a fam\u00edlia em momentos de muita divers\u00e3o e descanso. Afinal, esse per\u00edodo de recesso escolar \u00e9 importante para dar um descanso aos alunos e lev\u00e1-los a recuperarem o f\u00f4lego\u201d, <\/em>afirmou.<strong>\u00a0<\/strong><\/p>\n<p><strong>INFORMA\u00c7\u00d5ES \u00c0 IMPRENSA:<\/strong><strong><br \/>\nSetor de Comunica\u00e7\u00e3o e Marketing \u2013 Alessandro Bitti<br \/>\n<\/strong>Tel.: (27) 3302-8000 \u2013 E-mail: comunicacao@fsjb.edu.br \/ alessandro@fsjb.edu.br<\/p>\n","protected":false},"excerpt":{"rendered":"<p>O in\u00edcio do 2\u00ba Semestre Letivo no Centro Educacional de Aracruz (CEA) come\u00e7ou na \u00faltima segunda-feira (1\u00ba\/08). Na ocasi\u00e3o, as turmas do 1\u00ba ao 5\u00ba Ano do Ensino Fundamental I&#8230;<\/p>\n","protected":false},"author":1,"featured_media":26331,"comment_status":"open","ping_status":"open","sticky":false,"template":"","format":"standard","meta":{"om_disable_all_campaigns":false,"_uf_show_specific_survey":0,"_uf_disable_surveys":false,"footnotes":""},"categories":[7],"tags":[],"class_list":["post-26327","post","type-post","status-publish","format-standard","has-post-thumbnail","hentry","category-cea"],"aioseo_notices":[],"_links":{"self":[{"href":"https:\/\/cearacruz.com.br\/portal\/wp-json\/wp\/v2\/posts\/26327","targetHints":{"allow":["GET"]}}],"collection":[{"href":"https:\/\/cearacruz.com.br\/portal\/wp-json\/wp\/v2\/posts"}],"about":[{"href":"https:\/\/cearacruz.com.br\/portal\/wp-json\/wp\/v2\/types\/post"}],"author":[{"embeddable":true,"href":"https:\/\/cearacruz.com.br\/portal\/wp-json\/wp\/v2\/users\/1"}],"replies":[{"embeddable":true,"href":"https:\/\/cearacruz.com.br\/portal\/wp-json\/wp\/v2\/comments?post=26327"}],"version-history":[{"count":1,"href":"https:\/\/cearacruz.com.br\/portal\/wp-json\/wp\/v2\/posts\/26327\/revisions"}],"predecessor-version":[{"id":26330,"href":"https:\/\/cearacruz.com.br\/portal\/wp-json\/wp\/v2\/posts\/26327\/revisions\/26330"}],"wp:featuredmedia":[{"embeddable":true,"href":"https:\/\/cearacruz.com.br\/portal\/wp-json\/wp\/v2\/media\/26331"}],"wp:attachment":[{"href":"https:\/\/cearacruz.com.br\/portal\/wp-json\/wp\/v2\/media?parent=26327"}],"wp:term":[{"taxonomy":"category","embeddable":true,"href":"https:\/\/cearacruz.com.br\/portal\/wp-json\/wp\/v2\/categories?post=26327"},{"taxonomy":"post_tag","embeddable":true,"href":"https:\/\/cearacruz.com.br\/portal\/wp-json\/wp\/v2\/tags?post=26327"}],"curies":[{"name":"wp","href":"https:\/\/api.w.org\/{rel}","templated":true}]}}