{"id":26319,"date":"2022-07-29T15:55:00","date_gmt":"2022-07-29T15:55:00","guid":{"rendered":"https:\/\/cearacruz.com.br\/portal\/nocoes-basicas-de-primeiros-socorros-e-tema-de-capacitacao-docente-no-cea\/"},"modified":"2025-08-18T19:54:43","modified_gmt":"2025-08-18T19:54:43","slug":"nocoes-basicas-de-primeiros-socorros-e-tema-de-capacitacao-docente-no-cea","status":"publish","type":"post","link":"https:\/\/cearacruz.com.br\/portal\/nocoes-basicas-de-primeiros-socorros-e-tema-de-capacitacao-docente-no-cea\/","title":{"rendered":"No\u00e7\u00f5es B\u00e1sicas de Primeiros Socorros \u00e9 tema de capacita\u00e7\u00e3o docente no CEA"},"content":{"rendered":"<figure id=\"attachment_2618\" aria-describedby=\"caption-attachment-2618\" style=\"width: 600px\" class=\"wp-caption aligncenter\"><img fetchpriority=\"high\" decoding=\"async\" class=\"wp-image-2618 size-full\" src=\"https:\/\/cearacruz.com.br\/portal\/wp-content\/uploads\/2025\/08\/not_29_07_2022_01-3.jpg\" alt=\"\" width=\"600\" height=\"450\" \/><figcaption id=\"caption-attachment-2618\" class=\"wp-caption-text\">Fotos: Alessandro Bitti<\/figcaption><\/figure>\n<p>O subtenente Bernardes da 2\u00aa Companhia Independente do Corpo de Bombeiros de Aracruz ministrou uma palestra e duas oficinas sobre No\u00e7\u00f5es B\u00e1sicas de Primeiros Socorros para os professores do Ensino Fundamental e M\u00e9dio, equipe pedag\u00f3gica, t\u00e9cnicos-administrativos e operacionais do <a href=\"http:\/\/www.cearacruz.com.br\/portal\/\" target=\"_blank\" rel=\"noopener noreferrer\"><strong>Centro Educacional de Aracruz (CEA).<\/strong><\/a> A palestra e as oficinas fazem parte da capacita\u00e7\u00e3o docente e aconteceram no audit\u00f3rio e nos laborat\u00f3rios da institui\u00e7\u00e3o de ensino.<\/p>\n<p><em>\u201c\u00c9 \u00f3bvio que o leigo n\u00e3o tem a obriga\u00e7\u00e3o legal de prestar socorro a uma v\u00edtima de acidente, mas, a partir desse treinamento oficial b\u00e1sico, que satisfaz uma legisla\u00e7\u00e3o, essa responsabilidade se torna mais latente. Por isso, quero parabenizar o CEA e sua dire\u00e7\u00e3o por ser uma das primeiras institui\u00e7\u00f5es de ensino de Aracruz e regi\u00e3o a realizar esse tipo de treinamento, com o seu corpo docente, t\u00e9cnicos-administrativos e operacionais\u201d, <\/em>afirmou Bernardes.<em>\u00a0<\/em><\/p>\n<p>Segundo o subtenente, a <a href=\"http:\/\/www.planalto.gov.br\/ccivil_03\/_ato2015-2018\/2018\/lei\/l13722.htm\" target=\"_blank\" rel=\"noopener noreferrer\"><strong>Lei Lucas n.\u00ba 13.722\/2018 <\/strong><\/a>ainda n\u00e3o est\u00e1 regulamentada, mas a escola j\u00e1 se antecipou em atender suas diretrizes. <em>\u201cEssa \u00e9 uma pol\u00edtica muito bacana, pois a escola e seus profissionais ir\u00e3o estar amparados, por qualquer tipo de fiscaliza\u00e7\u00e3o, e preparados a dar um atendimento inicial a uma v\u00edtima de acidente. Aqui, nesse treinamento, vamos aprender t\u00e9cnicas, conceitos, fundamenta\u00e7\u00f5es e protocolos que v\u00e3o nos ajudar tamb\u00e9m em casa\u201d, <\/em>pontuou Bernardes.<\/p>\n<p><img decoding=\"async\" class=\"aligncenter wp-image-2617 size-full\" src=\"https:\/\/cearacruz.com.br\/portal\/wp-content\/uploads\/2025\/08\/not_29_07_2022_02-5.jpg\" alt=\"\" width=\"600\" height=\"450\" \/><\/p>\n<p>A palestra foi ministrada na \u00faltima ter\u00e7a-feira (26) e ensinou os participantes de como proceder para dar um suporte b\u00e1sico de vida a uma pessoa que sofre algum acidente, quais s\u00e3o os primeiros procedimentos a serem adotados e observados para salvar uma vida foram alguns dos temas abordados pelo subtenente Bernardes, que falou ainda sobre o hist\u00f3rico do atendimento pr\u00e9-hospitalar (APH), o modelo de APH adotado no Brasil que \u00e9 o americano.<\/p>\n<p>Bernardes alertou que: <em>\u201ca principal causa-morte pr\u00e9-hospitalar \u00e9 a falta de atendimento. A segunda \u00e9 o socorro inadequado\u201d.<\/em> O subtenente falou tamb\u00e9m sobre Anatomia e Fisiologia, Sistema Circulat\u00f3rio, Primeiros Socorros aspectos \u00e9tico e legal, o papel do socorrista, cuidados no local do acidente, os tipos de traumatismos, atropelamentos, a tr\u00edade do atropelamento, hemorragias, ferimentos, dentre outros temas.<\/p>\n<p>A capacita\u00e7\u00e3o docente continuou na \u00faltima quarta-feira (27), com as oficinas sobre ressuscita\u00e7\u00e3o cardiopulmonar (RCP), com <a href=\"https:\/\/www.tuasaude.com\/manobra-de-heimlich\/\" target=\"_blank\" rel=\"noopener noreferrer\"><strong>manobras de Heimlich<\/strong><\/a> para pessoas leigas e sobre avalia\u00e7\u00e3o prim\u00e1ria e secund\u00e1ria em indiv\u00edduos que tenham sofrido algum tipo de acidente e tenham suspeitas de traumas, assim como orienta\u00e7\u00f5es de mobiliza\u00e7\u00e3o que devem ser feitas nas v\u00edtimas preservando, principalmente, sua coluna cervical.<\/p>\n<p><img decoding=\"async\" class=\"aligncenter wp-image-2620 size-full\" src=\"https:\/\/cearacruz.com.br\/portal\/wp-content\/uploads\/2025\/08\/not_29_07_2022_03-3.jpg\" alt=\"\" width=\"600\" height=\"450\" \/><\/p>\n<p>Foram orientadores nas oficinas, o subtenente Bernardes, o sargento em forma\u00e7\u00e3o do Corpo de Bombeiros de Aracruz, Jorge Daniel, e as preceptoras do<a href=\"http:\/\/www.faacz.com.br\/portal\/graduacao\/cursos\/enfermagem\/\" target=\"_blank\" rel=\"noopener noreferrer\"><strong> curso de Enfermagem da FAACZ<\/strong><\/a>, Elis\u00e2ngela Rodrigues Pereira, Sabrina Maria Batista do Nascimento e Sheila da Penha Moraes Santos. O treinamento contou ainda com a participa\u00e7\u00e3o da diretora escolar do CEA, prof.\u00aa Dr.\u00aa Adriana Recla Sarcinelli e da supervisora escolar, Eleide B. C. Maulaz.<\/p>\n<p><em>\u201cEsse treinamento de no\u00e7\u00f5es b\u00e1sicas em primeiros socorros foi muito importante para a nossa forma\u00e7\u00e3o profissional e pessoal, pois atrav\u00e9s dele tivemos acesso a conhecimentos que podem salvar a vida n\u00e3o apenas de um aluno, mas tamb\u00e9m de um familiar ou algu\u00e9m pr\u00f3ximo. Mais do que o atendimento a uma lei, saio desse treinamento com a sensa\u00e7\u00e3o de que eu posso contribuir para que trag\u00e9dias como a ocorrida com o garoto Lucas possam ser evitadas\u201d, <\/em>afirmou o professor Patrik Borges do Nascimento Leal.<\/p>\n<p><img loading=\"lazy\" decoding=\"async\" class=\"aligncenter wp-image-2621 size-full\" src=\"https:\/\/cearacruz.com.br\/portal\/wp-content\/uploads\/2025\/08\/not_29_07_2022_04-3.jpg\" alt=\"\" width=\"600\" height=\"450\" \/><\/p>\n<p>A preceptora do curso de Enfermagem da FAACZ, a enfermeira Elis\u00e2ngela Rodrigues Pereira evidenciou a import\u00e2ncia do treinamento realizado e do aprendizado sobre primeiros socorros para os profissionais da educa\u00e7\u00e3o.<em>\u00a0<\/em><\/p>\n<p><em>\u201cFoi de grande valia a experi\u00eancia de participar e poder contribuir com este curso de primeiros socorros que o CEA proporcionou, ao mesmo tempo que contribu\u00edmos com o aprendizado dos professores, podemos sempre aprender algo novo para nossa viv\u00eancia, tanto no trabalho, quanto no cotidiano. Al\u00e9m disso, empoderarmos pessoas para lidar com situa\u00e7\u00f5es de risco eminente de les\u00f5es e morte, nos traz grande satisfa\u00e7\u00e3o\u201d, <\/em>destacou a enfermeira e preceptora.<\/p>\n<p>Durante a capacita\u00e7\u00e3o docente, os participantes receberam orienta\u00e7\u00f5es sobre o que fazer em meio a convuls\u00f5es e desmaios, quedas, fraturas, hemorragias, engasgos e parada cardiorrespirat\u00f3ria, tendo como base a <a href=\"http:\/\/www.planalto.gov.br\/ccivil_03\/_ato2015-2018\/2018\/lei\/l13722.htm\" target=\"_blank\" rel=\"noopener noreferrer\"><strong>Lei Lucas n.\u00ba 13.722\/2018<\/strong><\/a>, que visa aumentar a seguran\u00e7a das crian\u00e7as e adolescentes dentro do espa\u00e7o escolar, oferecendo aos profissionais do CEA os conhecimentos necess\u00e1rios para que possam lidar com situa\u00e7\u00f5es emergenciais.<\/p>\n<p><strong>INFORMA\u00c7\u00d5ES \u00c0 IMPRENSA:\u00a0\u00a0\u00a0\u00a0\u00a0\u00a0\u00a0\u00a0\u00a0\u00a0\u00a0\u00a0\u00a0\u00a0\u00a0\u00a0\u00a0\u00a0\u00a0\u00a0\u00a0\u00a0\u00a0\u00a0\u00a0\u00a0\u00a0\u00a0\u00a0\u00a0\u00a0\u00a0\u00a0\u00a0\u00a0\u00a0\u00a0\u00a0\u00a0\u00a0\u00a0\u00a0\u00a0\u00a0\u00a0\u00a0\u00a0\u00a0\u00a0\u00a0\u00a0\u00a0\u00a0\u00a0\u00a0\u00a0\u00a0\u00a0\u00a0\u00a0\u00a0\u00a0\u00a0\u00a0\u00a0\u00a0\u00a0\u00a0\u00a0\u00a0\u00a0 <\/strong><strong><br \/>\nSetor de Comunica\u00e7\u00e3o e Marketing \u2013 Alessandro Bitti<br \/>\n<\/strong>Tel.: (27) 3302-8000 \u2013 E-mail: comunicacao@fsjb.edu.br \/ alessandro@fsjb.edu.br<\/p>\n","protected":false},"excerpt":{"rendered":"<p>O subtenente Bernardes da 2\u00aa Companhia Independente do Corpo de Bombeiros de Aracruz ministrou uma palestra e duas oficinas sobre No\u00e7\u00f5es&#8230;<\/p>\n","protected":false},"author":1,"featured_media":26325,"comment_status":"open","ping_status":"open","sticky":false,"template":"","format":"standard","meta":{"om_disable_all_campaigns":false,"_uf_show_specific_survey":0,"_uf_disable_surveys":false,"footnotes":""},"categories":[7],"tags":[],"class_list":["post-26319","post","type-post","status-publish","format-standard","has-post-thumbnail","hentry","category-cea"],"aioseo_notices":[],"_links":{"self":[{"href":"https:\/\/cearacruz.com.br\/portal\/wp-json\/wp\/v2\/posts\/26319","targetHints":{"allow":["GET"]}}],"collection":[{"href":"https:\/\/cearacruz.com.br\/portal\/wp-json\/wp\/v2\/posts"}],"about":[{"href":"https:\/\/cearacruz.com.br\/portal\/wp-json\/wp\/v2\/types\/post"}],"author":[{"embeddable":true,"href":"https:\/\/cearacruz.com.br\/portal\/wp-json\/wp\/v2\/users\/1"}],"replies":[{"embeddable":true,"href":"https:\/\/cearacruz.com.br\/portal\/wp-json\/wp\/v2\/comments?post=26319"}],"version-history":[{"count":1,"href":"https:\/\/cearacruz.com.br\/portal\/wp-json\/wp\/v2\/posts\/26319\/revisions"}],"predecessor-version":[{"id":26324,"href":"https:\/\/cearacruz.com.br\/portal\/wp-json\/wp\/v2\/posts\/26319\/revisions\/26324"}],"wp:featuredmedia":[{"embeddable":true,"href":"https:\/\/cearacruz.com.br\/portal\/wp-json\/wp\/v2\/media\/26325"}],"wp:attachment":[{"href":"https:\/\/cearacruz.com.br\/portal\/wp-json\/wp\/v2\/media?parent=26319"}],"wp:term":[{"taxonomy":"category","embeddable":true,"href":"https:\/\/cearacruz.com.br\/portal\/wp-json\/wp\/v2\/categories?post=26319"},{"taxonomy":"post_tag","embeddable":true,"href":"https:\/\/cearacruz.com.br\/portal\/wp-json\/wp\/v2\/tags?post=26319"}],"curies":[{"name":"wp","href":"https:\/\/api.w.org\/{rel}","templated":true}]}}