{"id":26305,"date":"2022-07-19T21:46:22","date_gmt":"2022-07-19T21:46:22","guid":{"rendered":"https:\/\/cearacruz.com.br\/portal\/aula-de-campo-estudantes-do-ensino-medio-fazem-visita-pedagogica-ao-instituto-terra\/"},"modified":"2025-08-18T19:54:41","modified_gmt":"2025-08-18T19:54:41","slug":"aula-de-campo-estudantes-do-ensino-medio-fazem-visita-pedagogica-ao-instituto-terra","status":"publish","type":"post","link":"https:\/\/cearacruz.com.br\/portal\/aula-de-campo-estudantes-do-ensino-medio-fazem-visita-pedagogica-ao-instituto-terra\/","title":{"rendered":"Aula de campo: Estudantes do Ensino M\u00e9dio fazem visita pedag\u00f3gica ao Instituto Terra"},"content":{"rendered":"<figure id=\"attachment_2599\" aria-describedby=\"caption-attachment-2599\" style=\"width: 600px\" class=\"wp-caption aligncenter\"><img fetchpriority=\"high\" decoding=\"async\" class=\"wp-image-2599 size-full\" src=\"https:\/\/cearacruz.com.br\/portal\/wp-content\/uploads\/2025\/08\/not_19_07_2022_02-5.jpg\" alt=\"\" width=\"600\" height=\"450\" \/><figcaption id=\"caption-attachment-2599\" class=\"wp-caption-text\">Fotos: Divulga\u00e7\u00e3o<\/figcaption><\/figure>\n<p>Na semana passada, os estudantes da 3\u00aa S\u00e9rie do Ensino M\u00e9dio, do <a href=\"http:\/\/www.cearacruz.com.br\/portal\/\" target=\"_blank\" rel=\"noopener noreferrer\"><strong>Centro Educacional de Aracruz (CEA)<\/strong><\/a>, acompanhados pelo professor de Biologia, Le\u00f4ncio Carlesso Guzzo, conheceram o <a href=\"https:\/\/institutoterra.org\/\" target=\"_blank\" rel=\"noopener noreferrer\"><strong>Instituto Terra<\/strong><\/a>, em Aimor\u00e9s\/MG, de propriedade do casal L\u00e9lia Deluiz Wanick Salgado e Sebasti\u00e3o Salgado, que em abril de 1998, tomaram a decis\u00e3o de devolver \u00e0 natureza o que d\u00e9cadas de degrada\u00e7\u00e3o ambiental destruiu.<\/p>\n<p>Eles mobilizaram parceiros, captaram recursos e fundaram na antiga fazenda de gado \u201cFazenda Bulc\u00e3o\u201d, da fam\u00edlia de Sebasti\u00e3o Salgado, uma organiza\u00e7\u00e3o ambiental dedicada ao desenvolvimento sustent\u00e1vel do Vale do Rio Doce. A regi\u00e3o era originariamente coberta pela Mata Atl\u00e2ntica e abrange munic\u00edpios de Minas Gerais e do Esp\u00edrito Santo banhados pela Bacia Hidrogr\u00e1fica do Rio Doce.<\/p>\n<p><img decoding=\"async\" class=\"aligncenter wp-image-2600 size-full\" src=\"https:\/\/cearacruz.com.br\/portal\/wp-content\/uploads\/2025\/08\/not_19_07_2022_03-3.jpg\" alt=\"\" width=\"600\" height=\"450\" \/><\/p>\n<p>Por conta da atua\u00e7\u00e3o do Instituto Terra, milhares de hectares de \u00e1reas degradadas de Mata Atl\u00e2ntica no m\u00e9dio Rio Doce e perto de duas mil nascentes est\u00e3o em processo de recupera\u00e7\u00e3o. A antiga fazenda de gado, antes completamente degradada, hoje abriga uma floresta com diversidade de esp\u00e9cies da flora de Mata Atl\u00e2ntica.<\/p>\n<p>O professor Le\u00f4ncio explicou o objetivo da visita pedag\u00f3gica: <em>\u201cDiante dos temas abordados em sala de aula na disciplina de Biologia, a visita ao Instituto Terra teve como objetivo estudar em campo a sucess\u00e3o ecol\u00f3gica, o bioma Mata Atl\u00e2ntica,\u00a0conhecer de perto o processo de reflorestamento, podendo observar esp\u00e9cies da fauna e flora nativas e como as pequenas sementes se tornam mudas e \u00e1rvores para a Mata Atl\u00e2ntica\u201d.\u00a0<\/em><\/p>\n<p><img decoding=\"async\" class=\"aligncenter wp-image-2601 size-full\" src=\"https:\/\/cearacruz.com.br\/portal\/wp-content\/uploads\/2025\/08\/not_19_07_2022_01-3.jpg\" alt=\"\" width=\"600\" height=\"450\" \/><\/p>\n<p>Al\u00e9m disso, segundo o docente do CEA: <em>\u201cOs estudantes conheceram os trabalhos do n\u00facleo de estudos e restaura\u00e7\u00e3o de ecossistemas da Mata Atl\u00e2ntica, assim como, entraram em contato com o bioma, explorado em sala de aula, que h\u00e1 anos vem sofrendo constante degrada\u00e7\u00e3o e desmatamento, mesmo estando classificado como um Hotspot\u00a0mundial, ou seja, uma das \u00e1reas mais ricas em biodiversidade e mais amea\u00e7adas do planeta, despertando nos alunos\u00a0a import\u00e2ncia da preserva\u00e7\u00e3o e manuten\u00e7\u00e3o da Mata Atl\u00e2ntica, visando seu papel fundamental no equil\u00edbrio ambiental e na biodiversidade do Brasil e do mundo\u201d.<\/em><em>\u00a0<\/em><\/p>\n<p>Para Ana Jhuli Bortolozzo Maulaz a aula de campo, no Instituto Terra, foi um momento muito interessante para o aprimoramento dos conceitos trabalhados em sala de aula com o professor Le\u00f4ncio.<\/p>\n<p><em>\u201cNeste dia, teve a troca de experi\u00eancias entre alunos, professor e t\u00e9cnicos ambientais. Al\u00e9m disso, relembramos da import\u00e2ncia do meio ambiente para o presente e as futuras gera\u00e7\u00f5es. Tivemos o conhecimento tamb\u00e9m sobre os projetos e como a m\u00eddia ajuda na institui\u00e7\u00e3o. Aprendemos sobre a hist\u00f3ria do lugar e dos respons\u00e1veis e de todo o processo, a aten\u00e7\u00e3o e o cuidado do reflorestamento de muitas \u00e1reas devastadas. \u00a0Eles tiveram o cuidado com a nossa seguran\u00e7a dando orienta\u00e7\u00f5es ao longo do dia e equipamento de prote\u00e7\u00e3o para evitar algum acidente\u201d, <\/em>relatou a aluna do Ensino M\u00e9dio do CEA.<\/p>\n<p><img loading=\"lazy\" decoding=\"async\" class=\"aligncenter wp-image-2602 size-full\" src=\"https:\/\/cearacruz.com.br\/portal\/wp-content\/uploads\/2025\/08\/not_19_07_2022_04-3.jpg\" alt=\"\" width=\"600\" height=\"450\" \/><\/p>\n<p><em>\u201cA visita ao Instituto Terra foi marcante e fundamental para o nosso conhecimento sobre o meio ambiente, especialmente, sobre a Mata Atl\u00e2ntica. N\u00f3s aprendemos v\u00e1rias coisas, como, por exemplo: a diferen\u00e7a entre as \u00e1rvores (recobrimento e diversidade), como plantar da maneira correta, como resgatar uma nascente, caracter\u00edsticas da fauna e da flora do ecossistema, e dentre outros ensinamentos. E tamb\u00e9m foi poss\u00edvel, a exemplo deles, aprender a ter zelo pela natureza e reconhecer a import\u00e2ncia da preserva\u00e7\u00e3o ambiental. Em suma, visitar o instituto foi uma experi\u00eancia incr\u00edvel e emocionante\u201d, <\/em>afirmou o estudante da 3\u00aa S\u00e9rie do Ensino M\u00e9dio, Luis Gustavo dos Santos Zanoni.<\/p>\n<p><strong>INFORMA\u00c7\u00d5ES \u00c0 IMPRENSA:<\/strong><strong><br \/>\nSetor de Comunica\u00e7\u00e3o e Marketing \u2013 Alessandro Bitti<br \/>\n<\/strong>Tel.: (27) 3302-8000 \u2013 E-mail: comunicacao@fsjb.edu.br \/ alessandro@fsjb.edu.br<\/p>\n","protected":false},"excerpt":{"rendered":"<p>Na semana passada, os estudantes da 3\u00aa S\u00e9rie do Ensino M\u00e9dio, do Centro Educacional de Aracruz (CEA), acompanhados pelo professor&#8230;<\/p>\n","protected":false},"author":1,"featured_media":26311,"comment_status":"open","ping_status":"open","sticky":false,"template":"","format":"standard","meta":{"om_disable_all_campaigns":false,"_uf_show_specific_survey":0,"_uf_disable_surveys":false,"footnotes":""},"categories":[7],"tags":[],"class_list":["post-26305","post","type-post","status-publish","format-standard","has-post-thumbnail","hentry","category-cea"],"aioseo_notices":[],"_links":{"self":[{"href":"https:\/\/cearacruz.com.br\/portal\/wp-json\/wp\/v2\/posts\/26305","targetHints":{"allow":["GET"]}}],"collection":[{"href":"https:\/\/cearacruz.com.br\/portal\/wp-json\/wp\/v2\/posts"}],"about":[{"href":"https:\/\/cearacruz.com.br\/portal\/wp-json\/wp\/v2\/types\/post"}],"author":[{"embeddable":true,"href":"https:\/\/cearacruz.com.br\/portal\/wp-json\/wp\/v2\/users\/1"}],"replies":[{"embeddable":true,"href":"https:\/\/cearacruz.com.br\/portal\/wp-json\/wp\/v2\/comments?post=26305"}],"version-history":[{"count":1,"href":"https:\/\/cearacruz.com.br\/portal\/wp-json\/wp\/v2\/posts\/26305\/revisions"}],"predecessor-version":[{"id":26310,"href":"https:\/\/cearacruz.com.br\/portal\/wp-json\/wp\/v2\/posts\/26305\/revisions\/26310"}],"wp:featuredmedia":[{"embeddable":true,"href":"https:\/\/cearacruz.com.br\/portal\/wp-json\/wp\/v2\/media\/26311"}],"wp:attachment":[{"href":"https:\/\/cearacruz.com.br\/portal\/wp-json\/wp\/v2\/media?parent=26305"}],"wp:term":[{"taxonomy":"category","embeddable":true,"href":"https:\/\/cearacruz.com.br\/portal\/wp-json\/wp\/v2\/categories?post=26305"},{"taxonomy":"post_tag","embeddable":true,"href":"https:\/\/cearacruz.com.br\/portal\/wp-json\/wp\/v2\/tags?post=26305"}],"curies":[{"name":"wp","href":"https:\/\/api.w.org\/{rel}","templated":true}]}}