{"id":26300,"date":"2022-07-07T22:26:25","date_gmt":"2022-07-07T22:26:25","guid":{"rendered":"https:\/\/cearacruz.com.br\/portal\/centro-educacional-de-aracruz-abre-matriculas-para-dois-cursos-tecnicos\/"},"modified":"2025-08-18T19:54:40","modified_gmt":"2025-08-18T19:54:40","slug":"centro-educacional-de-aracruz-abre-matriculas-para-dois-cursos-tecnicos","status":"publish","type":"post","link":"https:\/\/cearacruz.com.br\/portal\/centro-educacional-de-aracruz-abre-matriculas-para-dois-cursos-tecnicos\/","title":{"rendered":"Centro Educacional de Aracruz abre matr\u00edculas para dois cursos t\u00e9cnicos"},"content":{"rendered":"<p><strong> <img fetchpriority=\"high\" decoding=\"async\" class=\"aligncenter wp-image-2592 size-full\" src=\"https:\/\/cearacruz.com.br\/portal\/wp-content\/uploads\/2025\/08\/site-7.jpg\" alt=\"\" width=\"600\" height=\"450\" \/><\/strong><\/p>\n<p>Em 2022, o <a href=\"http:\/\/www.cearacruz.com.br\/portal\/\" target=\"_blank\" rel=\"noopener noreferrer\"><strong>Centro Educacional de Aracruz (CEA)<\/strong> <\/a>lan\u00e7a dois cursos t\u00e9cnicos: <strong>\u00a0<a href=\"http:\/\/www.cearacruz.com.br\/portal\/tecnico-em-edificacoes\/\" target=\"_blank\" rel=\"noopener noreferrer\">Edifica\u00e7\u00f5es<\/a><\/strong> e <a href=\"http:\/\/www.cearacruz.com.br\/portal\/tecnico-em-mecanica\/\" target=\"_blank\" rel=\"noopener noreferrer\"><strong>Mec\u00e2nica<\/strong><\/a>. Os cursos s\u00e3o presenciais, t\u00eam dura\u00e7\u00e3o de 18 meses e s\u00e3o ofertados no per\u00edodo noturno, de segunda a sexta-feira. As matr\u00edculas est\u00e3o sendo feitas na Secretaria da escola at\u00e9 o dia 27 de julho (quarta-feira), das 11 \u00e0s 17 horas. O endere\u00e7o do CEA \u00e9 Rua Professor Berilo Bas\u00edlio dos Santos, n.\u00ba 180, no centro de Aracruz.<\/p>\n<p><em>\u201cA educa\u00e7\u00e3o profissional t\u00e9cnica de n\u00edvel m\u00e9dio tem o objetivo de capacitar o aluno com conhecimentos te\u00f3ricos e pr\u00e1ticos em diversas atividades. Um de seus prop\u00f3sitos \u00e9 o ingresso r\u00e1pido ao mercado de trabalho, visando atender a demanda de empresas que buscam candidatos com qualifica\u00e7\u00e3o espec\u00edfica\u201d,<\/em> explicou a diretora escolar do CEA, prof.\u00aa Dr.\u00aa Adriana Recla Sarcinelli.<\/p>\n<p><em>\u201cO grande diferencial do CEA est\u00e1 em sua estrutura did\u00e1tico-pedag\u00f3gica, utiliza\u00e7\u00e3o de materiais concretos e tecnologia, proporcionando assim, dinamismo e abordagem muito pr\u00f3xima da realidade, nas atividades em sala de aula, ou em pr\u00e1ticas experimentais nos laborat\u00f3rios\u201d, <\/em>finalizou dizendo a diretora escolar.<\/p>\n<p>Garanta sua vaga nos cursos t\u00e9cnicos em <a href=\"http:\/\/www.cearacruz.com.br\/portal\/tecnico-em-edificacoes\/\" target=\"_blank\" rel=\"noopener noreferrer\"><strong>Edifica\u00e7\u00f5es<\/strong><\/a> e <a href=\"http:\/\/www.cearacruz.com.br\/portal\/tecnico-em-mecanica\/\" target=\"_blank\" rel=\"noopener noreferrer\"><strong>Mec\u00e2nica<\/strong><\/a> do CEA. Esteja preparado para o mercado de trabalho. Os cursos t\u00eam mensalidades que cabem no seu bolso e ainda o CEA d\u00e1 desconto de 10% se voc\u00ea pagar at\u00e9 o dia do vencimento. Cursos r\u00e1pidos e com qualidade \u00e9 no CEA. As aulas dos cursos t\u00e9cnicos iniciam em 08 de agosto (segunda-feira), a partir das 19 horas. Mais informa\u00e7\u00f5es sobre os cursos ligue: (27) 99699-0953 (WhatsApp).<\/p>\n<h3><strong>Para matr\u00edcula s\u00e3o necess\u00e1rios os seguintes documentos \u00a0\u00a0\u00a0\u00a0\u00a0 <\/strong><\/h3>\n<p>Requerimento de Matr\u00edcula; Certificado ou Hist\u00f3rico Escolar de conclus\u00e3o do Ensino M\u00e9dio (apresenta\u00e7\u00e3o do original e c\u00f3pia simples ou autenticada) ou, Declara\u00e7\u00e3o de escola, comprovando estar cursando a escolaridade m\u00ednima exigida (original); c\u00f3pia da Certid\u00e3o de Nascimento\/Casamento; do RG e CPF do aluno; do comprovante de endere\u00e7o com CEP; do t\u00edtulo de eleitor, com comprova\u00e7\u00e3o de voto na \u00faltima elei\u00e7\u00e3o (fotoc\u00f3pia); 2 fotos 3&#215;4 recentes; c\u00f3pia de quita\u00e7\u00e3o com as obriga\u00e7\u00f5es militares para os alunos, do sexo masculino.<\/p>\n<p><strong>INFORMA\u00c7\u00d5ES \u00c0 IMPRENSA:<\/strong><strong><br \/>\nSetor de Comunica\u00e7\u00e3o e Marketing \u2013 Alessandro Bitti<br \/>\n<\/strong>Tel.: (27) 3302-8000 \u2013 E-mail: comunicacao@fsjb.edu.br \/ alessandro@fsjb.edu.br<\/p>\n","protected":false},"excerpt":{"rendered":"<p>Em 2022, o Centro Educacional de Aracruz (CEA) lan\u00e7a dois cursos t\u00e9cnicos: \u00a0Edifica\u00e7\u00f5es e Mec\u00e2nica. Os cursos s\u00e3o presenciais, t\u00eam dura\u00e7\u00e3o de 18 meses&#8230;<\/p>\n","protected":false},"author":1,"featured_media":26303,"comment_status":"open","ping_status":"open","sticky":false,"template":"","format":"standard","meta":{"om_disable_all_campaigns":false,"_uf_show_specific_survey":0,"_uf_disable_surveys":false,"footnotes":""},"categories":[7],"tags":[],"class_list":["post-26300","post","type-post","status-publish","format-standard","has-post-thumbnail","hentry","category-cea"],"aioseo_notices":[],"_links":{"self":[{"href":"https:\/\/cearacruz.com.br\/portal\/wp-json\/wp\/v2\/posts\/26300","targetHints":{"allow":["GET"]}}],"collection":[{"href":"https:\/\/cearacruz.com.br\/portal\/wp-json\/wp\/v2\/posts"}],"about":[{"href":"https:\/\/cearacruz.com.br\/portal\/wp-json\/wp\/v2\/types\/post"}],"author":[{"embeddable":true,"href":"https:\/\/cearacruz.com.br\/portal\/wp-json\/wp\/v2\/users\/1"}],"replies":[{"embeddable":true,"href":"https:\/\/cearacruz.com.br\/portal\/wp-json\/wp\/v2\/comments?post=26300"}],"version-history":[{"count":1,"href":"https:\/\/cearacruz.com.br\/portal\/wp-json\/wp\/v2\/posts\/26300\/revisions"}],"predecessor-version":[{"id":26302,"href":"https:\/\/cearacruz.com.br\/portal\/wp-json\/wp\/v2\/posts\/26300\/revisions\/26302"}],"wp:featuredmedia":[{"embeddable":true,"href":"https:\/\/cearacruz.com.br\/portal\/wp-json\/wp\/v2\/media\/26303"}],"wp:attachment":[{"href":"https:\/\/cearacruz.com.br\/portal\/wp-json\/wp\/v2\/media?parent=26300"}],"wp:term":[{"taxonomy":"category","embeddable":true,"href":"https:\/\/cearacruz.com.br\/portal\/wp-json\/wp\/v2\/categories?post=26300"},{"taxonomy":"post_tag","embeddable":true,"href":"https:\/\/cearacruz.com.br\/portal\/wp-json\/wp\/v2\/tags?post=26300"}],"curies":[{"name":"wp","href":"https:\/\/api.w.org\/{rel}","templated":true}]}}