{"id":26293,"date":"2022-07-07T18:30:42","date_gmt":"2022-07-07T18:30:42","guid":{"rendered":"https:\/\/cearacruz.com.br\/portal\/edicao-2022-do-projeto-cea-literario-encanta-familiares-dos-alunos-com-momento-de-grande-interacao-e-aprendizado\/"},"modified":"2025-08-18T19:54:39","modified_gmt":"2025-08-18T19:54:39","slug":"edicao-2022-do-projeto-cea-literario-encanta-familiares-dos-alunos-com-momento-de-grande-interacao-e-aprendizado","status":"publish","type":"post","link":"https:\/\/cearacruz.com.br\/portal\/edicao-2022-do-projeto-cea-literario-encanta-familiares-dos-alunos-com-momento-de-grande-interacao-e-aprendizado\/","title":{"rendered":"Edi\u00e7\u00e3o 2022 do projeto \u201cCEA Liter\u00e1rio\u201d encanta familiares dos alunos com momento de grande intera\u00e7\u00e3o e aprendizado"},"content":{"rendered":"<figure id=\"attachment_2587\" aria-describedby=\"caption-attachment-2587\" style=\"width: 600px\" class=\"wp-caption aligncenter\"><img fetchpriority=\"high\" decoding=\"async\" class=\"wp-image-2587 size-full\" src=\"https:\/\/cearacruz.com.br\/portal\/wp-content\/uploads\/2025\/08\/not_07_07_2022_01-5.jpg\" alt=\"\" width=\"600\" height=\"450\" \/><figcaption id=\"caption-attachment-2587\" class=\"wp-caption-text\">Fotos: Ariel Cerri<\/figcaption><\/figure>\n<p>No m\u00eas de junho, o <a href=\"http:\/\/www.cearacruz.com.br\/portal\/\" target=\"_blank\" rel=\"noopener noreferrer\"><strong>Centro Educacional de Aracruz (CEA)<\/strong><\/a> deu in\u00edcio a edi\u00e7\u00e3o 2022 do projeto \u201cCEA Liter\u00e1rio\u201d, realizando um momento de grande intera\u00e7\u00e3o e aprendizado entre os alunos do Ensino Fundamental e M\u00e9dio, professores, funcion\u00e1rios da equipe pedag\u00f3gica e administrativa, bem como pais e familiares dos estudantes do CEA.<\/p>\n<p>A abertura oficial do \u201cCEA Liter\u00e1rio\u201d 2022 foi feita pela diretora escolar, prof.\u00aa Dr.\u00aa Adriana Recla Sarcinelli, e aconteceu na quadra poliesportiva da escola, que estava ornamentada e preparada para as apresenta\u00e7\u00f5es de teatro, declama\u00e7\u00f5es e dramatiza\u00e7\u00f5es de poemas e poesias. Um dos objetivos do projeto \u00e9 tornar o educando protagonista e despert\u00e1-lo para o h\u00e1bito da leitura.<\/p>\n<p><em>\u201c\u00c9 com muita satisfa\u00e7\u00e3o que ap\u00f3s dois anos paralisados, em raz\u00e3o da pandemia, que ainda permanece, conseguimos retomar o projeto do CEA Liter\u00e1rio, presencialmente. Acredito que cada um de voc\u00eas, como fam\u00edlia, saibam da import\u00e2ncia desse momento para cada uma de nossas crian\u00e7as\u201d, <\/em>frisou a diretora do CEA.<em>\u00a0<\/em><\/p>\n<p>Adriana finalizou, dizendo:<em> \u201cO prop\u00f3sito do CEA Liter\u00e1rio \u00e9 fomentar leitores, de mundo, de livros, de pessoas. Leitores que possam ser livres em um mundo que nos aprisiona, em muitos momentos. O livro \u00e9 saudade mental. Ler transforma, realiza profiss\u00f5es, proporciona liberdade intelectual. Recomende ao seu filho a leitura de um livro. Leia com ele jornais, quadrinhos, revistas. A leitura deve fazer parte do cotidiano de qualquer crian\u00e7a, jovem ou adulto\u201d.<\/em><em>\u00a0<\/em><\/p>\n<p><img decoding=\"async\" class=\"aligncenter wp-image-2588 size-full\" src=\"https:\/\/cearacruz.com.br\/portal\/wp-content\/uploads\/2025\/08\/not_07_07_2022_02-3.jpg\" alt=\"\" width=\"600\" height=\"450\" \/><\/p>\n<p>O pontap\u00e9 inicial do \u201cCEA Liter\u00e1rio\u201d foi dado pelos alunos do Ensino Fundamental I (1\u00ba ao 5\u00ba Ano). Na ocasi\u00e3o, os pequenos declamaram poema, m\u00fasica, parlenda e fizeram apresenta\u00e7\u00e3o de teatro sempre acompanhados pelas professoras regentes das turmas. A professora de Tecnologia e Inova\u00e7\u00e3o, Bruna de Lima Rodrigues, foi respons\u00e1vel por conduzir o momento.<\/p>\n<p><em>\u201cNesse breve tempo que passamos juntos, aprendemos sobre v\u00e1rios temas important\u00edssimos para nossa vida. Falamos da import\u00e2ncia da leitura, sobre conviver com as diferen\u00e7as, sobre como as pessoas s\u00e3o importantes na constru\u00e7\u00e3o da nossa hist\u00f3ria, sobre a amizade que nos eleva e nos torna mais sens\u00edveis ao outro e o respeito \u00e0s diferentes culturas\u201d,<\/em> pontuou Bruna.<\/p>\n<p>Al\u00e9m disso, a docente do CEA afirmou: <em>\u201cO conhecimento n\u00e3o acaba aqui, iremos continuar mergulhando nesse universo m\u00e1gico e t\u00e3o incr\u00edvel que \u00e9 das p\u00e1ginas repletas de escritas criativas, que misturam o mundo real com a possibilidade de dar asas \u00e0 imagina\u00e7\u00e3o. Hoje conclu\u00edmos um novo cap\u00edtulo da hist\u00f3ria do CEA e os grandes protagonistas foram os filhos de cada um de voc\u00eas\u201d.<\/em><em>\u00a0<\/em><\/p>\n<p>De acordo com Fernanda Santos Gasparini, m\u00e3e do aluno Emanuel Gasparini Ghidetti do 2\u00b0 Ano \u201cA\u201d, seu filho e todos os estudantes do Ensino Fundamental I apresentaram lindamente, emocionando a todos os presentes.<\/p>\n<p><em>\u201cFico muito feliz e realizada em poder proporcionar ao Emanuel um ensino de qualidade, onde priorizam o incentivo \u00e0 leitura, trabalhando incessantemente em sala e fora dela, a magia e o encantamento que os livros proporcionam. Sabemos que vivemos em um mundo t\u00e3o tecnol\u00f3gico, onde os jogos e os v\u00eddeos encantam e despertam facilmente a curiosidade dos nossos pequenos, e, hoje estimular uma crian\u00e7a a pegar um livro, ler e apreciar \u00e9 muito mais do que podemos chamar de incentivo, \u00e9 simplesmente maravilhoso e valioso para toda a vida\u201d, <\/em>destacou Fernanda.<\/p>\n<p><strong> <img decoding=\"async\" class=\"aligncenter wp-image-2589 size-full\" src=\"https:\/\/cearacruz.com.br\/portal\/wp-content\/uploads\/2025\/08\/not_07_07_2022_03-3.jpg\" alt=\"\" width=\"600\" height=\"450\" \/><\/strong><\/p>\n<p>J\u00e1 os alunos do 6\u00ba Anos, turmas A, B e C, do Ensino Fundamental foram respons\u00e1veis pelas apresenta\u00e7\u00f5es teatrais abordando os temas: \u201cO h\u00e1bito da leitura\u201d, \u201cContos Infantis\u201d, \u201c90 anos de Ziraldo\u201d. Os estudantes dos 7\u00ba Anos apresentaram \u201cCordel\u201d, \u201cCoreografia\u201d, \u201cM\u00fasica\/Banda\u201d e \u201cCoral\u201d de forma teatral.<\/p>\n<p>Tamb\u00e9m utilizando a dramatiza\u00e7\u00e3o, os alunos dos 8\u00ba Anos, turmas A, B e C, realizaram uma Sess\u00e3o de Teatro, com os temas: \u201cO caso do espelho\u201d, \u201cO baile da m\u00e1scara vermelha\u201d, \u201cO sorteio da morte\u201d. Fechando com chave de ouro a edi\u00e7\u00e3o 2022 do \u201cCEA Liter\u00e1rio\u201d, os estudantes dos 9\u00ba Anos, turmas A, B e C dramatizaram e declamaram o poema \u201c<a href=\"https:\/\/www.culturagenial.com\/poema-o-navio-negreiro-de-castro-alves\/\" target=\"_blank\" rel=\"noopener noreferrer\"><strong>Navio Negreiro<\/strong><\/a>\u201d de Castro Alves.<\/p>\n<p><em>\u201cEncantada \u00e9 a palavra que resume a atividade do CEA Liter\u00e1rio. O envolvimento das crian\u00e7as e adolescentes nas atividades, demonstra o quanto a escola est\u00e1 empenhada em estimular a subjetividade e o desejo da leitura. Neste mundo tecnol\u00f3gico \u00e9 importante participar de momentos musicais, teatral e art\u00edstico. Isso faz uma diferen\u00e7a hom\u00e9rica. Sigamos nesta linha para ajudar aos nossos filhos terem mais empatia\u201d, <\/em>disse Marta Rossoni, m\u00e3e do aluno Vitor Rossoni Baraldi, 9\u00ba Ano \u201cA\u201d e da aluna Laura Rossoni Baraldi, 5\u00ba Ano \u201cA\u201d.<\/p>\n<p>Os alunos da 1\u00aa S\u00e9rie do Ensino M\u00e9dio foram respons\u00e1veis por d\u00e1 vida a obra \u201c<a href=\"https:\/\/www.todamateria.com.br\/romeu-e-julieta\/\" target=\"_blank\" rel=\"noopener noreferrer\"><strong>Romeu e Julieta<\/strong><\/a>\u201d de William Shakespeare e os estudantes da 3\u00aa S\u00e9rie realizaram a pe\u00e7a teatral sobre a obra \u201cVidas Secas\u201d, de Graciliano Ramos. Os alunos da 2\u00aa S\u00e9rie do Ensino M\u00e9dio foram respons\u00e1veis pela produ\u00e7\u00e3o de pain\u00e9is e v\u00eddeos explicativos sobre Realismo, Naturalismo e Romantismo.<\/p>\n<p><strong>INFORMA\u00c7\u00d5ES \u00c0 IMPRENSA:<\/strong><strong><br \/>\nSetor de Comunica\u00e7\u00e3o e Marketing \u2013 Alessandro Bitti<br \/>\n<\/strong>Tel.: (27) 3302-8000 \u2013 E-mail: comunicacao@fsjb.edu.br \/ alessandro@fsjb.edu.br<\/p>\n","protected":false},"excerpt":{"rendered":"<p>No m\u00eas de junho, o Centro Educacional de Aracruz (CEA) deu in\u00edcio a edi\u00e7\u00e3o 2022 do projeto \u201cCEA Liter\u00e1rio\u201d, realizando um momento de grande intera\u00e7\u00e3o&#8230;<\/p>\n","protected":false},"author":1,"featured_media":26298,"comment_status":"open","ping_status":"open","sticky":false,"template":"","format":"standard","meta":{"om_disable_all_campaigns":false,"_uf_show_specific_survey":0,"_uf_disable_surveys":false,"footnotes":""},"categories":[30],"tags":[],"class_list":["post-26293","post","type-post","status-publish","format-standard","has-post-thumbnail","hentry","category-cea-literario"],"aioseo_notices":[],"_links":{"self":[{"href":"https:\/\/cearacruz.com.br\/portal\/wp-json\/wp\/v2\/posts\/26293","targetHints":{"allow":["GET"]}}],"collection":[{"href":"https:\/\/cearacruz.com.br\/portal\/wp-json\/wp\/v2\/posts"}],"about":[{"href":"https:\/\/cearacruz.com.br\/portal\/wp-json\/wp\/v2\/types\/post"}],"author":[{"embeddable":true,"href":"https:\/\/cearacruz.com.br\/portal\/wp-json\/wp\/v2\/users\/1"}],"replies":[{"embeddable":true,"href":"https:\/\/cearacruz.com.br\/portal\/wp-json\/wp\/v2\/comments?post=26293"}],"version-history":[{"count":1,"href":"https:\/\/cearacruz.com.br\/portal\/wp-json\/wp\/v2\/posts\/26293\/revisions"}],"predecessor-version":[{"id":26297,"href":"https:\/\/cearacruz.com.br\/portal\/wp-json\/wp\/v2\/posts\/26293\/revisions\/26297"}],"wp:featuredmedia":[{"embeddable":true,"href":"https:\/\/cearacruz.com.br\/portal\/wp-json\/wp\/v2\/media\/26298"}],"wp:attachment":[{"href":"https:\/\/cearacruz.com.br\/portal\/wp-json\/wp\/v2\/media?parent=26293"}],"wp:term":[{"taxonomy":"category","embeddable":true,"href":"https:\/\/cearacruz.com.br\/portal\/wp-json\/wp\/v2\/categories?post=26293"},{"taxonomy":"post_tag","embeddable":true,"href":"https:\/\/cearacruz.com.br\/portal\/wp-json\/wp\/v2\/tags?post=26293"}],"curies":[{"name":"wp","href":"https:\/\/api.w.org\/{rel}","templated":true}]}}