{"id":26127,"date":"2022-04-22T17:33:50","date_gmt":"2022-04-22T17:33:50","guid":{"rendered":"https:\/\/cearacruz.com.br\/portal\/estudantes-do-centro-educacional-de-aracruz-realizam-partilha-de-pascoa\/"},"modified":"2025-08-18T19:54:22","modified_gmt":"2025-08-18T19:54:22","slug":"estudantes-do-centro-educacional-de-aracruz-realizam-partilha-de-pascoa","status":"publish","type":"post","link":"https:\/\/cearacruz.com.br\/portal\/estudantes-do-centro-educacional-de-aracruz-realizam-partilha-de-pascoa\/","title":{"rendered":"Estudantes do Centro Educacional de Aracruz realizam Partilha de P\u00e1scoa"},"content":{"rendered":"<figure id=\"attachment_2354\" aria-describedby=\"caption-attachment-2354\" style=\"width: 600px\" class=\"wp-caption aligncenter\"><img fetchpriority=\"high\" decoding=\"async\" class=\"wp-image-2354 size-full\" src=\"https:\/\/cearacruz.com.br\/portal\/wp-content\/uploads\/2025\/08\/not_22_04_2022_01-5.jpg\" alt=\"\" width=\"600\" height=\"450\" \/><figcaption id=\"caption-attachment-2354\" class=\"wp-caption-text\">Fotos: Divulga\u00e7\u00e3o<\/figcaption><\/figure>\n<p>A quadra poliesportiva do <a href=\"http:\/\/www.cearacruz.com.br\/portal\/\" target=\"_blank\" rel=\"noopener noreferrer\"><strong>Centro Educacional de Aracruz (CEA)<\/strong><\/a> foi palco de uma linda homenagem \u00e0 <a href=\"https:\/\/pt.wikipedia.org\/wiki\/P%C3%A1scoa\" target=\"_blank\" rel=\"noopener noreferrer\"><strong>P\u00e1scoa<\/strong><\/a> feita por alunos do Ensino Fundamental e M\u00e9dio, no \u00faltimo dia 13. O evento contou com as presen\u00e7as da diretora escolar, prof.\u00aa Adriana Recla Sarcinelli, dos professores e da equipe t\u00e9cnica-administrativa e pedag\u00f3gica da escola.<\/p>\n<p><em>\u201cP\u00e1scoa \u00e9 dizer sim ao amor e \u00e0 vida; \u00e9 investir na fraternidade, \u00e9 lutar por um mundo melhor, \u00e9 vivenciar a solidariedade. Por isso, estamos realizando no CEA um momento de partilha, com muito amor fraterno. Esse \u00e9 um momento para refletirmos sobre a P\u00e1scoa e o seu significado para cada um de n\u00f3s e para nossa fam\u00edlia\u201d, <\/em>disse a diretora escolar durante momento de reflex\u00e3o.<em>\u00a0<\/em><em>\u00a0<\/em><\/p>\n<p>A aluna do 5\u00ba Ano A, do Ensino Fundamental, Carolina Marquezini Silva Vaz fez a leitura de um texto falando sobre o \u201cVerdadeiro Sentido da P\u00e1scoa\u201d. Em seguida, os alunos do 1\u00ba ao 5\u00ba Ano cantaram as m\u00fasicas: \u201c\u00c9 P\u00e1scoa\u201d, \u201cSebasti\u00e3o Junior\u201d e \u201cP\u00e1scoa para mim &#8211; Turma do Printy\u201d. Para simbolizar o momento de partilha foram distribu\u00eddos p\u00e3o caseiro, uva e suco de uva.<\/p>\n<p><img decoding=\"async\" class=\"aligncenter wp-image-2355 size-full\" src=\"https:\/\/cearacruz.com.br\/portal\/wp-content\/uploads\/2025\/08\/not_22_04_2022_02-3.jpg\" alt=\"\" width=\"600\" height=\"450\" \/><\/p>\n<p>J\u00e1 os alunos do 6\u00ba Ano do Ensino Fundamental a 3\u00aa S\u00e9rie do Ensino M\u00e9dio foram respons\u00e1veis por cantar \u201cHalleluah\u201d. Nos instrumentos estavam os estudantes: Davi Pereira Batista Ravani, do 6\u00ba Ano C do Ensino Fundamental, na Flauta Doce; Luis Gustavo dos Santos Zanoni, da 3\u00aa S\u00e9rie do Ensino M\u00e9dio, canto e viol\u00e3o; S\u00e9rgio Ot\u00e1vio Garcia Borges, do 9\u00ba Ano B do Ensino Fundamental, no viol\u00e3o e Eyshila Ruella Santana do 7\u00ba Ano B do Ensino Fundamental, canto.<\/p>\n<p>Tendo como pano de fundo a m\u00fasica \u201cPor amor\u201d de Rafaela Pinho, os estudantes do CEA realizaram, de forma simb\u00f3lica e coreografada, a encena\u00e7\u00e3o da \u201cPaix\u00e3o de Cristo\u201d seguindo uma \u201clinha do tempo\u201d, a partir da crucifica\u00e7\u00e3o, morte e ressurrei\u00e7\u00e3o. Todos os estudantes estavam devidamente trajados em um ambiente bem ornamentado.<\/p>\n<p>Foram respons\u00e1veis por dar vida a encena\u00e7\u00e3o da \u201cPaix\u00e3o de Cristo\u201d, os estudantes: Lorenzo Caldeira Silva da 3\u00aa S\u00e9rie do Ensino M\u00e9dio, como Jesus; Ana Jhuli Bortolozzo Maulaz da 3\u00aa S\u00e9rie do Ensino M\u00e9dio; Sthefany Scarabelle Rampineli dos Reis da 3\u00aa S\u00e9rie do Ensino M\u00e9dio; Ester Scarabelle Rampineli dos Reis do 7\u00ba Ano C do Ensino Fundamental e Cristal Plynster Gomes Nogueira do 7\u00ba Ano B\u00a0do Ensino Fundamental.<\/p>\n<p><strong>INFORMA\u00c7\u00d5ES \u00c0 IMPRENSA:<\/strong><strong><br \/>\nSetor de Comunica\u00e7\u00e3o e Marketing \u2013 Alessandro Bitti<br \/>\n<\/strong>Tel.: (27) 3302-8000 \u2013 E-mail: comunicacao@fsjb.edu.br \/ alessandro@fsjb.edu.br<\/p>\n","protected":false},"excerpt":{"rendered":"<p>A quadra poliesportiva do Centro Educacional de Aracruz (CEA) foi palco de uma linda homenagem \u00e0 P\u00e1scoa feita por alunos do Ensino Fundamental e M\u00e9dio,&#8230;<\/p>\n","protected":false},"author":1,"featured_media":26131,"comment_status":"open","ping_status":"open","sticky":false,"template":"","format":"standard","meta":{"om_disable_all_campaigns":false,"_uf_show_specific_survey":0,"_uf_disable_surveys":false,"footnotes":""},"categories":[7],"tags":[],"class_list":["post-26127","post","type-post","status-publish","format-standard","has-post-thumbnail","hentry","category-cea"],"aioseo_notices":[],"_links":{"self":[{"href":"https:\/\/cearacruz.com.br\/portal\/wp-json\/wp\/v2\/posts\/26127","targetHints":{"allow":["GET"]}}],"collection":[{"href":"https:\/\/cearacruz.com.br\/portal\/wp-json\/wp\/v2\/posts"}],"about":[{"href":"https:\/\/cearacruz.com.br\/portal\/wp-json\/wp\/v2\/types\/post"}],"author":[{"embeddable":true,"href":"https:\/\/cearacruz.com.br\/portal\/wp-json\/wp\/v2\/users\/1"}],"replies":[{"embeddable":true,"href":"https:\/\/cearacruz.com.br\/portal\/wp-json\/wp\/v2\/comments?post=26127"}],"version-history":[{"count":1,"href":"https:\/\/cearacruz.com.br\/portal\/wp-json\/wp\/v2\/posts\/26127\/revisions"}],"predecessor-version":[{"id":26130,"href":"https:\/\/cearacruz.com.br\/portal\/wp-json\/wp\/v2\/posts\/26127\/revisions\/26130"}],"wp:featuredmedia":[{"embeddable":true,"href":"https:\/\/cearacruz.com.br\/portal\/wp-json\/wp\/v2\/media\/26131"}],"wp:attachment":[{"href":"https:\/\/cearacruz.com.br\/portal\/wp-json\/wp\/v2\/media?parent=26127"}],"wp:term":[{"taxonomy":"category","embeddable":true,"href":"https:\/\/cearacruz.com.br\/portal\/wp-json\/wp\/v2\/categories?post=26127"},{"taxonomy":"post_tag","embeddable":true,"href":"https:\/\/cearacruz.com.br\/portal\/wp-json\/wp\/v2\/tags?post=26127"}],"curies":[{"name":"wp","href":"https:\/\/api.w.org\/{rel}","templated":true}]}}