{"id":25995,"date":"2022-03-07T18:51:51","date_gmt":"2022-03-07T18:51:51","guid":{"rendered":"https:\/\/cearacruz.com.br\/portal\/ex-aluna-do-cea-e-aprovada-em-primeiro-lugar-no-programa-de-residencia-multiprofissional-em-psicologia\/"},"modified":"2025-08-18T19:54:08","modified_gmt":"2025-08-18T19:54:08","slug":"ex-aluna-do-cea-e-aprovada-em-primeiro-lugar-no-programa-de-residencia-multiprofissional-em-psicologia","status":"publish","type":"post","link":"https:\/\/cearacruz.com.br\/portal\/ex-aluna-do-cea-e-aprovada-em-primeiro-lugar-no-programa-de-residencia-multiprofissional-em-psicologia\/","title":{"rendered":"Ex-aluna do CEA \u00e9 aprovada em primeiro lugar no programa de Resid\u00eancia Multiprofissional em Psicologia"},"content":{"rendered":"<p>Beatriz Ferraz dos Santos Petry (23) terminou a sua gradua\u00e7\u00e3o em Psicologia na <a href=\"https:\/\/www.mackenzie.br\/\" target=\"_blank\" rel=\"noopener noreferrer\"><strong>Universidade Presbiteriana Mackenzie<\/strong><\/a>, em junho de 2021. E, t\u00e3o logo concluiu a gradua\u00e7\u00e3o, j\u00e1 foi aprovada em primeiro lugar no programa de Resid\u00eancia Multiprofissional em Psicologia, Urg\u00eancia e Emerg\u00eancia, na <a href=\"https:\/\/www.unifesp.br\/\" target=\"_blank\" rel=\"noopener noreferrer\"><strong>Universidade Federal de S\u00e3o Paulo (UNIFESP)<\/strong><\/a>.<\/p>\n<p>Al\u00e9m de ter sido aprovada na UNIFESP Beatriz tamb\u00e9m foi aprovada na Resid\u00eancia no Instituto Dante Pazzanese de Cardiologia e, ainda, em um Programa de Bolsas para cursos de especializa\u00e7\u00e3o <em>Lato Sensu<\/em> do Hospital das Cl\u00ednicas da Universidade de S\u00e3o Paulo.<\/p>\n<figure id=\"attachment_2223\" aria-describedby=\"caption-attachment-2223\" style=\"width: 600px\" class=\"wp-caption aligncenter\"><img fetchpriority=\"high\" decoding=\"async\" class=\"wp-image-2223 size-full\" src=\"https:\/\/cearacruz.com.br\/portal\/wp-content\/uploads\/2025\/08\/not_07_03_2022_01-5.jpg\" alt=\"\" width=\"600\" height=\"450\" \/><figcaption id=\"caption-attachment-2223\" class=\"wp-caption-text\">Beatriz Petry \u00e9 ex-aluna do CEA e come\u00e7a em mar\u00e7o a resid\u00eancia em Psicologia. Foto: Arquivo Pessoal.<\/figcaption><\/figure>\n<h3><strong>Rotina de estudos<\/strong><\/h3>\n<p>Beatriz \u00e9 ex-aluna do <a href=\"http:\/\/www.cearacruz.com.br\/portal\/\" target=\"_blank\" rel=\"noopener noreferrer\"><strong>Centro Educacional de Aracruz (CEA)<\/strong><\/a>. Estudou na escola do 6\u00ba Ano do Ensino Fundamental II a 2\u00aa S\u00e9rie do Ensino M\u00e9dio e contou como foi a sua rotina de estudo para ser aprovada na Resid\u00eancia da UNIFESP: <em>\u201cDecidi que iria fazer resid\u00eancia faltando uns dois anos para terminar a faculdade, desde ent\u00e3o pesquisei as melhores e os locais onde poderia prestar o exame\u201d,<\/em> relatou.<\/p>\n<p>De acordo com a ex-aluna do CEA, as vagas para Psicologia ainda n\u00e3o s\u00e3o numerosas, e conhecendo o n\u00edvel das provas, entendeu que sua rotina de estudos deveria ser constante, como se preparar para um vestibular ou concurso.<\/p>\n<p><em>\u201cSelecionei dois editais de duas universidades diferentes, que me serviriam de base para estudar, para todas as provas. Montei uma planilha no Excel sobre cada tema, dividida em quatro passos: ler o texto de refer\u00eancia, fazer um resumo, resolver quest\u00f5es de exames anteriores da banca e assistir v\u00eddeo aulas. Aos finais de semana, refazia provas antigas, de diversas universidades, para me acostumar com os diferentes tipos de quest\u00f5es\u201d, <\/em>explicou Beatriz.<\/p>\n<p>Entre novembro de 2021 e janeiro de 2022 aconteceram as provas para a Resid\u00eancia. Durante esse per\u00edodo, Beatriz intensificou a sua rotina de estudos e montou um cronograma, estudando das 9 \u00e0s 18 horas, ao mesmo tempo em que iniciou uma p\u00f3s-gradua\u00e7\u00e3o em Sa\u00fade P\u00fablica, que lhe ajudou a conhecer um pouco mais sobre o tema, e construir uma l\u00f3gica de racioc\u00ednio importante para a execu\u00e7\u00e3o das provas.<\/p>\n<h3><strong>Superando desafios<\/strong><\/h3>\n<p>De acordo com Beatriz um dos principais desafios que teve que superar para passar na Resid\u00eancia foi manter a rotina de estudos a longo prazo, por mais cansativa que fosse.<\/p>\n<p><em>\u201cNeste \u00faltimo ano me casei, terminei a faculdade, os est\u00e1gios, entreguei o TCC, iniciei uma p\u00f3s, ent\u00e3o no meio de todos esses acontecimentos, precisei ter muita disciplina, pois diferentemente do ano em que estudei, por exemplo, para passar no vestibular, agora tamb\u00e9m havia outras responsabilidades que me demandam tamb\u00e9m tempo e esfor\u00e7o\u201d, <\/em>avaliou Beatriz.<\/p>\n<h3><strong>O futuro profissional al\u00e9m da Resid\u00eancia em Psicologia<\/strong><\/h3>\n<p>Quanto ao futuro, a ex-aluna do CEA \u00e9 otimista: <em>\u201cTenho boas expectativas, e n\u00e3o vejo a hora de come\u00e7ar o curso, conhecer diferentes colegas de profiss\u00e3o e de outras \u00e1reas, uma das coisas que mais me encantam no programa \u00e9 a oportunidade de trabalhar com profissionais de diferentes \u00e1reas, e assim trabalhar de forma cada vez mais integral no fazer sa\u00fade\u201d, <\/em>afirmou.<\/p>\n<p>As aulas de Resid\u00eancia na UNIFESP come\u00e7am agora no m\u00eas de mar\u00e7o e Beatriz j\u00e1 tem alguns planos organizados para o futuro: <em>\u201cContinuarei meus estudos, me preparando para prestar alguns concursos p\u00fablicos ao final da Resid\u00eancia, e tamb\u00e9m melhorando meu ingl\u00eas para prestar alguns processos seletivos de mestrado\u201d,<\/em> comentou.<\/p>\n<h3><strong>Per\u00edodo de estudo no CEA<\/strong><\/h3>\n<p>Beatriz afirmou que durante os anos em que estudou no CEA ela e todos os alunos da \u00e9poca ficaram muito pr\u00f3ximos de toda a equipe, tanto dos professores, quanto dos outros profissionais.<\/p>\n<p><em>\u201cFico muito feliz em saber que alguns dos excelentes professores que tive, ainda permanecem na institui\u00e7\u00e3o. Tenho certeza que est\u00e3o marcando a vida de diferentes alunos. <\/em><em>Posso dizer com convic\u00e7\u00e3o que diferentes professores me marcaram muito, sempre fomos muito bem acolhidos\u201d, <\/em>disse a ex-aluna.<\/p>\n<p>Sobre o CEA ter ex-alunos fazendo faculdade, especializa\u00e7\u00f5es, mestrado ou doutorado e, consequentemente, trilhando um caminho na \u00e1rea educacional Beatriz disse estar muito contente.<\/p>\n<p><em>\u201cMuitos antigos colegas de classe, amigos, hoje est\u00e3o trilhando carreiras incr\u00edveis, n\u00e3o s\u00e3o raros os momentos, em que mesmo longe, os vejo obtendo diferentes conquistas. \u00c9 muito legal quando voc\u00ea percebe que diferentes oportunidades surgiram, e que tivemos uma mesma base, que nos deu subs\u00eddio para que pud\u00e9ssemos, cada um de acordo com seus sonhos e metas, ir construindo suas carreiras, e vidas\u201d, <\/em>avaliou a ex-aluna do CEA.<\/p>\n<p>Para os estudantes do CEA que est\u00e3o concluindo o Ensino M\u00e9dio Beatriz deixa o seguinte recado: <em>\u201cTenha um objetivo e em tudo que voc\u00ea fizer, fa\u00e7a bem feito, seja uma li\u00e7\u00e3o de casa, uma prova, uma apresenta\u00e7\u00e3o, se dedicando nas pequenas coisas \u00e9 onde voc\u00ea se prepara para maiores responsabilidades, sejam nos estudos ou no trabalho, e \u00e9 tamb\u00e9m, o que vai lhe oferecer prest\u00edgio, confian\u00e7a, frente aos professores, colegas de trabalho, amigos, que podem vir a contribuir para diferentes oportunidades no futuro\u201d.<\/em><\/p>\n<p><strong>INFORMA\u00c7\u00d5ES \u00c0 IMPRENSA:<\/strong><strong><br \/>\nSetor de Comunica\u00e7\u00e3o e Marketing \u2013 Alessandro Bitti<br \/>\n<\/strong>Tel.: (27) 3302-8000 \u2013 E-mail: comunicacao@fsjb.edu.br \/ alessandro@fsjb.edu.br<\/p>\n","protected":false},"excerpt":{"rendered":"<p>Beatriz Ferraz dos Santos Petry (23) terminou a sua gradua\u00e7\u00e3o em Psicologia na Universidade Presbiteriana Mackenzie, em junho de 2021. E, t\u00e3o logo concluiu&#8230;<\/p>\n","protected":false},"author":1,"featured_media":25998,"comment_status":"open","ping_status":"open","sticky":false,"template":"","format":"standard","meta":{"om_disable_all_campaigns":false,"_uf_show_specific_survey":0,"_uf_disable_surveys":false,"footnotes":""},"categories":[7],"tags":[],"class_list":["post-25995","post","type-post","status-publish","format-standard","has-post-thumbnail","hentry","category-cea"],"aioseo_notices":[],"_links":{"self":[{"href":"https:\/\/cearacruz.com.br\/portal\/wp-json\/wp\/v2\/posts\/25995","targetHints":{"allow":["GET"]}}],"collection":[{"href":"https:\/\/cearacruz.com.br\/portal\/wp-json\/wp\/v2\/posts"}],"about":[{"href":"https:\/\/cearacruz.com.br\/portal\/wp-json\/wp\/v2\/types\/post"}],"author":[{"embeddable":true,"href":"https:\/\/cearacruz.com.br\/portal\/wp-json\/wp\/v2\/users\/1"}],"replies":[{"embeddable":true,"href":"https:\/\/cearacruz.com.br\/portal\/wp-json\/wp\/v2\/comments?post=25995"}],"version-history":[{"count":1,"href":"https:\/\/cearacruz.com.br\/portal\/wp-json\/wp\/v2\/posts\/25995\/revisions"}],"predecessor-version":[{"id":25997,"href":"https:\/\/cearacruz.com.br\/portal\/wp-json\/wp\/v2\/posts\/25995\/revisions\/25997"}],"wp:featuredmedia":[{"embeddable":true,"href":"https:\/\/cearacruz.com.br\/portal\/wp-json\/wp\/v2\/media\/25998"}],"wp:attachment":[{"href":"https:\/\/cearacruz.com.br\/portal\/wp-json\/wp\/v2\/media?parent=25995"}],"wp:term":[{"taxonomy":"category","embeddable":true,"href":"https:\/\/cearacruz.com.br\/portal\/wp-json\/wp\/v2\/categories?post=25995"},{"taxonomy":"post_tag","embeddable":true,"href":"https:\/\/cearacruz.com.br\/portal\/wp-json\/wp\/v2\/tags?post=25995"}],"curies":[{"name":"wp","href":"https:\/\/api.w.org\/{rel}","templated":true}]}}