{"id":25979,"date":"2022-02-24T19:11:11","date_gmt":"2022-02-24T19:11:11","guid":{"rendered":"https:\/\/cearacruz.com.br\/portal\/centro-educacional-de-aracruz-realiza-as-primeiras-reunioes-de-pais-de-2022\/"},"modified":"2025-08-18T19:54:06","modified_gmt":"2025-08-18T19:54:06","slug":"centro-educacional-de-aracruz-realiza-as-primeiras-reunioes-de-pais-de-2022","status":"publish","type":"post","link":"https:\/\/cearacruz.com.br\/portal\/centro-educacional-de-aracruz-realiza-as-primeiras-reunioes-de-pais-de-2022\/","title":{"rendered":"Centro Educacional de Aracruz realiza as primeiras Reuni\u00f5es de Pais de 2022"},"content":{"rendered":"<p><em>\u201cSejam bem-vindos a nossa institui\u00e7\u00e3o, o Centro Educacional de Aracruz. Quero parabeniz\u00e1-los por estarem conosco, e, por confiarem seus filhos ao CEA e ao ensino de excel\u00eancia que oferecemos h\u00e1 28 anos em Aracruz e regi\u00e3o. A hist\u00f3ria educacional de nosso munic\u00edpio se confunde com a hist\u00f3ria de nossa escola: o CEA\u201d, <\/em>disse a diretora escolar prof.\u00aa Dr.\u00aa Adriana Recla Sarcinelli, na abertura das primeiras Reuni\u00f5es de Pais de 2022.<\/p>\n<figure id=\"attachment_2204\" aria-describedby=\"caption-attachment-2204\" style=\"width: 600px\" class=\"wp-caption aligncenter\"><img fetchpriority=\"high\" decoding=\"async\" class=\"wp-image-2204 size-full\" src=\"https:\/\/cearacruz.com.br\/portal\/wp-content\/uploads\/2025\/08\/not_24_02_22_01-3.jpg\" alt=\"\" width=\"600\" height=\"450\" \/><figcaption id=\"caption-attachment-2204\" class=\"wp-caption-text\">Fotos: Alessandro Bitti<\/figcaption><\/figure>\n<p>Durante a sua apresenta\u00e7\u00e3o, Adriana falou tamb\u00e9m sobre a sua experi\u00eancia na gest\u00e3o do CEA, sua forma\u00e7\u00e3o acad\u00eamica e trajet\u00f3ria profissional, especialmente, na Funda\u00e7\u00e3o S\u00e3o Jo\u00e3o Batista (FSJB), mantenedora do CEA e da FAACZ. Os encontros aconteceram na quadra poliesportiva da escola durante o m\u00eas de fevereiro.<\/p>\n<p><img decoding=\"async\" class=\"aligncenter wp-image-2203 size-full\" src=\"https:\/\/cearacruz.com.br\/portal\/wp-content\/uploads\/2025\/08\/not_24_02_22_02-5.jpg\" alt=\"\" width=\"600\" height=\"450\" \/><\/p>\n<p>No dia 16, pais ou respons\u00e1veis dos alunos do 6\u00ba e 7\u00ba Anos do Ensino Fundamental II puderam conversar com os professores das turmas e com a equipe pedag\u00f3gica e administrativa da escola. J\u00e1 no dia 17 foi a vez de pais e familiares dos alunos do 8\u00ba Ano do Ensino Fundamental II tiraram suas d\u00favidas e no dia 22 o momento foi realizado para pais ou respons\u00e1veis dos alunos do 1\u00ba ao 5\u00ba Ano do Ensino Fundamental I conversarem com as professoras regentes das turmas.<\/p>\n<p><img decoding=\"async\" class=\"aligncenter wp-image-2205 size-full\" src=\"https:\/\/cearacruz.com.br\/portal\/wp-content\/uploads\/2025\/08\/not_24_02_22_03-3.jpg\" alt=\"\" width=\"600\" height=\"450\" \/><\/p>\n<p>J\u00e1 no dia 23, \u00faltima reuni\u00e3o, pais ou respons\u00e1veis dos alunos do 9\u00ba Ano do Ensino Fundamental II ao Ensino M\u00e9dio puderam tirar suas d\u00favidas com os professores e com a equipe pedag\u00f3gica e administrativa do CEA. Durante os encontros, foram apresentados a equipe de professores, pedagogos e t\u00e9cnico-administrativos da escola.<\/p>\n<p><img loading=\"lazy\" decoding=\"async\" class=\"aligncenter wp-image-2206 size-full\" src=\"https:\/\/cearacruz.com.br\/portal\/wp-content\/uploads\/2025\/08\/not_24_02_22_04-3.jpg\" alt=\"\" width=\"600\" height=\"450\" \/><\/p>\n<p>Na ocasi\u00e3o, tamb\u00e9m foram esclarecidas as regras e normas disciplinares adotadas pelo CEA, o funcionamento do sistema de avalia\u00e7\u00e3o e seu cronograma, assim como, a metodologia de ensino da escola, plataforma de ensino digitais, dentre outros assuntos. Al\u00e9m disso, foram apresentados os protocolos de biosseguran\u00e7a adotados pela escola devido a pandemia de Covid-19.<\/p>\n<p><strong>INFORMA\u00c7\u00d5ES \u00c0 IMPRENSA:<\/strong><strong><br \/>\nSetor de Comunica\u00e7\u00e3o e Marketing \u2013 Alessandro Bitti<br \/>\n<\/strong>Tel.: (27) 3302-8000 \u2013 E-mail: comunicacao@fsjb.edu.br \/ alessandro@fsjb.edu.br<\/p>\n","protected":false},"excerpt":{"rendered":"<p>\u201cSejam bem-vindos a nossa institui\u00e7\u00e3o, o Centro Educacional de Aracruz. Quero parabeniz\u00e1-los por estarem conosco, e, por confiarem seus filhos ao CEA&#8230;<\/p>\n","protected":false},"author":1,"featured_media":25985,"comment_status":"open","ping_status":"open","sticky":false,"template":"","format":"standard","meta":{"om_disable_all_campaigns":false,"_uf_show_specific_survey":0,"_uf_disable_surveys":false,"footnotes":""},"categories":[7],"tags":[],"class_list":["post-25979","post","type-post","status-publish","format-standard","has-post-thumbnail","hentry","category-cea"],"aioseo_notices":[],"_links":{"self":[{"href":"https:\/\/cearacruz.com.br\/portal\/wp-json\/wp\/v2\/posts\/25979","targetHints":{"allow":["GET"]}}],"collection":[{"href":"https:\/\/cearacruz.com.br\/portal\/wp-json\/wp\/v2\/posts"}],"about":[{"href":"https:\/\/cearacruz.com.br\/portal\/wp-json\/wp\/v2\/types\/post"}],"author":[{"embeddable":true,"href":"https:\/\/cearacruz.com.br\/portal\/wp-json\/wp\/v2\/users\/1"}],"replies":[{"embeddable":true,"href":"https:\/\/cearacruz.com.br\/portal\/wp-json\/wp\/v2\/comments?post=25979"}],"version-history":[{"count":1,"href":"https:\/\/cearacruz.com.br\/portal\/wp-json\/wp\/v2\/posts\/25979\/revisions"}],"predecessor-version":[{"id":25984,"href":"https:\/\/cearacruz.com.br\/portal\/wp-json\/wp\/v2\/posts\/25979\/revisions\/25984"}],"wp:featuredmedia":[{"embeddable":true,"href":"https:\/\/cearacruz.com.br\/portal\/wp-json\/wp\/v2\/media\/25985"}],"wp:attachment":[{"href":"https:\/\/cearacruz.com.br\/portal\/wp-json\/wp\/v2\/media?parent=25979"}],"wp:term":[{"taxonomy":"category","embeddable":true,"href":"https:\/\/cearacruz.com.br\/portal\/wp-json\/wp\/v2\/categories?post=25979"},{"taxonomy":"post_tag","embeddable":true,"href":"https:\/\/cearacruz.com.br\/portal\/wp-json\/wp\/v2\/tags?post=25979"}],"curies":[{"name":"wp","href":"https:\/\/api.w.org\/{rel}","templated":true}]}}