{"id":25964,"date":"2022-02-16T18:33:14","date_gmt":"2022-02-16T18:33:14","guid":{"rendered":"https:\/\/cearacruz.com.br\/portal\/2022-cea-inicia-atividades-escolares-com-varios-momentos-de-interacao-e-aprendizagem\/"},"modified":"2025-08-18T19:54:06","modified_gmt":"2025-08-18T19:54:06","slug":"2022-cea-inicia-atividades-escolares-com-varios-momentos-de-interacao-e-aprendizagem","status":"publish","type":"post","link":"https:\/\/cearacruz.com.br\/portal\/2022-cea-inicia-atividades-escolares-com-varios-momentos-de-interacao-e-aprendizagem\/","title":{"rendered":"2022: CEA inicia atividades escolares com v\u00e1rios momentos de intera\u00e7\u00e3o e aprendizagem"},"content":{"rendered":"<figure id=\"attachment_2188\" aria-describedby=\"caption-attachment-2188\" style=\"width: 600px\" class=\"wp-caption aligncenter\"><img fetchpriority=\"high\" decoding=\"async\" class=\"wp-image-2188 size-full\" src=\"https:\/\/cearacruz.com.br\/portal\/wp-content\/uploads\/2025\/08\/not_16_02_2022_01-5.jpg\" alt=\"\" width=\"600\" height=\"450\" \/><figcaption id=\"caption-attachment-2188\" class=\"wp-caption-text\">Fotos: Divulga\u00e7\u00e3o<\/figcaption><\/figure>\n<p>Na semana passada, o Centro Educacional de Aracruz (CEA) recebeu os alunos do Ensino Fundamental e M\u00e9dio, professores e familiares dos estudantes para o in\u00edcio das atividades escolares 2022. As aulas come\u00e7aram no \u00faltimo dia 07. Na ocasi\u00e3o, foram organizados v\u00e1rios momentos para recepcionar os educandos em um ano que promete muitas novidades e novos aprendizados.<\/p>\n<div id='gallery-1' class='gallery galleryid-25964 gallery-columns-3 gallery-size-medium'><figure class='gallery-item'>\n\t\t\t<div class='gallery-icon landscape'>\n\t\t\t\t<a href='https:\/\/cearacruz.com.br\/portal\/2022-cea-inicia-atividades-escolares-com-varios-momentos-de-interacao-e-aprendizagem\/not_16_02_2022_02-3\/'><img decoding=\"async\" width=\"300\" height=\"225\" src=\"https:\/\/cearacruz.com.br\/portal\/wp-content\/uploads\/2025\/08\/not_16_02_2022_02-3-300x225.jpg\" class=\"attachment-medium size-medium\" alt=\"\" srcset=\"https:\/\/cearacruz.com.br\/portal\/wp-content\/uploads\/2025\/08\/not_16_02_2022_02-3-300x225.jpg 300w, https:\/\/cearacruz.com.br\/portal\/wp-content\/uploads\/2025\/08\/not_16_02_2022_02-3-24x18.jpg 24w, https:\/\/cearacruz.com.br\/portal\/wp-content\/uploads\/2025\/08\/not_16_02_2022_02-3-36x27.jpg 36w, https:\/\/cearacruz.com.br\/portal\/wp-content\/uploads\/2025\/08\/not_16_02_2022_02-3-48x36.jpg 48w, https:\/\/cearacruz.com.br\/portal\/wp-content\/uploads\/2025\/08\/not_16_02_2022_02-3.jpg 600w\" sizes=\"(max-width: 300px) 100vw, 300px\" \/><\/a>\n\t\t\t<\/div><\/figure><figure class='gallery-item'>\n\t\t\t<div class='gallery-icon landscape'>\n\t\t\t\t<a href='https:\/\/cearacruz.com.br\/portal\/2022-cea-inicia-atividades-escolares-com-varios-momentos-de-interacao-e-aprendizagem\/not_16_02_2022_03-3\/'><img decoding=\"async\" width=\"300\" height=\"225\" src=\"https:\/\/cearacruz.com.br\/portal\/wp-content\/uploads\/2025\/08\/not_16_02_2022_03-3-300x225.jpg\" class=\"attachment-medium size-medium\" alt=\"\" srcset=\"https:\/\/cearacruz.com.br\/portal\/wp-content\/uploads\/2025\/08\/not_16_02_2022_03-3-300x225.jpg 300w, https:\/\/cearacruz.com.br\/portal\/wp-content\/uploads\/2025\/08\/not_16_02_2022_03-3-24x18.jpg 24w, https:\/\/cearacruz.com.br\/portal\/wp-content\/uploads\/2025\/08\/not_16_02_2022_03-3-36x27.jpg 36w, https:\/\/cearacruz.com.br\/portal\/wp-content\/uploads\/2025\/08\/not_16_02_2022_03-3-48x36.jpg 48w, https:\/\/cearacruz.com.br\/portal\/wp-content\/uploads\/2025\/08\/not_16_02_2022_03-3.jpg 600w\" sizes=\"(max-width: 300px) 100vw, 300px\" \/><\/a>\n\t\t\t<\/div><\/figure><figure class='gallery-item'>\n\t\t\t<div class='gallery-icon landscape'>\n\t\t\t\t<a href='https:\/\/cearacruz.com.br\/portal\/2022-cea-inicia-atividades-escolares-com-varios-momentos-de-interacao-e-aprendizagem\/not_16_02_2022_04-3\/'><img loading=\"lazy\" decoding=\"async\" width=\"300\" height=\"225\" src=\"https:\/\/cearacruz.com.br\/portal\/wp-content\/uploads\/2025\/08\/not_16_02_2022_04-3-300x225.jpg\" class=\"attachment-medium size-medium\" alt=\"\" srcset=\"https:\/\/cearacruz.com.br\/portal\/wp-content\/uploads\/2025\/08\/not_16_02_2022_04-3-300x225.jpg 300w, https:\/\/cearacruz.com.br\/portal\/wp-content\/uploads\/2025\/08\/not_16_02_2022_04-3-24x18.jpg 24w, https:\/\/cearacruz.com.br\/portal\/wp-content\/uploads\/2025\/08\/not_16_02_2022_04-3-36x27.jpg 36w, https:\/\/cearacruz.com.br\/portal\/wp-content\/uploads\/2025\/08\/not_16_02_2022_04-3-48x36.jpg 48w, https:\/\/cearacruz.com.br\/portal\/wp-content\/uploads\/2025\/08\/not_16_02_2022_04-3.jpg 600w\" sizes=\"(max-width: 300px) 100vw, 300px\" \/><\/a>\n\t\t\t<\/div><\/figure>\n\t\t<\/div>\n\n<p><em>\u201cCom a certeza de que iniciamos mais um ano com muita vontade e dedica\u00e7\u00e3o, continuaremos atentos e firmes no enfrentamento \u00e0 Covid-19, mantendo os mesmos cuidados e seguindo todos os protocolos de preven\u00e7\u00e3o e prote\u00e7\u00e3o contra o v\u00edrus. Por isso, \u00e9 importante que nossos alunos tamb\u00e9m continuem fazendo a sua parte\u201d, <\/em>explicou Eleide Maulaz, supervisora escolar do CEA.<\/p>\n<div id='gallery-2' class='gallery galleryid-25964 gallery-columns-3 gallery-size-medium'><figure class='gallery-item'>\n\t\t\t<div class='gallery-icon landscape'>\n\t\t\t\t<a href='https:\/\/cearacruz.com.br\/portal\/2022-cea-inicia-atividades-escolares-com-varios-momentos-de-interacao-e-aprendizagem\/not_16_02_2022_05-3\/'><img loading=\"lazy\" decoding=\"async\" width=\"300\" height=\"225\" src=\"https:\/\/cearacruz.com.br\/portal\/wp-content\/uploads\/2025\/08\/not_16_02_2022_05-3-300x225.jpg\" class=\"attachment-medium size-medium\" alt=\"\" srcset=\"https:\/\/cearacruz.com.br\/portal\/wp-content\/uploads\/2025\/08\/not_16_02_2022_05-3-300x225.jpg 300w, https:\/\/cearacruz.com.br\/portal\/wp-content\/uploads\/2025\/08\/not_16_02_2022_05-3-24x18.jpg 24w, https:\/\/cearacruz.com.br\/portal\/wp-content\/uploads\/2025\/08\/not_16_02_2022_05-3-36x27.jpg 36w, https:\/\/cearacruz.com.br\/portal\/wp-content\/uploads\/2025\/08\/not_16_02_2022_05-3-48x36.jpg 48w, https:\/\/cearacruz.com.br\/portal\/wp-content\/uploads\/2025\/08\/not_16_02_2022_05-3.jpg 600w\" sizes=\"(max-width: 300px) 100vw, 300px\" \/><\/a>\n\t\t\t<\/div><\/figure><figure class='gallery-item'>\n\t\t\t<div class='gallery-icon landscape'>\n\t\t\t\t<a href='https:\/\/cearacruz.com.br\/portal\/2022-cea-inicia-atividades-escolares-com-varios-momentos-de-interacao-e-aprendizagem\/not_16_02_2022_06-3\/'><img loading=\"lazy\" decoding=\"async\" width=\"300\" height=\"225\" src=\"https:\/\/cearacruz.com.br\/portal\/wp-content\/uploads\/2025\/08\/not_16_02_2022_06-3-300x225.jpg\" class=\"attachment-medium size-medium\" alt=\"\" srcset=\"https:\/\/cearacruz.com.br\/portal\/wp-content\/uploads\/2025\/08\/not_16_02_2022_06-3-300x225.jpg 300w, https:\/\/cearacruz.com.br\/portal\/wp-content\/uploads\/2025\/08\/not_16_02_2022_06-3-24x18.jpg 24w, https:\/\/cearacruz.com.br\/portal\/wp-content\/uploads\/2025\/08\/not_16_02_2022_06-3-36x27.jpg 36w, https:\/\/cearacruz.com.br\/portal\/wp-content\/uploads\/2025\/08\/not_16_02_2022_06-3-48x36.jpg 48w, https:\/\/cearacruz.com.br\/portal\/wp-content\/uploads\/2025\/08\/not_16_02_2022_06-3.jpg 600w\" sizes=\"(max-width: 300px) 100vw, 300px\" \/><\/a>\n\t\t\t<\/div><\/figure><figure class='gallery-item'>\n\t\t\t<div class='gallery-icon landscape'>\n\t\t\t\t<a href='https:\/\/cearacruz.com.br\/portal\/2022-cea-inicia-atividades-escolares-com-varios-momentos-de-interacao-e-aprendizagem\/not_16_02_2022_07-3\/'><img loading=\"lazy\" decoding=\"async\" width=\"300\" height=\"225\" src=\"https:\/\/cearacruz.com.br\/portal\/wp-content\/uploads\/2025\/08\/not_16_02_2022_07-3-300x225.jpg\" class=\"attachment-medium size-medium\" alt=\"\" srcset=\"https:\/\/cearacruz.com.br\/portal\/wp-content\/uploads\/2025\/08\/not_16_02_2022_07-3-300x225.jpg 300w, https:\/\/cearacruz.com.br\/portal\/wp-content\/uploads\/2025\/08\/not_16_02_2022_07-3-24x18.jpg 24w, https:\/\/cearacruz.com.br\/portal\/wp-content\/uploads\/2025\/08\/not_16_02_2022_07-3-36x27.jpg 36w, https:\/\/cearacruz.com.br\/portal\/wp-content\/uploads\/2025\/08\/not_16_02_2022_07-3-48x36.jpg 48w, https:\/\/cearacruz.com.br\/portal\/wp-content\/uploads\/2025\/08\/not_16_02_2022_07-3.jpg 600w\" sizes=\"(max-width: 300px) 100vw, 300px\" \/><\/a>\n\t\t\t<\/div><\/figure>\n\t\t<\/div>\n\n<p>Para marcar o in\u00edcio do ano letivo, foi trabalhado em sala de aula com os estudantes o v\u00eddeo \u201cO menino no meio da ponte\u201d. O filme traz a mensagem de que \u00e9 poss\u00edvel sonhar e realizar, construindo novos caminhos para transformar vidas. <em>\u201cForam momentos de reflex\u00e3o com o intuito de instigar os alunos e professores a refletirem sobre seus objetivos\u201d,<\/em> pontuou Eleide.<\/p>\n<div id='gallery-3' class='gallery galleryid-25964 gallery-columns-3 gallery-size-medium'><figure class='gallery-item'>\n\t\t\t<div class='gallery-icon landscape'>\n\t\t\t\t<a href='https:\/\/cearacruz.com.br\/portal\/2022-cea-inicia-atividades-escolares-com-varios-momentos-de-interacao-e-aprendizagem\/not_16_02_2022_08-3\/'><img loading=\"lazy\" decoding=\"async\" width=\"300\" height=\"225\" src=\"https:\/\/cearacruz.com.br\/portal\/wp-content\/uploads\/2025\/08\/not_16_02_2022_08-3-300x225.jpg\" class=\"attachment-medium size-medium\" alt=\"\" srcset=\"https:\/\/cearacruz.com.br\/portal\/wp-content\/uploads\/2025\/08\/not_16_02_2022_08-3-300x225.jpg 300w, https:\/\/cearacruz.com.br\/portal\/wp-content\/uploads\/2025\/08\/not_16_02_2022_08-3-24x18.jpg 24w, https:\/\/cearacruz.com.br\/portal\/wp-content\/uploads\/2025\/08\/not_16_02_2022_08-3-36x27.jpg 36w, https:\/\/cearacruz.com.br\/portal\/wp-content\/uploads\/2025\/08\/not_16_02_2022_08-3-48x36.jpg 48w, https:\/\/cearacruz.com.br\/portal\/wp-content\/uploads\/2025\/08\/not_16_02_2022_08-3.jpg 600w\" sizes=\"(max-width: 300px) 100vw, 300px\" \/><\/a>\n\t\t\t<\/div><\/figure><figure class='gallery-item'>\n\t\t\t<div class='gallery-icon landscape'>\n\t\t\t\t<a href='https:\/\/cearacruz.com.br\/portal\/2022-cea-inicia-atividades-escolares-com-varios-momentos-de-interacao-e-aprendizagem\/not_16_02_2022_09-3\/'><img loading=\"lazy\" decoding=\"async\" width=\"300\" height=\"225\" src=\"https:\/\/cearacruz.com.br\/portal\/wp-content\/uploads\/2025\/08\/not_16_02_2022_09-3-300x225.jpg\" class=\"attachment-medium size-medium\" alt=\"\" srcset=\"https:\/\/cearacruz.com.br\/portal\/wp-content\/uploads\/2025\/08\/not_16_02_2022_09-3-300x225.jpg 300w, https:\/\/cearacruz.com.br\/portal\/wp-content\/uploads\/2025\/08\/not_16_02_2022_09-3-24x18.jpg 24w, https:\/\/cearacruz.com.br\/portal\/wp-content\/uploads\/2025\/08\/not_16_02_2022_09-3-36x27.jpg 36w, https:\/\/cearacruz.com.br\/portal\/wp-content\/uploads\/2025\/08\/not_16_02_2022_09-3-48x36.jpg 48w, https:\/\/cearacruz.com.br\/portal\/wp-content\/uploads\/2025\/08\/not_16_02_2022_09-3.jpg 600w\" sizes=\"(max-width: 300px) 100vw, 300px\" \/><\/a>\n\t\t\t<\/div><\/figure><figure class='gallery-item'>\n\t\t\t<div class='gallery-icon landscape'>\n\t\t\t\t<a href='https:\/\/cearacruz.com.br\/portal\/2022-cea-inicia-atividades-escolares-com-varios-momentos-de-interacao-e-aprendizagem\/not_16_02_2022_10-3\/'><img loading=\"lazy\" decoding=\"async\" width=\"300\" height=\"225\" src=\"https:\/\/cearacruz.com.br\/portal\/wp-content\/uploads\/2025\/08\/not_16_02_2022_10-3-300x225.jpg\" class=\"attachment-medium size-medium\" alt=\"\" srcset=\"https:\/\/cearacruz.com.br\/portal\/wp-content\/uploads\/2025\/08\/not_16_02_2022_10-3-300x225.jpg 300w, https:\/\/cearacruz.com.br\/portal\/wp-content\/uploads\/2025\/08\/not_16_02_2022_10-3-24x18.jpg 24w, https:\/\/cearacruz.com.br\/portal\/wp-content\/uploads\/2025\/08\/not_16_02_2022_10-3-36x27.jpg 36w, https:\/\/cearacruz.com.br\/portal\/wp-content\/uploads\/2025\/08\/not_16_02_2022_10-3-48x36.jpg 48w, https:\/\/cearacruz.com.br\/portal\/wp-content\/uploads\/2025\/08\/not_16_02_2022_10-3.jpg 600w\" sizes=\"(max-width: 300px) 100vw, 300px\" \/><\/a>\n\t\t\t<\/div><\/figure>\n\t\t<\/div>\n\n<p><strong>INFORMA\u00c7\u00d5ES \u00c0 IMPRENSA:<\/strong><strong><br \/>\nSetor de Comunica\u00e7\u00e3o e Marketing \u2013 Alessandro Bitti<br \/>\n<\/strong>Tel.: (27) 3302-8000 \u2013 E-mail: comunicacao@fsjb.edu.br \/ alessandro@fsjb.edu.br<\/p>\n","protected":false},"excerpt":{"rendered":"<p>Na semana passada, o Centro Educacional de Aracruz (CEA) recebeu os alunos do Ensino Fundamental e M\u00e9dio, professores e familiares dos estudantes&#8230;<\/p>\n","protected":false},"author":1,"featured_media":25977,"comment_status":"open","ping_status":"open","sticky":false,"template":"","format":"standard","meta":{"om_disable_all_campaigns":false,"_uf_show_specific_survey":0,"_uf_disable_surveys":false,"footnotes":""},"categories":[7],"tags":[],"class_list":["post-25964","post","type-post","status-publish","format-standard","has-post-thumbnail","hentry","category-cea"],"aioseo_notices":[],"_links":{"self":[{"href":"https:\/\/cearacruz.com.br\/portal\/wp-json\/wp\/v2\/posts\/25964","targetHints":{"allow":["GET"]}}],"collection":[{"href":"https:\/\/cearacruz.com.br\/portal\/wp-json\/wp\/v2\/posts"}],"about":[{"href":"https:\/\/cearacruz.com.br\/portal\/wp-json\/wp\/v2\/types\/post"}],"author":[{"embeddable":true,"href":"https:\/\/cearacruz.com.br\/portal\/wp-json\/wp\/v2\/users\/1"}],"replies":[{"embeddable":true,"href":"https:\/\/cearacruz.com.br\/portal\/wp-json\/wp\/v2\/comments?post=25964"}],"version-history":[{"count":2,"href":"https:\/\/cearacruz.com.br\/portal\/wp-json\/wp\/v2\/posts\/25964\/revisions"}],"predecessor-version":[{"id":25976,"href":"https:\/\/cearacruz.com.br\/portal\/wp-json\/wp\/v2\/posts\/25964\/revisions\/25976"}],"wp:featuredmedia":[{"embeddable":true,"href":"https:\/\/cearacruz.com.br\/portal\/wp-json\/wp\/v2\/media\/25977"}],"wp:attachment":[{"href":"https:\/\/cearacruz.com.br\/portal\/wp-json\/wp\/v2\/media?parent=25964"}],"wp:term":[{"taxonomy":"category","embeddable":true,"href":"https:\/\/cearacruz.com.br\/portal\/wp-json\/wp\/v2\/categories?post=25964"},{"taxonomy":"post_tag","embeddable":true,"href":"https:\/\/cearacruz.com.br\/portal\/wp-json\/wp\/v2\/tags?post=25964"}],"curies":[{"name":"wp","href":"https:\/\/api.w.org\/{rel}","templated":true}]}}