{"id":25956,"date":"2022-02-03T17:34:38","date_gmt":"2022-02-03T17:34:38","guid":{"rendered":"https:\/\/cearacruz.com.br\/portal\/capacitacao-docente-do-cea-aborda-sobre-mudanca-e-inovacao\/"},"modified":"2025-08-18T19:54:04","modified_gmt":"2025-08-18T19:54:04","slug":"capacitacao-docente-do-cea-aborda-sobre-mudanca-e-inovacao","status":"publish","type":"post","link":"https:\/\/cearacruz.com.br\/portal\/capacitacao-docente-do-cea-aborda-sobre-mudanca-e-inovacao\/","title":{"rendered":"Capacita\u00e7\u00e3o docente\u00a0do CEA aborda sobre Mudan\u00e7a e Inova\u00e7\u00e3o\u00a0"},"content":{"rendered":"<p>Os professores do Ensino Fundamental e M\u00e9dio, do Centro Educacional de Aracruz (CEA), participaram de mais uma capacita\u00e7\u00e3o docente, do dia 26 de janeiro a 1\u00ba de fevereiro de 2022. Com o tema central \u201cInove-se! Velhos caminhos n\u00e3o abrem novas portas\u201d a forma\u00e7\u00e3o teve como objetivo trazer um novo olhar para o processo de ensino-aprendizagem.<\/p>\n<figure id=\"attachment_2178\" aria-describedby=\"caption-attachment-2178\" style=\"width: 600px\" class=\"wp-caption aligncenter\"><img fetchpriority=\"high\" decoding=\"async\" class=\"wp-image-2178 size-full\" src=\"https:\/\/cearacruz.com.br\/portal\/wp-content\/uploads\/2025\/08\/not_03_02_2022_03-3.jpg\" alt=\"\" width=\"600\" height=\"450\" \/><figcaption id=\"caption-attachment-2178\" class=\"wp-caption-text\">A supervisora escolar Eleide Maulaz e as palestrantes Sheila Pissinate e Shirley Pissinate. Fotos: Divulga\u00e7\u00e3o<\/figcaption><\/figure>\n<p>\u201cPadr\u00f5es autom\u00e1ticos: como mudar?\u201d, foi o tema da palestra de abertura ministrada pelas fisioterapeutas, Sheila Pissinate e Shirley Pissinate. Na ocasi\u00e3o, as palestrantes falaram sobre o poder do subconsciente, consciente X subconsciente, mem\u00f3rias boas e ruins armazenadas, os trilhos de conflitos, a import\u00e2ncia de uma boa alimenta\u00e7\u00e3o e h\u00e1bitos saud\u00e1veis, dentre outros assuntos.<\/p>\n<p>Os docentes ainda puderam participar de uma aula de alongamento com a professora de Educa\u00e7\u00e3o F\u00edsica, Daniane Santos Portela da Fonseca, visitaram as instala\u00e7\u00f5es do novo laborat\u00f3rio maker e conheceram o calend\u00e1rio letivo de 2022 e os novos professores da escola que foram apresentados pela equipe pedag\u00f3gica do CEA.<\/p>\n<figure id=\"attachment_2179\" aria-describedby=\"caption-attachment-2179\" style=\"width: 600px\" class=\"wp-caption aligncenter\"><img decoding=\"async\" class=\"wp-image-2179 size-full\" src=\"https:\/\/cearacruz.com.br\/portal\/wp-content\/uploads\/2025\/08\/not_03_02_2022_04-3.jpg\" alt=\"\" width=\"600\" height=\"450\" \/><figcaption id=\"caption-attachment-2179\" class=\"wp-caption-text\">Docentes participando de aula de alongamento.<\/figcaption><\/figure>\n<p>Durante a capacita\u00e7\u00e3o, os professores do CEA assistiram ao v\u00eddeo \u201cO menino no meio da ponte\u201d, conversaram sobre o sistema de avalia\u00e7\u00e3o e tiveram orienta\u00e7\u00f5es gerais sobre a proposta de trabalho para 2022, al\u00e9m de realizarem planejamento em grupo. A Tecnolokid tamb\u00e9m apresentou a sua proposta de trabalho, que ser\u00e1 realizada com os alunos do Ensino Fundamental e M\u00e9dio em 2022.<\/p>\n<figure id=\"attachment_2177\" aria-describedby=\"caption-attachment-2177\" style=\"width: 600px\" class=\"wp-caption aligncenter\"><img decoding=\"async\" class=\"wp-image-2177 size-full\" src=\"https:\/\/cearacruz.com.br\/portal\/wp-content\/uploads\/2025\/08\/not_03_02_2022_01-5.jpg\" alt=\"\" width=\"600\" height=\"450\" \/><figcaption id=\"caption-attachment-2177\" class=\"wp-caption-text\">Apresenta\u00e7\u00e3o de trabalho da Tecnolokid.<\/figcaption><\/figure>\n<p>A forma\u00e7\u00e3o docente aconteceu de forma remota pela plataforma Teams da Microsoft, e, presencial no audit\u00f3rio da escola, seguindo todas as recomenda\u00e7\u00f5es de seguran\u00e7a sanit\u00e1ria, quanto a pandemia da Covid-19. Durante a capacita\u00e7\u00e3o, os professores do CEA puderam conversar com as supervisoras escolares, Rafaela Grazziotti e Eleide Maulaz, e com a diretora escolar, prof.\u00aa Adriana Recla Sarcinelli.<\/p>\n<h3><strong>Saiba a opini\u00e3o dos doentes sobre a capacita\u00e7\u00e3o<\/strong><\/h3>\n<p><em>\u201cA forma\u00e7\u00e3o no in\u00edcio do ano letivo \u00e9 de suma import\u00e2ncia, com as informa\u00e7\u00f5es da forma\u00e7\u00e3o norteamos o que ser\u00e1 trabalhado com os nossos estudantes durante o ano letivo. \u00c9 um momento muito enriquecedor e nos leva a refletir sobre o nosso trabalho. Achei muito interessante o tema da nossa forma\u00e7\u00e3o. Inove-se! Velhos caminhos n\u00e3o abrem novas portas. N\u00f3s, como educadores, temos que estar a todo momento buscando metodologias inovadoras para levar os nossos estudantes uma educa\u00e7\u00e3o de excel\u00eancia\u201d. <\/em>Professora\u00a0Daniane Santos Portela da Fonseca.<\/p>\n<figure id=\"attachment_2180\" aria-describedby=\"caption-attachment-2180\" style=\"width: 600px\" class=\"wp-caption aligncenter\"><img loading=\"lazy\" decoding=\"async\" class=\"wp-image-2180 size-full\" src=\"https:\/\/cearacruz.com.br\/portal\/wp-content\/uploads\/2025\/08\/not_03_02_2022_02-3.jpg\" alt=\"\" width=\"600\" height=\"450\" \/><figcaption id=\"caption-attachment-2180\" class=\"wp-caption-text\">Professores do CEA durante Capacita\u00e7\u00e3o Docente<\/figcaption><\/figure>\n<p><em>\u201cOs temas trabalhados na forma\u00e7\u00e3o que participamos provocaram reflex\u00f5es sobre a nossa profiss\u00e3o, nosso papel na sociedade e a rela\u00e7\u00e3o com nossa pr\u00f3pria hist\u00f3ria pessoal e profissional. As terapeutas Sheila e Shirley, nos apresentaram a forma que o c\u00e9rebro funciona, discorreram sobre muitos estudos do comportamento humano, ampliando as possibilidades de entendimento das diferen\u00e7as de nossos alunos. A reflex\u00e3o feita pelos colegas Patrick, Daniane e Ana Paula, nos levou a pensar sobre nossos sonhos, a import\u00e2ncia de sonhar e como a figura do professor \u00e9 fundamental para estimular, apoiar os sonhos e metas de nossos alunos. A pedagoga Eleide, esteve ao nosso lado orientando o momento formativo e de planejamento. Iniciar o ano letivo com momentos assim, nos motiva a buscar sempre o melhor em nosso dia a dia e nossa profiss\u00e3o\u201d.<\/em> Professora\u00a0Maria Auxiliadora Dias da Silva Bandeira.<\/p>\n<p><strong>INFORMA\u00c7\u00d5ES \u00c0 IMPRENSA:<\/strong><strong><br \/>\nSetor de Comunica\u00e7\u00e3o e Marketing \u2013 Alessandro Bitti<br \/>\n<\/strong>Tel.: (27) 3302-8000 \u2013 E-mail: comunicacao@fsjb.edu.br \/ alessandro@fsjb.edu.br<\/p>\n","protected":false},"excerpt":{"rendered":"<p>Os professores do Ensino Fundamental e M\u00e9dio, do Centro Educacional de Aracruz (CEA), participaram de mais uma capacita\u00e7\u00e3o docente, do dia 26 de&#8230;<\/p>\n","protected":false},"author":1,"featured_media":25962,"comment_status":"open","ping_status":"open","sticky":false,"template":"","format":"standard","meta":{"om_disable_all_campaigns":false,"_uf_show_specific_survey":0,"_uf_disable_surveys":false,"footnotes":""},"categories":[7],"tags":[],"class_list":["post-25956","post","type-post","status-publish","format-standard","has-post-thumbnail","hentry","category-cea"],"aioseo_notices":[],"_links":{"self":[{"href":"https:\/\/cearacruz.com.br\/portal\/wp-json\/wp\/v2\/posts\/25956","targetHints":{"allow":["GET"]}}],"collection":[{"href":"https:\/\/cearacruz.com.br\/portal\/wp-json\/wp\/v2\/posts"}],"about":[{"href":"https:\/\/cearacruz.com.br\/portal\/wp-json\/wp\/v2\/types\/post"}],"author":[{"embeddable":true,"href":"https:\/\/cearacruz.com.br\/portal\/wp-json\/wp\/v2\/users\/1"}],"replies":[{"embeddable":true,"href":"https:\/\/cearacruz.com.br\/portal\/wp-json\/wp\/v2\/comments?post=25956"}],"version-history":[{"count":1,"href":"https:\/\/cearacruz.com.br\/portal\/wp-json\/wp\/v2\/posts\/25956\/revisions"}],"predecessor-version":[{"id":25961,"href":"https:\/\/cearacruz.com.br\/portal\/wp-json\/wp\/v2\/posts\/25956\/revisions\/25961"}],"wp:featuredmedia":[{"embeddable":true,"href":"https:\/\/cearacruz.com.br\/portal\/wp-json\/wp\/v2\/media\/25962"}],"wp:attachment":[{"href":"https:\/\/cearacruz.com.br\/portal\/wp-json\/wp\/v2\/media?parent=25956"}],"wp:term":[{"taxonomy":"category","embeddable":true,"href":"https:\/\/cearacruz.com.br\/portal\/wp-json\/wp\/v2\/categories?post=25956"},{"taxonomy":"post_tag","embeddable":true,"href":"https:\/\/cearacruz.com.br\/portal\/wp-json\/wp\/v2\/tags?post=25956"}],"curies":[{"name":"wp","href":"https:\/\/api.w.org\/{rel}","templated":true}]}}