{"id":25941,"date":"2021-12-23T16:28:16","date_gmt":"2021-12-23T16:28:16","guid":{"rendered":"https:\/\/cearacruz.com.br\/portal\/cea-emocao-e-alegria-na-formatura-do-ensino-fundamental-e-medio\/"},"modified":"2025-08-18T19:54:03","modified_gmt":"2025-08-18T19:54:03","slug":"cea-emocao-e-alegria-na-formatura-do-ensino-fundamental-e-medio","status":"publish","type":"post","link":"https:\/\/cearacruz.com.br\/portal\/cea-emocao-e-alegria-na-formatura-do-ensino-fundamental-e-medio\/","title":{"rendered":"CEA: Emo\u00e7\u00e3o e alegria na Formatura do Ensino Fundamental e M\u00e9dio"},"content":{"rendered":"<figure id=\"attachment_2152\" aria-describedby=\"caption-attachment-2152\" style=\"width: 600px\" class=\"wp-caption aligncenter\"><img fetchpriority=\"high\" decoding=\"async\" class=\"wp-image-2152 size-full\" src=\"https:\/\/cearacruz.com.br\/portal\/wp-content\/uploads\/2025\/08\/not_23_12_21_01-5.jpg\" alt=\"\" width=\"600\" height=\"450\" \/><figcaption id=\"caption-attachment-2152\" class=\"wp-caption-text\">Fotos: Divulga\u00e7\u00e3o<\/figcaption><\/figure>\n<p>N\u00e3o faltou emo\u00e7\u00e3o e alegria na Cerim\u00f4nia de Formatura realizada pelo Centro Educacional de Aracruz (CEA) para os alunos do 9\u00ba Ano do Ensino Fundamental II e da 3\u00ba S\u00e9rie do Ensino M\u00e9dio, no \u00faltimo dia 14. A cerim\u00f4nia aconteceu na quadra poliesportiva e contou com a participa\u00e7\u00e3o de pais, amigos, familiares dos estudantes e comunidade escolar.<\/p>\n<p>Tudo foi preparado com muito carinho pela equipe administrativa e pedag\u00f3gica da escola que prestigiou o evento. Tamb\u00e9m marcaram presen\u00e7a, a presidente da Funda\u00e7\u00e3o S\u00e3o Jo\u00e3o Batista (FSJB), Celi Maria Guisso Cabral, a diretora escolar do CEA, prof.\u00aa Dr.\u00aa Adriana Recla Sarcinelli, bem como os professores do Ensino Fundamental e M\u00e9dio.<\/p>\n<div id='gallery-1' class='gallery galleryid-25941 gallery-columns-3 gallery-size-medium'><figure class='gallery-item'>\n\t\t\t<div class='gallery-icon landscape'>\n\t\t\t\t<a href='https:\/\/cearacruz.com.br\/portal\/cea-emocao-e-alegria-na-formatura-do-ensino-fundamental-e-medio\/not_23_12_21_02-3\/'><img decoding=\"async\" width=\"300\" height=\"225\" src=\"https:\/\/cearacruz.com.br\/portal\/wp-content\/uploads\/2025\/08\/not_23_12_21_02-3-300x225.jpg\" class=\"attachment-medium size-medium\" alt=\"\" srcset=\"https:\/\/cearacruz.com.br\/portal\/wp-content\/uploads\/2025\/08\/not_23_12_21_02-3-300x225.jpg 300w, https:\/\/cearacruz.com.br\/portal\/wp-content\/uploads\/2025\/08\/not_23_12_21_02-3-24x18.jpg 24w, https:\/\/cearacruz.com.br\/portal\/wp-content\/uploads\/2025\/08\/not_23_12_21_02-3-36x27.jpg 36w, https:\/\/cearacruz.com.br\/portal\/wp-content\/uploads\/2025\/08\/not_23_12_21_02-3-48x36.jpg 48w, https:\/\/cearacruz.com.br\/portal\/wp-content\/uploads\/2025\/08\/not_23_12_21_02-3.jpg 600w\" sizes=\"(max-width: 300px) 100vw, 300px\" \/><\/a>\n\t\t\t<\/div><\/figure><figure class='gallery-item'>\n\t\t\t<div class='gallery-icon landscape'>\n\t\t\t\t<a href='https:\/\/cearacruz.com.br\/portal\/cea-emocao-e-alegria-na-formatura-do-ensino-fundamental-e-medio\/not_23_12_21_03-3\/'><img decoding=\"async\" width=\"300\" height=\"225\" src=\"https:\/\/cearacruz.com.br\/portal\/wp-content\/uploads\/2025\/08\/not_23_12_21_03-3-300x225.jpg\" class=\"attachment-medium size-medium\" alt=\"\" srcset=\"https:\/\/cearacruz.com.br\/portal\/wp-content\/uploads\/2025\/08\/not_23_12_21_03-3-300x225.jpg 300w, https:\/\/cearacruz.com.br\/portal\/wp-content\/uploads\/2025\/08\/not_23_12_21_03-3-24x18.jpg 24w, https:\/\/cearacruz.com.br\/portal\/wp-content\/uploads\/2025\/08\/not_23_12_21_03-3-36x27.jpg 36w, https:\/\/cearacruz.com.br\/portal\/wp-content\/uploads\/2025\/08\/not_23_12_21_03-3-48x36.jpg 48w, https:\/\/cearacruz.com.br\/portal\/wp-content\/uploads\/2025\/08\/not_23_12_21_03-3.jpg 600w\" sizes=\"(max-width: 300px) 100vw, 300px\" \/><\/a>\n\t\t\t<\/div><\/figure><figure class='gallery-item'>\n\t\t\t<div class='gallery-icon landscape'>\n\t\t\t\t<a href='https:\/\/cearacruz.com.br\/portal\/cea-emocao-e-alegria-na-formatura-do-ensino-fundamental-e-medio\/not_23_12_21_04-3\/'><img loading=\"lazy\" decoding=\"async\" width=\"300\" height=\"225\" src=\"https:\/\/cearacruz.com.br\/portal\/wp-content\/uploads\/2025\/08\/not_23_12_21_04-3-300x225.jpg\" class=\"attachment-medium size-medium\" alt=\"\" srcset=\"https:\/\/cearacruz.com.br\/portal\/wp-content\/uploads\/2025\/08\/not_23_12_21_04-3-300x225.jpg 300w, https:\/\/cearacruz.com.br\/portal\/wp-content\/uploads\/2025\/08\/not_23_12_21_04-3-24x18.jpg 24w, https:\/\/cearacruz.com.br\/portal\/wp-content\/uploads\/2025\/08\/not_23_12_21_04-3-36x27.jpg 36w, https:\/\/cearacruz.com.br\/portal\/wp-content\/uploads\/2025\/08\/not_23_12_21_04-3-48x36.jpg 48w, https:\/\/cearacruz.com.br\/portal\/wp-content\/uploads\/2025\/08\/not_23_12_21_04-3.jpg 600w\" sizes=\"(max-width: 300px) 100vw, 300px\" \/><\/a>\n\t\t\t<\/div><\/figure>\n\t\t<\/div>\n\n<p>Em seu discurso a presidente da FSJB falou sobre a import\u00e2ncia dos formandos refletirem sobre qual o caminho que querem seguir a partir de agora e contou ainda como foi para ela e a conselheira Maria da Penha Cometti Stelzer criarem o CEA no in\u00edcio dos anos 90.<\/p>\n<p><em>\u201cVoc\u00eas est\u00e3o concluindo uma fase na vida educacional e precisam parar e refletir. Afinal, voc\u00eas sabem o talento que t\u00eam. Por isso, precisam fazer o que gostam com vontade e benfeito. Fa\u00e7am tudo com amor, dignidade, respeito ao meio ambiente e a vida. A hist\u00f3ria do CEA \u00e9 muito linda. Tenho uma gratid\u00e3o imensa por dona Penha, por ter acreditado no CEA junto comigo. Afinal, temos que cumprir bem o nosso papel de educador e ofertar o melhor ensino\u201d, <\/em>ressaltou Celi Cabral.<em>\u00a0<\/em><\/p>\n<div id='gallery-2' class='gallery galleryid-25941 gallery-columns-3 gallery-size-medium'><figure class='gallery-item'>\n\t\t\t<div class='gallery-icon landscape'>\n\t\t\t\t<a href='https:\/\/cearacruz.com.br\/portal\/cea-emocao-e-alegria-na-formatura-do-ensino-fundamental-e-medio\/not_23_12_21_05-3\/'><img loading=\"lazy\" decoding=\"async\" width=\"300\" height=\"225\" src=\"https:\/\/cearacruz.com.br\/portal\/wp-content\/uploads\/2025\/08\/not_23_12_21_05-3-300x225.jpg\" class=\"attachment-medium size-medium\" alt=\"\" srcset=\"https:\/\/cearacruz.com.br\/portal\/wp-content\/uploads\/2025\/08\/not_23_12_21_05-3-300x225.jpg 300w, https:\/\/cearacruz.com.br\/portal\/wp-content\/uploads\/2025\/08\/not_23_12_21_05-3-24x18.jpg 24w, https:\/\/cearacruz.com.br\/portal\/wp-content\/uploads\/2025\/08\/not_23_12_21_05-3-36x27.jpg 36w, https:\/\/cearacruz.com.br\/portal\/wp-content\/uploads\/2025\/08\/not_23_12_21_05-3-48x36.jpg 48w, https:\/\/cearacruz.com.br\/portal\/wp-content\/uploads\/2025\/08\/not_23_12_21_05-3.jpg 600w\" sizes=\"(max-width: 300px) 100vw, 300px\" \/><\/a>\n\t\t\t<\/div><\/figure><figure class='gallery-item'>\n\t\t\t<div class='gallery-icon landscape'>\n\t\t\t\t<a href='https:\/\/cearacruz.com.br\/portal\/cea-emocao-e-alegria-na-formatura-do-ensino-fundamental-e-medio\/not_23_12_21_06-3\/'><img loading=\"lazy\" decoding=\"async\" width=\"300\" height=\"225\" src=\"https:\/\/cearacruz.com.br\/portal\/wp-content\/uploads\/2025\/08\/not_23_12_21_06-3-300x225.jpg\" class=\"attachment-medium size-medium\" alt=\"\" srcset=\"https:\/\/cearacruz.com.br\/portal\/wp-content\/uploads\/2025\/08\/not_23_12_21_06-3-300x225.jpg 300w, https:\/\/cearacruz.com.br\/portal\/wp-content\/uploads\/2025\/08\/not_23_12_21_06-3-24x18.jpg 24w, https:\/\/cearacruz.com.br\/portal\/wp-content\/uploads\/2025\/08\/not_23_12_21_06-3-36x27.jpg 36w, https:\/\/cearacruz.com.br\/portal\/wp-content\/uploads\/2025\/08\/not_23_12_21_06-3-48x36.jpg 48w, https:\/\/cearacruz.com.br\/portal\/wp-content\/uploads\/2025\/08\/not_23_12_21_06-3.jpg 600w\" sizes=\"(max-width: 300px) 100vw, 300px\" \/><\/a>\n\t\t\t<\/div><\/figure><figure class='gallery-item'>\n\t\t\t<div class='gallery-icon landscape'>\n\t\t\t\t<a href='https:\/\/cearacruz.com.br\/portal\/cea-emocao-e-alegria-na-formatura-do-ensino-fundamental-e-medio\/not_23_12_21_07-3\/'><img loading=\"lazy\" decoding=\"async\" width=\"300\" height=\"225\" src=\"https:\/\/cearacruz.com.br\/portal\/wp-content\/uploads\/2025\/08\/not_23_12_21_07-3-300x225.jpg\" class=\"attachment-medium size-medium\" alt=\"\" srcset=\"https:\/\/cearacruz.com.br\/portal\/wp-content\/uploads\/2025\/08\/not_23_12_21_07-3-300x225.jpg 300w, https:\/\/cearacruz.com.br\/portal\/wp-content\/uploads\/2025\/08\/not_23_12_21_07-3-24x18.jpg 24w, https:\/\/cearacruz.com.br\/portal\/wp-content\/uploads\/2025\/08\/not_23_12_21_07-3-36x27.jpg 36w, https:\/\/cearacruz.com.br\/portal\/wp-content\/uploads\/2025\/08\/not_23_12_21_07-3-48x36.jpg 48w, https:\/\/cearacruz.com.br\/portal\/wp-content\/uploads\/2025\/08\/not_23_12_21_07-3.jpg 600w\" sizes=\"(max-width: 300px) 100vw, 300px\" \/><\/a>\n\t\t\t<\/div><\/figure>\n\t\t<\/div>\n\n<p>A diretora escolar alertou os formandos da import\u00e2ncia de concretizar sonhos:<em> \u201cSonhem, mas fa\u00e7am com que esse sonho se torne realidade. Agora voc\u00eas come\u00e7am a trilhar um novo caminho e finalizam uma grande e importante etapa de ensino. Foram anos de estudo e t<\/em><em>emos certeza que hoje entregamos \u00e0 sociedade e a voc\u00eas, pais, o melhor dos resultados. Afinal, formar um jovem n\u00e3o \u00e9 nada f\u00e1cil, mas os desafios cotidianos do exerc\u00edcio da educa\u00e7\u00e3o nos levam \u00e0 excel\u00eancia\u201d, <\/em>afirmou Adriana Recla.<\/p>\n<p>Os professores, Leonardo Queiroz Laporti e Bruno Ferreira Costa, foram respons\u00e1veis por homenagear os alunos do 9\u00ba Ano, turmas A e B. J\u00e1 o professor Anderson Giomar da Silva Casais pela homenagem aos estudantes do Ensino M\u00e9dio. Os estudantes, Ayslan Oliveira dos Santos (Ensino M\u00e9dio) e Gabriela Fraga Duarte (Ensino Fundamental II), foram respons\u00e1veis por homenagear os docentes do CEA.<\/p>\n<div id='gallery-3' class='gallery galleryid-25941 gallery-columns-3 gallery-size-medium'><figure class='gallery-item'>\n\t\t\t<div class='gallery-icon landscape'>\n\t\t\t\t<a href='https:\/\/cearacruz.com.br\/portal\/cea-emocao-e-alegria-na-formatura-do-ensino-fundamental-e-medio\/not_23_12_21_08-3\/'><img loading=\"lazy\" decoding=\"async\" width=\"300\" height=\"225\" src=\"https:\/\/cearacruz.com.br\/portal\/wp-content\/uploads\/2025\/08\/not_23_12_21_08-3-300x225.jpg\" class=\"attachment-medium size-medium\" alt=\"\" srcset=\"https:\/\/cearacruz.com.br\/portal\/wp-content\/uploads\/2025\/08\/not_23_12_21_08-3-300x225.jpg 300w, https:\/\/cearacruz.com.br\/portal\/wp-content\/uploads\/2025\/08\/not_23_12_21_08-3-24x18.jpg 24w, https:\/\/cearacruz.com.br\/portal\/wp-content\/uploads\/2025\/08\/not_23_12_21_08-3-36x27.jpg 36w, https:\/\/cearacruz.com.br\/portal\/wp-content\/uploads\/2025\/08\/not_23_12_21_08-3-48x36.jpg 48w, https:\/\/cearacruz.com.br\/portal\/wp-content\/uploads\/2025\/08\/not_23_12_21_08-3.jpg 600w\" sizes=\"(max-width: 300px) 100vw, 300px\" \/><\/a>\n\t\t\t<\/div><\/figure><figure class='gallery-item'>\n\t\t\t<div class='gallery-icon landscape'>\n\t\t\t\t<a href='https:\/\/cearacruz.com.br\/portal\/cea-emocao-e-alegria-na-formatura-do-ensino-fundamental-e-medio\/not_23_12_21_09-3\/'><img loading=\"lazy\" decoding=\"async\" width=\"300\" height=\"225\" src=\"https:\/\/cearacruz.com.br\/portal\/wp-content\/uploads\/2025\/08\/not_23_12_21_09-3-300x225.jpg\" class=\"attachment-medium size-medium\" alt=\"\" srcset=\"https:\/\/cearacruz.com.br\/portal\/wp-content\/uploads\/2025\/08\/not_23_12_21_09-3-300x225.jpg 300w, https:\/\/cearacruz.com.br\/portal\/wp-content\/uploads\/2025\/08\/not_23_12_21_09-3-24x18.jpg 24w, https:\/\/cearacruz.com.br\/portal\/wp-content\/uploads\/2025\/08\/not_23_12_21_09-3-36x27.jpg 36w, https:\/\/cearacruz.com.br\/portal\/wp-content\/uploads\/2025\/08\/not_23_12_21_09-3-48x36.jpg 48w, https:\/\/cearacruz.com.br\/portal\/wp-content\/uploads\/2025\/08\/not_23_12_21_09-3.jpg 600w\" sizes=\"(max-width: 300px) 100vw, 300px\" \/><\/a>\n\t\t\t<\/div><\/figure><figure class='gallery-item'>\n\t\t\t<div class='gallery-icon landscape'>\n\t\t\t\t<a href='https:\/\/cearacruz.com.br\/portal\/cea-emocao-e-alegria-na-formatura-do-ensino-fundamental-e-medio\/not_23_12_21_10-3\/'><img loading=\"lazy\" decoding=\"async\" width=\"300\" height=\"225\" src=\"https:\/\/cearacruz.com.br\/portal\/wp-content\/uploads\/2025\/08\/not_23_12_21_10-3-300x225.jpg\" class=\"attachment-medium size-medium\" alt=\"\" srcset=\"https:\/\/cearacruz.com.br\/portal\/wp-content\/uploads\/2025\/08\/not_23_12_21_10-3-300x225.jpg 300w, https:\/\/cearacruz.com.br\/portal\/wp-content\/uploads\/2025\/08\/not_23_12_21_10-3-24x18.jpg 24w, https:\/\/cearacruz.com.br\/portal\/wp-content\/uploads\/2025\/08\/not_23_12_21_10-3-36x27.jpg 36w, https:\/\/cearacruz.com.br\/portal\/wp-content\/uploads\/2025\/08\/not_23_12_21_10-3-48x36.jpg 48w, https:\/\/cearacruz.com.br\/portal\/wp-content\/uploads\/2025\/08\/not_23_12_21_10-3.jpg 600w\" sizes=\"(max-width: 300px) 100vw, 300px\" \/><\/a>\n\t\t\t<\/div><\/figure>\n\t\t<\/div>\n\n<p>Foram oradores das turmas dos 9\u00ba Anos, os formandos: Henzo Grippa Rui (turma A) e Renan Pissinate Rocha (turma B). Ficou a cargo da formanda, Izabel Cristina da Silva Lagares conduzir o juramento do Ensino Fundamental II. J\u00e1 o Ensino M\u00e9dio teve como oradora a formanda, Luana Felicio Nossa, e como juramentista a formanda, Ana Clara Oliveira da Silva.<\/p>\n<p>As formaturas contaram ainda com momentos especiais como a entrega de uma mensagem de conclus\u00e3o de curso aos formandos. Destaque para a emocionante homenagem aos pais e familiares, onde os alunos realizaram a entrega de uma rosa branca, como\u00a0uma forma de gratid\u00e3o pelo esfor\u00e7o e dedica\u00e7\u00e3o durante o per\u00edodo escolar.<\/p>\n<p><strong>INFORMA\u00c7\u00d5ES \u00c0 IMPRENSA:<\/strong><strong><br \/>\nSetor de Comunica\u00e7\u00e3o e Marketing \u2013 Alessandro Bitti<br \/>\n<\/strong>Tel.: (27) 3302-8000 \u2013 E-mail: comunicacao@fsjb.edu.r \/ alessandro@fsjb.edu.br<\/p>\n","protected":false},"excerpt":{"rendered":"<p>N\u00e3o faltou emo\u00e7\u00e3o e alegria na Cerim\u00f4nia de Formatura realizada pelo Centro Educacional de Aracruz (CEA) para os alunos do 9\u00ba Ano do Ensino&#8230;<\/p>\n","protected":false},"author":1,"featured_media":25954,"comment_status":"open","ping_status":"open","sticky":false,"template":"","format":"standard","meta":{"om_disable_all_campaigns":false,"_uf_show_specific_survey":0,"_uf_disable_surveys":false,"footnotes":""},"categories":[7],"tags":[],"class_list":["post-25941","post","type-post","status-publish","format-standard","has-post-thumbnail","hentry","category-cea"],"aioseo_notices":[],"_links":{"self":[{"href":"https:\/\/cearacruz.com.br\/portal\/wp-json\/wp\/v2\/posts\/25941","targetHints":{"allow":["GET"]}}],"collection":[{"href":"https:\/\/cearacruz.com.br\/portal\/wp-json\/wp\/v2\/posts"}],"about":[{"href":"https:\/\/cearacruz.com.br\/portal\/wp-json\/wp\/v2\/types\/post"}],"author":[{"embeddable":true,"href":"https:\/\/cearacruz.com.br\/portal\/wp-json\/wp\/v2\/users\/1"}],"replies":[{"embeddable":true,"href":"https:\/\/cearacruz.com.br\/portal\/wp-json\/wp\/v2\/comments?post=25941"}],"version-history":[{"count":2,"href":"https:\/\/cearacruz.com.br\/portal\/wp-json\/wp\/v2\/posts\/25941\/revisions"}],"predecessor-version":[{"id":25953,"href":"https:\/\/cearacruz.com.br\/portal\/wp-json\/wp\/v2\/posts\/25941\/revisions\/25953"}],"wp:featuredmedia":[{"embeddable":true,"href":"https:\/\/cearacruz.com.br\/portal\/wp-json\/wp\/v2\/media\/25954"}],"wp:attachment":[{"href":"https:\/\/cearacruz.com.br\/portal\/wp-json\/wp\/v2\/media?parent=25941"}],"wp:term":[{"taxonomy":"category","embeddable":true,"href":"https:\/\/cearacruz.com.br\/portal\/wp-json\/wp\/v2\/categories?post=25941"},{"taxonomy":"post_tag","embeddable":true,"href":"https:\/\/cearacruz.com.br\/portal\/wp-json\/wp\/v2\/tags?post=25941"}],"curies":[{"name":"wp","href":"https:\/\/api.w.org\/{rel}","templated":true}]}}