{"id":25813,"date":"2021-11-19T16:59:00","date_gmt":"2021-11-19T16:59:00","guid":{"rendered":"https:\/\/cearacruz.com.br\/portal\/recall-cea-e-1o-lugar-no-segmento-de-ensino-fundamental-e-medio\/"},"modified":"2025-08-18T19:53:48","modified_gmt":"2025-08-18T19:53:48","slug":"recall-cea-e-1o-lugar-no-segmento-de-ensino-fundamental-e-medio","status":"publish","type":"post","link":"https:\/\/cearacruz.com.br\/portal\/recall-cea-e-1o-lugar-no-segmento-de-ensino-fundamental-e-medio\/","title":{"rendered":"Recall: CEA \u00e9 1\u00ba lugar no segmento de Ensino Fundamental e M\u00e9dio"},"content":{"rendered":"<p>O CEA (Centro Educacional de Aracruz), institui\u00e7\u00e3o mantida pela Funda\u00e7\u00e3o S\u00e3o Jo\u00e3o Batista (FSJB), foi mais uma vez premiada como a marca mais lembrada pelos aracruzenses na \u00e1rea educacional. Na pesquisa realizada pela Focalize Comunica\u00e7\u00f5es, respons\u00e1vel pelo pr\u00eamio Recall Aracruz 2021, concedeu ao CEA duas premia\u00e7\u00f5es, o de 1\u00ba lugar no segmento Escola Particular de Ensino Fundamental e 1\u00ba lugar no segmento Escola Particular de Ensino M\u00e9dio.<\/p>\n<p><img fetchpriority=\"high\" decoding=\"async\" class=\"aligncenter wp-image-2035 size-full\" src=\"https:\/\/cearacruz.com.br\/portal\/wp-content\/uploads\/2025\/08\/not_18_11_2021_01-3.jpg\" alt=\"\" width=\"600\" height=\"450\" \/><\/p>\n<p>Lembraram da marca CEA como institui\u00e7\u00e3o de Ensino Fundamental 44% dos consumidores e como Ensino M\u00e9dio 46% dos consumidores. As entrevistas foram realizadas entre os dias 23 e 31 de agosto de 2021, de forma espont\u00e2nea e por amostragem, na \u00e1rea urbana e rural de Aracruz.<\/p>\n<p>Segundo a diretora escolar do CEA, prof.\u00aa Dr.\u00aa Adriana Recla Sarcinelli, a escola com apoio incondicional de sua mantenedora se modernizou quanto a metodologia de ensino e tecnologia educacional. Contudo, sem perder a sua ess\u00eancia que tem foco nas pessoas, na forma\u00e7\u00e3o de seus alunos.<\/p>\n<p><img decoding=\"async\" class=\"aligncenter wp-image-2034 size-full\" src=\"https:\/\/cearacruz.com.br\/portal\/wp-content\/uploads\/2025\/08\/not_18_11_2021_02-5.jpg\" alt=\"\" width=\"600\" height=\"450\" \/><\/p>\n<p><em>\u201cEsse pr\u00eamio s\u00f3 comprova a qualidade do trabalho educacional que estamos desenvolvendo em Aracruz e regi\u00e3o.\u00a0Um trabalho que tem esfor\u00e7o e dedica\u00e7\u00e3o de uma equipe multidisciplinar, formada por docentes, supervisores pedag\u00f3gicos, gestores e t\u00e9cnicos-administrativos, com o apoio de nossos alunos.\u00a0 Estar na lista dos mais lembrados \u00e9 sinal de que estamos cumprindo, o nosso papel enquanto institui\u00e7\u00e3o de ensino\u201d,\u00a0<\/em>afirmou a diretora escolar.<strong>\u00a0<\/strong><\/p>\n<p><strong>INFORMA\u00c7\u00d5ES \u00c0 IMPRENSA:<\/strong><strong><br \/>\nSetor de Comunica\u00e7\u00e3o e Marketing \u2013 Alessandro Bitti<br \/>\n<\/strong>Tel.: (27) 3302-8000 \u2013 E-mail: comunicacao@fsjb.edu.r \/ alessandro@fsjb.edu.br<\/p>\n","protected":false},"excerpt":{"rendered":"<p>O CEA (Centro Educacional de Aracruz), institui\u00e7\u00e3o mantida pela Funda\u00e7\u00e3o S\u00e3o Jo\u00e3o Batista (FSJB), foi mais uma vez premiada como a marca&#8230;<\/p>\n","protected":false},"author":1,"featured_media":25817,"comment_status":"open","ping_status":"open","sticky":false,"template":"","format":"standard","meta":{"om_disable_all_campaigns":false,"_uf_show_specific_survey":0,"_uf_disable_surveys":false,"footnotes":""},"categories":[7],"tags":[],"class_list":["post-25813","post","type-post","status-publish","format-standard","has-post-thumbnail","hentry","category-cea"],"aioseo_notices":[],"_links":{"self":[{"href":"https:\/\/cearacruz.com.br\/portal\/wp-json\/wp\/v2\/posts\/25813","targetHints":{"allow":["GET"]}}],"collection":[{"href":"https:\/\/cearacruz.com.br\/portal\/wp-json\/wp\/v2\/posts"}],"about":[{"href":"https:\/\/cearacruz.com.br\/portal\/wp-json\/wp\/v2\/types\/post"}],"author":[{"embeddable":true,"href":"https:\/\/cearacruz.com.br\/portal\/wp-json\/wp\/v2\/users\/1"}],"replies":[{"embeddable":true,"href":"https:\/\/cearacruz.com.br\/portal\/wp-json\/wp\/v2\/comments?post=25813"}],"version-history":[{"count":1,"href":"https:\/\/cearacruz.com.br\/portal\/wp-json\/wp\/v2\/posts\/25813\/revisions"}],"predecessor-version":[{"id":25816,"href":"https:\/\/cearacruz.com.br\/portal\/wp-json\/wp\/v2\/posts\/25813\/revisions\/25816"}],"wp:featuredmedia":[{"embeddable":true,"href":"https:\/\/cearacruz.com.br\/portal\/wp-json\/wp\/v2\/media\/25817"}],"wp:attachment":[{"href":"https:\/\/cearacruz.com.br\/portal\/wp-json\/wp\/v2\/media?parent=25813"}],"wp:term":[{"taxonomy":"category","embeddable":true,"href":"https:\/\/cearacruz.com.br\/portal\/wp-json\/wp\/v2\/categories?post=25813"},{"taxonomy":"post_tag","embeddable":true,"href":"https:\/\/cearacruz.com.br\/portal\/wp-json\/wp\/v2\/tags?post=25813"}],"curies":[{"name":"wp","href":"https:\/\/api.w.org\/{rel}","templated":true}]}}