{"id":25709,"date":"2021-10-06T23:03:43","date_gmt":"2021-10-06T23:03:43","guid":{"rendered":"https:\/\/cearacruz.com.br\/portal\/matriculas-e-rematriculas-do-cea-comecam-dia-20-de-outubro\/"},"modified":"2025-08-18T19:53:30","modified_gmt":"2025-08-18T19:53:30","slug":"matriculas-e-rematriculas-do-cea-comecam-dia-20-de-outubro","status":"publish","type":"post","link":"https:\/\/cearacruz.com.br\/portal\/matriculas-e-rematriculas-do-cea-comecam-dia-20-de-outubro\/","title":{"rendered":"Matr\u00edculas e rematr\u00edculas do CEA come\u00e7am dia 20 de outubro"},"content":{"rendered":"<figure id=\"attachment_1928\" aria-describedby=\"caption-attachment-1928\" style=\"width: 811px\" class=\"wp-caption aligncenter\"><img fetchpriority=\"high\" decoding=\"async\" class=\"wp-image-1928 size-full\" src=\"https:\/\/cearacruz.com.br\/portal\/wp-content\/uploads\/2025\/08\/not_06_10_2021-5.png\" alt=\"\" width=\"811\" height=\"614\" \/><figcaption id=\"caption-attachment-1928\" class=\"wp-caption-text\">As matr\u00edculas e rematr\u00edculas no CEA come\u00e7am a partir do dia 20 de outubro.<\/figcaption><\/figure>\n<p>\u201cSeu filho conectado com o futuro\u201d \u00e9 o slogan do Centro Educacional de Aracruz (CEA), que abre no m\u00eas de outubro, o per\u00edodo de matr\u00edculas e rematr\u00edculas para o Ensino Fundamental e M\u00e9dio. As matr\u00edculas e rematr\u00edculas podem ser feitas, a partir do dia 20 de outubro, por pais ou respons\u00e1veis legais na Secretaria da escola, das 8h \u00e0s 17h, de segunda a sexta-feira. O endere\u00e7o do CEA \u00e9 Rua Professor Berilo Bas\u00edlio dos Santos, n.\u00ba 180, no centro de Aracruz.<\/p>\n<p>Chegou a hora de escolher o melhor para o seu filho. A educa\u00e7\u00e3o \u00e9 a base para um futuro de sucesso. A tradi\u00e7\u00e3o do CEA aliada \u00e0 sua proposta pedag\u00f3gica e sua infraestrutura fazem da escola uma das institui\u00e7\u00f5es mais preparadas para receber crian\u00e7as e jovens. Traga o seu filho para fazer parte do time de vencedores do CEA.<\/p>\n<p>A escola tem como diferenciais: Material did\u00e1tico (Sistema \u00c9tico de Ensino) com excelente plataforma digital, Plurall; disciplina de Tecnologia e Inova\u00e7\u00e3o para os alunos do 1\u00ba Ano do Ensino Fundamental ao Ensino M\u00e9dio com uso de laborat\u00f3rio espec\u00edfico; infraestrutura diferenciada com salas amplas, arejadas e climatizadas; laborat\u00f3rios de Inform\u00e1tica e Ci\u00eancias; \u00f3tima localiza\u00e7\u00e3o; CEA Liter\u00e1rio (projeto de incentivo \u00e0 leitura); aulas diferenciadas; prepara\u00e7\u00e3o para o ENEM e IFES; assist\u00eancia psicopedag\u00f3gico, dentre outros.<\/p>\n<p>Para matr\u00edcula devem ser apresentados os seguintes documentos: Relat\u00f3rio final da Educa\u00e7\u00e3o Infantil (somente para o 1\u00ba Ano do Ensino Fundamental); 02 fotos 3&#215;4; c\u00f3pias da Certid\u00e3o de Nascimento, do CPF, da Carteira de Identidade do Aluno (se possuir), do Cart\u00e3o de Vacina; Declara\u00e7\u00e3o da caderneta de vacina\u00e7\u00e3o atualizada; Declara\u00e7\u00e3o e\/ou Hist\u00f3rico Escolar; c\u00f3pias do comprovante de resid\u00eancia (luz ou telefone), do CPF e da Carteira de Identidade do respons\u00e1vel financeiro. Para rematr\u00edcula \u00e9 necess\u00e1rio a Declara\u00e7\u00e3o da caderneta de vacina\u00e7\u00e3o atualizada.<\/p>\n<p>Respons\u00e1veis legais ou pais dos alunos que queiram agilizar o processo de matr\u00edcula e rematr\u00edcula no CEA podem enviar os documentos necess\u00e1rios para o e-mail da Secretaria Escolar (<a href=\"mailto:cea@cearacruz.com.br\"><strong>cea@cearacruz.com.br<\/strong><\/a>) ou pelo celular (27) 99699-0953 (WhatsApp). No Centro Educacional de Aracruz (CEA) seu filho est\u00e1 conectado com o futuro.<\/p>\n<p>O CEA \u00e9, portanto, uma escola completa, que oferece desde a Educa\u00e7\u00e3o Fundamental at\u00e9 o Ensino M\u00e9dio, preparando o aluno para os desafios que os tempos modernos exigem. Venha nos fazer uma visita, fa\u00e7a a matr\u00edcula do seu filho e lhe garanta um futuro promissor. Mais informa\u00e7\u00f5es ligue 3302-8009 ou 3302-8019, de segunda a sexta-feira, em hor\u00e1rio comercial, e agende um hor\u00e1rio com a gente.<\/p>\n<p><strong>INFORMA\u00c7\u00d5ES \u00c0 IMPRENSA:<br \/>\nSetor de Comunica\u00e7\u00e3o e Marketing \u2013 Alessandro Bitti<br \/>\n<\/strong>Tel.: (27) 3302-8000 \u2013 E-mail: comunicacao@fsjb.edu.br \/ alessandro@fsjb.edu.br<\/p>\n","protected":false},"excerpt":{"rendered":"<p>\u201cSeu filho conectado com o futuro\u201d \u00e9 o slogan do Centro Educacional de Aracruz (CEA), que abre no m\u00eas de outubro, o per\u00edodo de matr\u00edculas e rematr\u00edculas&#8230;<\/p>\n","protected":false},"author":1,"featured_media":25712,"comment_status":"open","ping_status":"open","sticky":false,"template":"","format":"standard","meta":{"om_disable_all_campaigns":false,"_uf_show_specific_survey":0,"_uf_disable_surveys":false,"footnotes":""},"categories":[7],"tags":[],"class_list":["post-25709","post","type-post","status-publish","format-standard","has-post-thumbnail","hentry","category-cea"],"aioseo_notices":[],"_links":{"self":[{"href":"https:\/\/cearacruz.com.br\/portal\/wp-json\/wp\/v2\/posts\/25709","targetHints":{"allow":["GET"]}}],"collection":[{"href":"https:\/\/cearacruz.com.br\/portal\/wp-json\/wp\/v2\/posts"}],"about":[{"href":"https:\/\/cearacruz.com.br\/portal\/wp-json\/wp\/v2\/types\/post"}],"author":[{"embeddable":true,"href":"https:\/\/cearacruz.com.br\/portal\/wp-json\/wp\/v2\/users\/1"}],"replies":[{"embeddable":true,"href":"https:\/\/cearacruz.com.br\/portal\/wp-json\/wp\/v2\/comments?post=25709"}],"version-history":[{"count":1,"href":"https:\/\/cearacruz.com.br\/portal\/wp-json\/wp\/v2\/posts\/25709\/revisions"}],"predecessor-version":[{"id":25711,"href":"https:\/\/cearacruz.com.br\/portal\/wp-json\/wp\/v2\/posts\/25709\/revisions\/25711"}],"wp:featuredmedia":[{"embeddable":true,"href":"https:\/\/cearacruz.com.br\/portal\/wp-json\/wp\/v2\/media\/25712"}],"wp:attachment":[{"href":"https:\/\/cearacruz.com.br\/portal\/wp-json\/wp\/v2\/media?parent=25709"}],"wp:term":[{"taxonomy":"category","embeddable":true,"href":"https:\/\/cearacruz.com.br\/portal\/wp-json\/wp\/v2\/categories?post=25709"},{"taxonomy":"post_tag","embeddable":true,"href":"https:\/\/cearacruz.com.br\/portal\/wp-json\/wp\/v2\/tags?post=25709"}],"curies":[{"name":"wp","href":"https:\/\/api.w.org\/{rel}","templated":true}]}}