{"id":25694,"date":"2021-10-01T20:02:35","date_gmt":"2021-10-01T20:02:35","guid":{"rendered":"https:\/\/cearacruz.com.br\/portal\/cea-realiza-festival-musical-e-literario-com-alunos-do-ensino-fundamental-e-medio\/"},"modified":"2025-08-18T19:53:29","modified_gmt":"2025-08-18T19:53:29","slug":"cea-realiza-festival-musical-e-literario-com-alunos-do-ensino-fundamental-e-medio","status":"publish","type":"post","link":"https:\/\/cearacruz.com.br\/portal\/cea-realiza-festival-musical-e-literario-com-alunos-do-ensino-fundamental-e-medio\/","title":{"rendered":"CEA realiza Festival Musical e Liter\u00e1rio com alunos do Ensino Fundamental e M\u00e9dio"},"content":{"rendered":"<figure id=\"attachment_1913\" aria-describedby=\"caption-attachment-1913\" style=\"width: 600px\" class=\"wp-caption aligncenter\"><img fetchpriority=\"high\" decoding=\"async\" class=\"wp-image-1913 size-full\" src=\"https:\/\/cearacruz.com.br\/portal\/wp-content\/uploads\/2025\/08\/not_01_10_2021_01-5.jpg\" alt=\"\" width=\"600\" height=\"450\" \/><figcaption id=\"caption-attachment-1913\" class=\"wp-caption-text\">Fotos: Divulga\u00e7\u00e3o<\/figcaption><\/figure>\n<p>A quadra poliesportiva do Centro Educacional de Aracruz (CEA) foi palco do Festival Musical e Liter\u00e1rio realizado pelos alunos do 8\u00ba Ano do Ensino Fundamental a 3\u00aa S\u00e9rie do Ensino M\u00e9dio, nos dias 23 e 24 de setembro. Foram respons\u00e1veis pelo evento, as professoras Rachele Oliveira de Jesus, Nuciala\u00a0Mognato\u00a0Tureta, Dulcin\u00e9ia Ruy Nossa e a supervisora escolar, Rafaela Grazziotti.<\/p>\n<p>Tamb\u00e9m marcou presen\u00e7a no evento, a diretora escolar do CEA, prof.\u00aa Dr.\u00aa Adriana Recla Sarcinelli, bem como realizou a abertura oficial junto com \u00e0 supervisora escolar. Conduzidos pela professora Rachele Oliveira, os alunos do 8\u00ba Ano, turmas A e B, do Ensino Fundamental, apresentaram atrav\u00e9s de teatro a obra \u201cO Primo Bas\u00edlio\u201d, romance de E\u00e7a de Queiroz, e, a obra \u201cO Primeiro Encontro\u201d.<\/p>\n<p>As apresenta\u00e7\u00f5es do 8\u00ba Ano trouxeram toda a eleg\u00e2ncia da \u00e9poca, atrav\u00e9s de figurinos bel\u00edssimos e cheios de charme. <em>\u201cOs alunos brilharam em suas apresenta\u00e7\u00f5es teatrais, com todas as falas muito bem decoradas e uma encena\u00e7\u00e3o digna de artistas. S\u00e3o nestes pequenos momentos que podemos perceber como nossos alunos s\u00e3o talentosos e criativos\u201d, <\/em>relatou a professora Rachele.<\/p>\n<p>Os estudantes do 9\u00ba Ano do Ensino Fundamental, turma B, realizaram a esquete \u201cAprenda a chamar a pol\u00edcia\u201d baseada na cr\u00f4nica hom\u00f4nima de Lu\u00eds Fernando Ver\u00edssimo que foi um respiro c\u00f4mico do festival. J\u00e1 os alunos do 9\u00ba Ano, turma A, foram respons\u00e1veis pela adapta\u00e7\u00e3o da obra \u201cHamlet, o Pr\u00edncipe da Dinamarca\u201d de William Shakespeare.<\/p>\n<div id='gallery-1' class='gallery galleryid-25694 gallery-columns-3 gallery-size-medium'><figure class='gallery-item'>\n\t\t\t<div class='gallery-icon landscape'>\n\t\t\t\t<a href='https:\/\/cearacruz.com.br\/portal\/cea-realiza-festival-musical-e-literario-com-alunos-do-ensino-fundamental-e-medio\/not_01_10_2021_02-3\/'><img decoding=\"async\" width=\"300\" height=\"225\" src=\"https:\/\/cearacruz.com.br\/portal\/wp-content\/uploads\/2025\/08\/not_01_10_2021_02-3-300x225.jpg\" class=\"attachment-medium size-medium\" alt=\"\" srcset=\"https:\/\/cearacruz.com.br\/portal\/wp-content\/uploads\/2025\/08\/not_01_10_2021_02-3-300x225.jpg 300w, https:\/\/cearacruz.com.br\/portal\/wp-content\/uploads\/2025\/08\/not_01_10_2021_02-3-24x18.jpg 24w, https:\/\/cearacruz.com.br\/portal\/wp-content\/uploads\/2025\/08\/not_01_10_2021_02-3-36x27.jpg 36w, https:\/\/cearacruz.com.br\/portal\/wp-content\/uploads\/2025\/08\/not_01_10_2021_02-3-48x36.jpg 48w, https:\/\/cearacruz.com.br\/portal\/wp-content\/uploads\/2025\/08\/not_01_10_2021_02-3.jpg 600w\" sizes=\"(max-width: 300px) 100vw, 300px\" \/><\/a>\n\t\t\t<\/div><\/figure><figure class='gallery-item'>\n\t\t\t<div class='gallery-icon landscape'>\n\t\t\t\t<a href='https:\/\/cearacruz.com.br\/portal\/cea-realiza-festival-musical-e-literario-com-alunos-do-ensino-fundamental-e-medio\/not_01_10_2021_03-3\/'><img decoding=\"async\" width=\"300\" height=\"225\" src=\"https:\/\/cearacruz.com.br\/portal\/wp-content\/uploads\/2025\/08\/not_01_10_2021_03-3-300x225.jpg\" class=\"attachment-medium size-medium\" alt=\"\" srcset=\"https:\/\/cearacruz.com.br\/portal\/wp-content\/uploads\/2025\/08\/not_01_10_2021_03-3-300x225.jpg 300w, https:\/\/cearacruz.com.br\/portal\/wp-content\/uploads\/2025\/08\/not_01_10_2021_03-3-24x18.jpg 24w, https:\/\/cearacruz.com.br\/portal\/wp-content\/uploads\/2025\/08\/not_01_10_2021_03-3-36x27.jpg 36w, https:\/\/cearacruz.com.br\/portal\/wp-content\/uploads\/2025\/08\/not_01_10_2021_03-3-48x36.jpg 48w, https:\/\/cearacruz.com.br\/portal\/wp-content\/uploads\/2025\/08\/not_01_10_2021_03-3.jpg 600w\" sizes=\"(max-width: 300px) 100vw, 300px\" \/><\/a>\n\t\t\t<\/div><\/figure><figure class='gallery-item'>\n\t\t\t<div class='gallery-icon landscape'>\n\t\t\t\t<a href='https:\/\/cearacruz.com.br\/portal\/cea-realiza-festival-musical-e-literario-com-alunos-do-ensino-fundamental-e-medio\/not_01_10_2021_04-3\/'><img loading=\"lazy\" decoding=\"async\" width=\"300\" height=\"225\" src=\"https:\/\/cearacruz.com.br\/portal\/wp-content\/uploads\/2025\/08\/not_01_10_2021_04-3-300x225.jpg\" class=\"attachment-medium size-medium\" alt=\"\" srcset=\"https:\/\/cearacruz.com.br\/portal\/wp-content\/uploads\/2025\/08\/not_01_10_2021_04-3-300x225.jpg 300w, https:\/\/cearacruz.com.br\/portal\/wp-content\/uploads\/2025\/08\/not_01_10_2021_04-3-24x18.jpg 24w, https:\/\/cearacruz.com.br\/portal\/wp-content\/uploads\/2025\/08\/not_01_10_2021_04-3-36x27.jpg 36w, https:\/\/cearacruz.com.br\/portal\/wp-content\/uploads\/2025\/08\/not_01_10_2021_04-3-48x36.jpg 48w, https:\/\/cearacruz.com.br\/portal\/wp-content\/uploads\/2025\/08\/not_01_10_2021_04-3.jpg 600w\" sizes=\"(max-width: 300px) 100vw, 300px\" \/><\/a>\n\t\t\t<\/div><\/figure>\n\t\t<\/div>\n\n<p>Ficou a cargo dos estudantes da 1\u00aa S\u00e9rie do Ensino M\u00e9dio darem vida \u00e0 pe\u00e7a \u201cO Auto da Barca do Inferno\u201d de Gil Vicente. A obra narra hist\u00f3rias de almas que passam para o outro mundo, por meio da presen\u00e7a de dois barqueiros, o Anjo e o Diabo. A cena passa-se num porto e, portanto, um dos barcos vai em dire\u00e7\u00e3o ao c\u00e9u, e outro para o inferno.<\/p>\n<p>Os alunos da 2\u00aa S\u00e9rie do Ensino M\u00e9dio mergulharam de cabe\u00e7a na Literatura e visitaram duas escolas liter\u00e1rias: Romantismo e Realismo. A primeira idealiza o amor, as rela\u00e7\u00f5es. A outra, usa a Literatura como forma de criticar as mazelas sociais. Com esse direcionamento, os estudantes promoveram um desfile de personagens de obras famosas dessas duas escolas.<\/p>\n<p>Um Musical Retr\u00f4 foi realizado pelos estudantes da 3\u00aa S\u00e9rie do Ensino M\u00e9dio durante o Festival Musical e Liter\u00e1rio do CEA. Na ocasi\u00e3o, os estudantes cantaram e dan\u00e7aram sucessos dos anos 60, 70, 80, 90 e 2000, que marcaram toda uma gera\u00e7\u00e3o mesclando m\u00fasica, comportamento e moda.<\/p>\n<p>De acordo com a professora Nuciala\u00a0Tureta, a leitura tem um papel crucial na vida do indiv\u00edduo, por meio desta, \u00e9 poss\u00edvel ampliar os horizontes do conhecimento e da cultura letrada. A aquisi\u00e7\u00e3o da leitura \u00e9 imprescind\u00edvel para que o indiv\u00edduo possa agir com autonomia nas sociedades.<\/p>\n<div id='gallery-2' class='gallery galleryid-25694 gallery-columns-3 gallery-size-medium'><figure class='gallery-item'>\n\t\t\t<div class='gallery-icon landscape'>\n\t\t\t\t<a href='https:\/\/cearacruz.com.br\/portal\/cea-realiza-festival-musical-e-literario-com-alunos-do-ensino-fundamental-e-medio\/not_01_10_2021_05-3\/'><img loading=\"lazy\" decoding=\"async\" width=\"300\" height=\"225\" src=\"https:\/\/cearacruz.com.br\/portal\/wp-content\/uploads\/2025\/08\/not_01_10_2021_05-3-300x225.jpg\" class=\"attachment-medium size-medium\" alt=\"\" srcset=\"https:\/\/cearacruz.com.br\/portal\/wp-content\/uploads\/2025\/08\/not_01_10_2021_05-3-300x225.jpg 300w, https:\/\/cearacruz.com.br\/portal\/wp-content\/uploads\/2025\/08\/not_01_10_2021_05-3-24x18.jpg 24w, https:\/\/cearacruz.com.br\/portal\/wp-content\/uploads\/2025\/08\/not_01_10_2021_05-3-36x27.jpg 36w, https:\/\/cearacruz.com.br\/portal\/wp-content\/uploads\/2025\/08\/not_01_10_2021_05-3-48x36.jpg 48w, https:\/\/cearacruz.com.br\/portal\/wp-content\/uploads\/2025\/08\/not_01_10_2021_05-3.jpg 600w\" sizes=\"(max-width: 300px) 100vw, 300px\" \/><\/a>\n\t\t\t<\/div><\/figure><figure class='gallery-item'>\n\t\t\t<div class='gallery-icon landscape'>\n\t\t\t\t<a href='https:\/\/cearacruz.com.br\/portal\/cea-realiza-festival-musical-e-literario-com-alunos-do-ensino-fundamental-e-medio\/not_01_10_2021_06-3\/'><img loading=\"lazy\" decoding=\"async\" width=\"300\" height=\"225\" src=\"https:\/\/cearacruz.com.br\/portal\/wp-content\/uploads\/2025\/08\/not_01_10_2021_06-3-300x225.jpg\" class=\"attachment-medium size-medium\" alt=\"\" srcset=\"https:\/\/cearacruz.com.br\/portal\/wp-content\/uploads\/2025\/08\/not_01_10_2021_06-3-300x225.jpg 300w, https:\/\/cearacruz.com.br\/portal\/wp-content\/uploads\/2025\/08\/not_01_10_2021_06-3-24x18.jpg 24w, https:\/\/cearacruz.com.br\/portal\/wp-content\/uploads\/2025\/08\/not_01_10_2021_06-3-36x27.jpg 36w, https:\/\/cearacruz.com.br\/portal\/wp-content\/uploads\/2025\/08\/not_01_10_2021_06-3-48x36.jpg 48w, https:\/\/cearacruz.com.br\/portal\/wp-content\/uploads\/2025\/08\/not_01_10_2021_06-3.jpg 600w\" sizes=\"(max-width: 300px) 100vw, 300px\" \/><\/a>\n\t\t\t<\/div><\/figure><figure class='gallery-item'>\n\t\t\t<div class='gallery-icon landscape'>\n\t\t\t\t<a href='https:\/\/cearacruz.com.br\/portal\/cea-realiza-festival-musical-e-literario-com-alunos-do-ensino-fundamental-e-medio\/not_01_10_2021_07-3\/'><img loading=\"lazy\" decoding=\"async\" width=\"300\" height=\"225\" src=\"https:\/\/cearacruz.com.br\/portal\/wp-content\/uploads\/2025\/08\/not_01_10_2021_07-3-300x225.jpg\" class=\"attachment-medium size-medium\" alt=\"\" srcset=\"https:\/\/cearacruz.com.br\/portal\/wp-content\/uploads\/2025\/08\/not_01_10_2021_07-3-300x225.jpg 300w, https:\/\/cearacruz.com.br\/portal\/wp-content\/uploads\/2025\/08\/not_01_10_2021_07-3-24x18.jpg 24w, https:\/\/cearacruz.com.br\/portal\/wp-content\/uploads\/2025\/08\/not_01_10_2021_07-3-36x27.jpg 36w, https:\/\/cearacruz.com.br\/portal\/wp-content\/uploads\/2025\/08\/not_01_10_2021_07-3-48x36.jpg 48w, https:\/\/cearacruz.com.br\/portal\/wp-content\/uploads\/2025\/08\/not_01_10_2021_07-3.jpg 600w\" sizes=\"(max-width: 300px) 100vw, 300px\" \/><\/a>\n\t\t\t<\/div><\/figure>\n\t\t<\/div>\n\n<p><em>\u201cSabe-se que os indiv\u00edduos destitu\u00eddos do ato de ler enfrentam uma desvantagem enorme em compara\u00e7\u00e3o com os que a fazem. Quando uma pessoa sabe ler bem, n\u00e3o existem fronteiras para ela. \u00a0Afinal, ela pode viajar n\u00e3o apenas para outros pa\u00edses, mas tamb\u00e9m no passado, no futuro, no mundo da tecnologia, na natureza, no espa\u00e7o c\u00f3smico, por exemplo\u201d, <\/em>explicou a docente do CEA.<\/p>\n<p>Nuciala finalizou dizendo: <em>\u201cJ\u00e1 a\u00a0m\u00fasica\u00a0\u00e9 uma das formas de express\u00e3o da cultura popular que exerce uma importante fun\u00e7\u00e3o na constru\u00e7\u00e3o de identidades na sociedade moderna. Ela conseguiu quebrar a barreira das diferen\u00e7as culturais, possibilitando novas pr\u00e1ticas\u00a0sociais. Da\u00ed a ideia de se criar um Festival Musical e Liter\u00e1rio no CEA, pois atrav\u00e9s do festival os alunos puderam externalizar suas habilidades art\u00edsticas. Al\u00e9m disso, exercitaram a leitura, a escrita e a interpreta\u00e7\u00e3o\u201d.<\/em><em>\u00a0<\/em><\/p>\n<p>Para seguran\u00e7a dos alunos, professores, funcion\u00e1rios t\u00e9cnicos-administrativos e pedag\u00f3gicos foram seguidos todos os procedimentos do Protocolo de Biosseguran\u00e7a contra a Covid-19, como, por exemplo: o uso de m\u00e1scaras e \u00e1lcool em 70% e o distanciamento social.<em>\u00a0<\/em><em>\u00a0<\/em><\/p>\n<h3><strong>Festival Musical e Liter\u00e1rio do CEA<\/strong><strong>\u00a0<\/strong><\/h3>\n<p>O projeto do Festival Musical e Liter\u00e1rio do CEA nasceu da necessidade de promover o incentivo da leitura aos alunos do 8\u00ba Ano do Ensino Fundamental a 3\u00aa S\u00e9rie do Ensino M\u00e9dio, resgatando o gosto pela Literatura e a imers\u00e3o no fant\u00e1stico mundo dos livros.<\/p>\n<div id='gallery-3' class='gallery galleryid-25694 gallery-columns-3 gallery-size-medium'><figure class='gallery-item'>\n\t\t\t<div class='gallery-icon landscape'>\n\t\t\t\t<a href='https:\/\/cearacruz.com.br\/portal\/cea-realiza-festival-musical-e-literario-com-alunos-do-ensino-fundamental-e-medio\/not_01_10_2021_08-3\/'><img loading=\"lazy\" decoding=\"async\" width=\"300\" height=\"225\" src=\"https:\/\/cearacruz.com.br\/portal\/wp-content\/uploads\/2025\/08\/not_01_10_2021_08-3-300x225.jpg\" class=\"attachment-medium size-medium\" alt=\"\" srcset=\"https:\/\/cearacruz.com.br\/portal\/wp-content\/uploads\/2025\/08\/not_01_10_2021_08-3-300x225.jpg 300w, https:\/\/cearacruz.com.br\/portal\/wp-content\/uploads\/2025\/08\/not_01_10_2021_08-3-24x18.jpg 24w, https:\/\/cearacruz.com.br\/portal\/wp-content\/uploads\/2025\/08\/not_01_10_2021_08-3-36x27.jpg 36w, https:\/\/cearacruz.com.br\/portal\/wp-content\/uploads\/2025\/08\/not_01_10_2021_08-3-48x36.jpg 48w, https:\/\/cearacruz.com.br\/portal\/wp-content\/uploads\/2025\/08\/not_01_10_2021_08-3.jpg 600w\" sizes=\"(max-width: 300px) 100vw, 300px\" \/><\/a>\n\t\t\t<\/div><\/figure><figure class='gallery-item'>\n\t\t\t<div class='gallery-icon landscape'>\n\t\t\t\t<a href='https:\/\/cearacruz.com.br\/portal\/cea-realiza-festival-musical-e-literario-com-alunos-do-ensino-fundamental-e-medio\/not_01_10_2021_09-3\/'><img loading=\"lazy\" decoding=\"async\" width=\"300\" height=\"225\" src=\"https:\/\/cearacruz.com.br\/portal\/wp-content\/uploads\/2025\/08\/not_01_10_2021_09-3-300x225.jpg\" class=\"attachment-medium size-medium\" alt=\"\" srcset=\"https:\/\/cearacruz.com.br\/portal\/wp-content\/uploads\/2025\/08\/not_01_10_2021_09-3-300x225.jpg 300w, https:\/\/cearacruz.com.br\/portal\/wp-content\/uploads\/2025\/08\/not_01_10_2021_09-3-24x18.jpg 24w, https:\/\/cearacruz.com.br\/portal\/wp-content\/uploads\/2025\/08\/not_01_10_2021_09-3-36x27.jpg 36w, https:\/\/cearacruz.com.br\/portal\/wp-content\/uploads\/2025\/08\/not_01_10_2021_09-3-48x36.jpg 48w, https:\/\/cearacruz.com.br\/portal\/wp-content\/uploads\/2025\/08\/not_01_10_2021_09-3.jpg 600w\" sizes=\"(max-width: 300px) 100vw, 300px\" \/><\/a>\n\t\t\t<\/div><\/figure><figure class='gallery-item'>\n\t\t\t<div class='gallery-icon landscape'>\n\t\t\t\t<a href='https:\/\/cearacruz.com.br\/portal\/cea-realiza-festival-musical-e-literario-com-alunos-do-ensino-fundamental-e-medio\/not_01_10_2021_10-3\/'><img loading=\"lazy\" decoding=\"async\" width=\"300\" height=\"225\" src=\"https:\/\/cearacruz.com.br\/portal\/wp-content\/uploads\/2025\/08\/not_01_10_2021_10-3-300x225.jpg\" class=\"attachment-medium size-medium\" alt=\"\" srcset=\"https:\/\/cearacruz.com.br\/portal\/wp-content\/uploads\/2025\/08\/not_01_10_2021_10-3-300x225.jpg 300w, https:\/\/cearacruz.com.br\/portal\/wp-content\/uploads\/2025\/08\/not_01_10_2021_10-3-24x18.jpg 24w, https:\/\/cearacruz.com.br\/portal\/wp-content\/uploads\/2025\/08\/not_01_10_2021_10-3-36x27.jpg 36w, https:\/\/cearacruz.com.br\/portal\/wp-content\/uploads\/2025\/08\/not_01_10_2021_10-3-48x36.jpg 48w, https:\/\/cearacruz.com.br\/portal\/wp-content\/uploads\/2025\/08\/not_01_10_2021_10-3.jpg 600w\" sizes=\"(max-width: 300px) 100vw, 300px\" \/><\/a>\n\t\t\t<\/div><\/figure>\n\t\t<\/div>\n\n<p>Al\u00e9m disso, este trabalho promovido em sala de aulas pelas professoras Rachele Oliveira de Jesus e Nuciala\u00a0Mognato\u00a0Tureta\u00a0tamb\u00e9m buscou incentivar, identificar e dar vida aos muitos talentos art\u00edsticos existentes no CEA.<\/p>\n<p>No m\u00eas de junho deu-se in\u00edcio ao planejamento do projeto entre a supervisora escolar, Rafaela Grazziotti, e as respons\u00e1veis pelo Festival Musical e Liter\u00e1rio, com apoio da professora Dulcin\u00e9ia Ruy Nossa que deu vida aos cen\u00e1rios atrav\u00e9s da disciplina de Artes. Ao longo dos meses, os alunos leram as obras e iniciaram os ensaios e todo o planejamento durante as aulas de L\u00edngua Portuguesa.<\/p>\n<p><em>\u201cO desenrolar do projeto deu vida \u00e0 escola e protagonismo aos alunos, que com muita criatividade, anima\u00e7\u00e3o e dedica\u00e7\u00e3o foram construindo dia a dia toda a hist\u00f3ria do festival<\/em>\u201d, disse a supervisora escolar, Rafaela Grazziotti.<\/p>\n<p><strong>INFORMA\u00c7\u00d5ES \u00c0 IMPRENSA:<\/strong><strong><br \/>\nSetor de Comunica\u00e7\u00e3o e Marketing \u2013 Alessandro Bitti<br \/>\n<\/strong>Tel.: (27) 3302-8000 \u2013 E-mail: comunicacao@fsjb.edu.br \/ alessandro@fsjb.edu.br<\/p>\n","protected":false},"excerpt":{"rendered":"<p>A quadra poliesportiva do Centro Educacional de Aracruz (CEA) foi palco do Festival Musical e Liter\u00e1rio realizado pelos alunos do 8\u00ba Ano do Ensino&#8230;<\/p>\n","protected":false},"author":1,"featured_media":25707,"comment_status":"open","ping_status":"open","sticky":false,"template":"","format":"standard","meta":{"om_disable_all_campaigns":false,"_uf_show_specific_survey":0,"_uf_disable_surveys":false,"footnotes":""},"categories":[35],"tags":[],"class_list":["post-25694","post","type-post","status-publish","format-standard","has-post-thumbnail","hentry","category-festival"],"aioseo_notices":[],"_links":{"self":[{"href":"https:\/\/cearacruz.com.br\/portal\/wp-json\/wp\/v2\/posts\/25694","targetHints":{"allow":["GET"]}}],"collection":[{"href":"https:\/\/cearacruz.com.br\/portal\/wp-json\/wp\/v2\/posts"}],"about":[{"href":"https:\/\/cearacruz.com.br\/portal\/wp-json\/wp\/v2\/types\/post"}],"author":[{"embeddable":true,"href":"https:\/\/cearacruz.com.br\/portal\/wp-json\/wp\/v2\/users\/1"}],"replies":[{"embeddable":true,"href":"https:\/\/cearacruz.com.br\/portal\/wp-json\/wp\/v2\/comments?post=25694"}],"version-history":[{"count":2,"href":"https:\/\/cearacruz.com.br\/portal\/wp-json\/wp\/v2\/posts\/25694\/revisions"}],"predecessor-version":[{"id":25706,"href":"https:\/\/cearacruz.com.br\/portal\/wp-json\/wp\/v2\/posts\/25694\/revisions\/25706"}],"wp:featuredmedia":[{"embeddable":true,"href":"https:\/\/cearacruz.com.br\/portal\/wp-json\/wp\/v2\/media\/25707"}],"wp:attachment":[{"href":"https:\/\/cearacruz.com.br\/portal\/wp-json\/wp\/v2\/media?parent=25694"}],"wp:term":[{"taxonomy":"category","embeddable":true,"href":"https:\/\/cearacruz.com.br\/portal\/wp-json\/wp\/v2\/categories?post=25694"},{"taxonomy":"post_tag","embeddable":true,"href":"https:\/\/cearacruz.com.br\/portal\/wp-json\/wp\/v2\/tags?post=25694"}],"curies":[{"name":"wp","href":"https:\/\/api.w.org\/{rel}","templated":true}]}}