{"id":25554,"date":"2021-06-30T18:46:50","date_gmt":"2021-06-30T18:46:50","guid":{"rendered":"https:\/\/cearacruz.com.br\/portal\/semeando-leitura-colhendo-talentos-foi-tema-da-1o-edicao-do-cea-literario-virtual\/"},"modified":"2025-08-18T19:53:14","modified_gmt":"2025-08-18T19:53:14","slug":"semeando-leitura-colhendo-talentos-foi-tema-da-1o-edicao-do-cea-literario-virtual","status":"publish","type":"post","link":"https:\/\/cearacruz.com.br\/portal\/semeando-leitura-colhendo-talentos-foi-tema-da-1o-edicao-do-cea-literario-virtual\/","title":{"rendered":"\u201cSemeando leitura, colhendo talentos\u201d foi tema da 1\u00ba edi\u00e7\u00e3o do CEA Liter\u00e1rio Virtual"},"content":{"rendered":"<p style=\"text-align: left;\">O <a href=\"http:\/\/www.cearacruz.com.br\/portal\/\" target=\"_blank\" rel=\"noopener noreferrer\"><strong>Centro Educacional de Aracruz (CEA)<\/strong><\/a> realizou, este ano, a primeira edi\u00e7\u00e3o virtual do \u201cCEA Liter\u00e1rio\u201d com o tema \u201cSemeando leitura, colhendo talentos\u201d. A transmiss\u00e3o dos trabalhos foi feita via Google Meets para todos os alunos e familiares do 9\u00ba Ano do Ensino Fundamental ao Ensino M\u00e9dio. O projeto foi desenvolvido durante as aulas de Portugu\u00eas, sob orienta\u00e7\u00e3o da professora Nuciala Mognato Tureta e apoio da supervisora escolar Rafaela Grazziotti.<\/p>\n<p style=\"text-align: left;\">Nas turmas de 9\u00ba Ano, os alunos foram divididos em equipes e, ap\u00f3s lerem v\u00e1rios contos, cada equipe selecionou um para ser dramatizado e apresentado por meio de algum recurso digital. Dentre os meios selecionados, as equipes fizeram Curta Metragem e V\u00eddeo de Anima\u00e7\u00e3o.<\/p>\n<p style=\"text-align: left;\">Uma obra do per\u00edodo medieval foi selecionada para os estudantes da 1\u00aa S\u00e9rie do Ensino M\u00e9dio: \u201cDom Quixote\u201d. Toda a turma foi motivada a fazer apenas um filme da hist\u00f3ria atrav\u00e9s de encena\u00e7\u00e3o das principais aventuras do cavaleiro andante. A turma foi organizada em equipe de roteiristas, sonoplastas, editores e elenco. Todas as habilidades individuais foram respeitadas e valorizadas.<\/p>\n<p style=\"text-align: left;\">J\u00e1 na 2\u00aa S\u00e9rie do Ensino m\u00e9dio, os discentes leram obras do Romantismo Brasileiro e cada grupo usou um recurso tecnol\u00f3gico diferenciado para contar a hist\u00f3ria aos colegas: entrevistas gravadas com personagens das narrativas, v\u00eddeos animados, v\u00eddeos com dramatiza\u00e7\u00f5es. <em>\u201cFoi um espet\u00e1culo\u201d,<\/em> afirmou a professora Nuciala.<\/p>\n<figure id=\"attachment_1755\" aria-describedby=\"caption-attachment-1755\" style=\"width: 600px\" class=\"wp-caption aligncenter\"><img fetchpriority=\"high\" decoding=\"async\" class=\"wp-image-1755 size-full\" src=\"https:\/\/cearacruz.com.br\/portal\/wp-content\/uploads\/2025\/08\/not_30_06_2021_01-5.jpg\" alt=\"\" width=\"600\" height=\"450\" \/><figcaption id=\"caption-attachment-1755\" class=\"wp-caption-text\">Os alunos do 9\u00ba Ano do Ensino Fundamental ao M\u00e9dio realizaram a primeira edi\u00e7\u00e3o do &#8220;CEA Liter\u00e1rio&#8221;. Foto: Divulga\u00e7\u00e3o<\/figcaption><\/figure>\n<p style=\"text-align: left;\">A 3\u00aa S\u00e9rie, por sua vez, leu obras do Modernismo Brasileiro e usaram essas narrativas para fazer den\u00fancias de mazelas sociais como fome, desigualdade social, preconceito, seca, dentre outras. Graciliano Ramos, Clarice Lispector e Jorge Amado foram autores contemplados pelos alunos.<\/p>\n<p style=\"text-align: left;\"><em>\u201cO CEA Liter\u00e1rio existe para semear a leitura e promover atrav\u00e9s dela e por meio dela a reflex\u00e3o, a criticidade, a empatia e o aprendizado. Saber que a Literatura pode promover tantos benef\u00edcios \u00e9 uma necessidade. A Literatura retrata a cultura de um povo, de uma \u00e9poca. Nos revela ra\u00edzes de muitos problemas atuais; nos traz alegria. Em tempo de distanciamento social, disseminar o poder da leitura \u00e9 garantir mais sa\u00fade mental a todos os envolvidos no processo educativo\u201d,<\/em> declara Nuciala.<\/p>\n<p style=\"text-align: left;\">Ainda de acordo com a professora do CEA: <em>\u201cPara que esse grande evento cultural acontecesse, os alunos, al\u00e9m de aprenderem sobre Literatura, tiveram que aprender a usar aplicativos de edi\u00e7\u00e3o, a salvar documentos no drive e gerar links e a trabalhar em equipe de forma online. Para isso, foi necess\u00e1ria muita responsabilidade, organiza\u00e7\u00e3o, empatia, solidariedade, paci\u00eancia e compreens\u00e3o. \u00c9 um projeto que desenvolve nos alunos habilidades essenciais para a vida moderna\u201d.<\/em><\/p>\n<p style=\"text-align: left;\">Nuciala finalizou dizendo: <em>\u201cVale ressaltar que toda a parte de edi\u00e7\u00e3o, formata\u00e7\u00e3o e divulga\u00e7\u00e3o do evento nas m\u00eddias sociais foi produzida pelos pr\u00f3prios estudantes ap\u00f3s aulas de design gr\u00e1fico e apps na nova disciplina do CEA: Processos Criativos, Tecnologia e Inova\u00e7\u00e3o\u201d, <\/em>salientou a docente.<\/p>\n<p style=\"text-align: left;\"><strong>INFORMA\u00c7\u00d5ES \u00c0 IMPRENSA:<\/strong><strong><br \/>\nSetor de Comunica\u00e7\u00e3o e Marketing \u2013 Alessandro Bitti<br \/>\n<\/strong>Tel.: (27) 3302-8000 \u2013 E-mail: comunicacao@fsjb.edu.br \/ alessandro@fsjb.edu.br<\/p>\n","protected":false},"excerpt":{"rendered":"<p>O Centro Educacional de Aracruz (CEA) realizou, este ano, a primeira edi\u00e7\u00e3o virtual do \u201cCEA Liter\u00e1rio\u201d com o tema \u201cSemeando leitura, colhendo&#8230;<\/p>\n","protected":false},"author":1,"featured_media":25557,"comment_status":"open","ping_status":"open","sticky":false,"template":"","format":"standard","meta":{"om_disable_all_campaigns":false,"_uf_show_specific_survey":0,"_uf_disable_surveys":false,"footnotes":""},"categories":[30],"tags":[],"class_list":["post-25554","post","type-post","status-publish","format-standard","has-post-thumbnail","hentry","category-cea-literario"],"aioseo_notices":[],"_links":{"self":[{"href":"https:\/\/cearacruz.com.br\/portal\/wp-json\/wp\/v2\/posts\/25554","targetHints":{"allow":["GET"]}}],"collection":[{"href":"https:\/\/cearacruz.com.br\/portal\/wp-json\/wp\/v2\/posts"}],"about":[{"href":"https:\/\/cearacruz.com.br\/portal\/wp-json\/wp\/v2\/types\/post"}],"author":[{"embeddable":true,"href":"https:\/\/cearacruz.com.br\/portal\/wp-json\/wp\/v2\/users\/1"}],"replies":[{"embeddable":true,"href":"https:\/\/cearacruz.com.br\/portal\/wp-json\/wp\/v2\/comments?post=25554"}],"version-history":[{"count":1,"href":"https:\/\/cearacruz.com.br\/portal\/wp-json\/wp\/v2\/posts\/25554\/revisions"}],"predecessor-version":[{"id":25556,"href":"https:\/\/cearacruz.com.br\/portal\/wp-json\/wp\/v2\/posts\/25554\/revisions\/25556"}],"wp:featuredmedia":[{"embeddable":true,"href":"https:\/\/cearacruz.com.br\/portal\/wp-json\/wp\/v2\/media\/25557"}],"wp:attachment":[{"href":"https:\/\/cearacruz.com.br\/portal\/wp-json\/wp\/v2\/media?parent=25554"}],"wp:term":[{"taxonomy":"category","embeddable":true,"href":"https:\/\/cearacruz.com.br\/portal\/wp-json\/wp\/v2\/categories?post=25554"},{"taxonomy":"post_tag","embeddable":true,"href":"https:\/\/cearacruz.com.br\/portal\/wp-json\/wp\/v2\/tags?post=25554"}],"curies":[{"name":"wp","href":"https:\/\/api.w.org\/{rel}","templated":true}]}}