{"id":25477,"date":"2021-06-17T22:12:23","date_gmt":"2021-06-17T22:12:23","guid":{"rendered":"https:\/\/cearacruz.com.br\/portal\/estudantes-do-ensino-fundamental-embarcam-no-mundo-da-leitura-com-o-cea-literario\/"},"modified":"2025-08-18T19:53:07","modified_gmt":"2025-08-18T19:53:07","slug":"estudantes-do-ensino-fundamental-embarcam-no-mundo-da-leitura-com-o-cea-literario","status":"publish","type":"post","link":"https:\/\/cearacruz.com.br\/portal\/estudantes-do-ensino-fundamental-embarcam-no-mundo-da-leitura-com-o-cea-literario\/","title":{"rendered":"Estudantes do Ensino Fundamental embarcam no mundo da leitura com o \u201cCEA Liter\u00e1rio\u201d"},"content":{"rendered":"<p><img fetchpriority=\"high\" decoding=\"async\" class=\"aligncenter wp-image-1678 size-full\" src=\"https:\/\/cearacruz.com.br\/portal\/wp-content\/uploads\/2025\/08\/not_17_06_2021_01-5.jpg\" alt=\"\" width=\"600\" height=\"450\" \/><\/p>\n<p style=\"text-align: left;\">Os alunos dos 7\u00b0 e 8\u00b0 Anos, do Ensino Fundamental, do Centro Educacional de Aracruz (CEA) embarcaram no maravilhoso mundo da leitura com o projeto \u201cCEA Liter\u00e1rio\u201d, orientados pela professora de L\u00edngua Portuguesa, Rachele Oliveira de Jesus. Nos meses de maio e junho, os estudantes lerem v\u00e1rias obras liter\u00e1rias dispon\u00edveis no aplicativo Plurall da escola, que tem um grande acervo virtual.<\/p>\n<p style=\"text-align: left;\">Nos dias da culmin\u00e2ncia do projeto, os estudantes apresentaram seus personagens caracterizados e contaram as aventuras das obras lidas. Os alunos tiveram a liberdade de apresentar de diferentes maneiras o trabalho proposto pela professora do CEA, inclusive alguns estudantes fizeram teatros ao vivo, outros gravaram suas atua\u00e7\u00f5es em seus lares e, posteriormente, montaram um v\u00eddeo.<\/p>\n<div id='gallery-1' class='gallery galleryid-25477 gallery-columns-3 gallery-size-medium'><figure class='gallery-item'>\n\t\t\t<div class='gallery-icon landscape'>\n\t\t\t\t<a href='https:\/\/cearacruz.com.br\/portal\/estudantes-do-ensino-fundamental-embarcam-no-mundo-da-leitura-com-o-cea-literario\/not_17_06_2021_02-3\/'><img decoding=\"async\" width=\"300\" height=\"225\" src=\"https:\/\/cearacruz.com.br\/portal\/wp-content\/uploads\/2025\/08\/not_17_06_2021_02-3-300x225.jpg\" class=\"attachment-medium size-medium\" alt=\"\" srcset=\"https:\/\/cearacruz.com.br\/portal\/wp-content\/uploads\/2025\/08\/not_17_06_2021_02-3-300x225.jpg 300w, https:\/\/cearacruz.com.br\/portal\/wp-content\/uploads\/2025\/08\/not_17_06_2021_02-3-24x18.jpg 24w, https:\/\/cearacruz.com.br\/portal\/wp-content\/uploads\/2025\/08\/not_17_06_2021_02-3-36x27.jpg 36w, https:\/\/cearacruz.com.br\/portal\/wp-content\/uploads\/2025\/08\/not_17_06_2021_02-3-48x36.jpg 48w, https:\/\/cearacruz.com.br\/portal\/wp-content\/uploads\/2025\/08\/not_17_06_2021_02-3.jpg 600w\" sizes=\"(max-width: 300px) 100vw, 300px\" \/><\/a>\n\t\t\t<\/div><\/figure><figure class='gallery-item'>\n\t\t\t<div class='gallery-icon landscape'>\n\t\t\t\t<a href='https:\/\/cearacruz.com.br\/portal\/estudantes-do-ensino-fundamental-embarcam-no-mundo-da-leitura-com-o-cea-literario\/not_17_06_2021_03-3\/'><img decoding=\"async\" width=\"300\" height=\"225\" src=\"https:\/\/cearacruz.com.br\/portal\/wp-content\/uploads\/2025\/08\/not_17_06_2021_03-3-300x225.jpg\" class=\"attachment-medium size-medium\" alt=\"\" srcset=\"https:\/\/cearacruz.com.br\/portal\/wp-content\/uploads\/2025\/08\/not_17_06_2021_03-3-300x225.jpg 300w, https:\/\/cearacruz.com.br\/portal\/wp-content\/uploads\/2025\/08\/not_17_06_2021_03-3-24x18.jpg 24w, https:\/\/cearacruz.com.br\/portal\/wp-content\/uploads\/2025\/08\/not_17_06_2021_03-3-36x27.jpg 36w, https:\/\/cearacruz.com.br\/portal\/wp-content\/uploads\/2025\/08\/not_17_06_2021_03-3-48x36.jpg 48w, https:\/\/cearacruz.com.br\/portal\/wp-content\/uploads\/2025\/08\/not_17_06_2021_03-3.jpg 600w\" sizes=\"(max-width: 300px) 100vw, 300px\" \/><\/a>\n\t\t\t<\/div><\/figure><figure class='gallery-item'>\n\t\t\t<div class='gallery-icon landscape'>\n\t\t\t\t<a href='https:\/\/cearacruz.com.br\/portal\/estudantes-do-ensino-fundamental-embarcam-no-mundo-da-leitura-com-o-cea-literario\/not_17_06_2021_04-3\/'><img loading=\"lazy\" decoding=\"async\" width=\"300\" height=\"225\" src=\"https:\/\/cearacruz.com.br\/portal\/wp-content\/uploads\/2025\/08\/not_17_06_2021_04-3-300x225.jpg\" class=\"attachment-medium size-medium\" alt=\"\" srcset=\"https:\/\/cearacruz.com.br\/portal\/wp-content\/uploads\/2025\/08\/not_17_06_2021_04-3-300x225.jpg 300w, https:\/\/cearacruz.com.br\/portal\/wp-content\/uploads\/2025\/08\/not_17_06_2021_04-3-24x18.jpg 24w, https:\/\/cearacruz.com.br\/portal\/wp-content\/uploads\/2025\/08\/not_17_06_2021_04-3-36x27.jpg 36w, https:\/\/cearacruz.com.br\/portal\/wp-content\/uploads\/2025\/08\/not_17_06_2021_04-3-48x36.jpg 48w, https:\/\/cearacruz.com.br\/portal\/wp-content\/uploads\/2025\/08\/not_17_06_2021_04-3.jpg 600w\" sizes=\"(max-width: 300px) 100vw, 300px\" \/><\/a>\n\t\t\t<\/div><\/figure>\n\t\t<\/div>\n\n<p style=\"text-align: left;\"><em>\u201cFiquei extremamente orgulhosa dos meus alunos. Tenho certeza que conseguimos despertar o interesse pela leitura e expandir sua criatividade. Os estudantes se reinventaram nesse novo modelo de ensino e nos encantaram com suas apresenta\u00e7\u00f5es. Foi uma mistura de prazer e conhecimento\u201d,<\/em> relata a professora Rachele.<\/p>\n<p style=\"text-align: left;\">De acordo com Iasmim Mattiuzzi Cust\u00f3dio, aluna do 7\u00b0Ano, turma B, o \u201cCEA Liter\u00e1rio\u201d foi uma experi\u00eancia inesquec\u00edvel, propondo momentos de divers\u00e3o e conhecimento.<\/p>\n<p style=\"text-align: left;\"><em>\u201cPrimeiro lemos o livro escolhido pelo grupo, o que proporcionou bastante aprendizagem, j\u00e1 no dia da apresenta\u00e7\u00e3o assistimos trabalhos maravilhosos e apresentamos o nosso, deu para perceber o esfor\u00e7o e a dedica\u00e7\u00e3o de cada um. Enfim, foram dias de alegrias, assim como diz S\u00f3crates: A alegria da alma constitui os belos dias da vida, seja qual for\u201d, <\/em>afirmou a estudante do Ensino Fundamental.<\/p>\n<div id='gallery-2' class='gallery galleryid-25477 gallery-columns-3 gallery-size-medium'><figure class='gallery-item'>\n\t\t\t<div class='gallery-icon landscape'>\n\t\t\t\t<a href='https:\/\/cearacruz.com.br\/portal\/estudantes-do-ensino-fundamental-embarcam-no-mundo-da-leitura-com-o-cea-literario\/not_17_06_2021_05-3\/'><img loading=\"lazy\" decoding=\"async\" width=\"300\" height=\"225\" src=\"https:\/\/cearacruz.com.br\/portal\/wp-content\/uploads\/2025\/08\/not_17_06_2021_05-3-300x225.jpg\" class=\"attachment-medium size-medium\" alt=\"\" srcset=\"https:\/\/cearacruz.com.br\/portal\/wp-content\/uploads\/2025\/08\/not_17_06_2021_05-3-300x225.jpg 300w, https:\/\/cearacruz.com.br\/portal\/wp-content\/uploads\/2025\/08\/not_17_06_2021_05-3-24x18.jpg 24w, https:\/\/cearacruz.com.br\/portal\/wp-content\/uploads\/2025\/08\/not_17_06_2021_05-3-36x27.jpg 36w, https:\/\/cearacruz.com.br\/portal\/wp-content\/uploads\/2025\/08\/not_17_06_2021_05-3-48x36.jpg 48w, https:\/\/cearacruz.com.br\/portal\/wp-content\/uploads\/2025\/08\/not_17_06_2021_05-3.jpg 600w\" sizes=\"(max-width: 300px) 100vw, 300px\" \/><\/a>\n\t\t\t<\/div><\/figure><figure class='gallery-item'>\n\t\t\t<div class='gallery-icon landscape'>\n\t\t\t\t<a href='https:\/\/cearacruz.com.br\/portal\/estudantes-do-ensino-fundamental-embarcam-no-mundo-da-leitura-com-o-cea-literario\/not_17_06_2021_06-3\/'><img loading=\"lazy\" decoding=\"async\" width=\"300\" height=\"225\" src=\"https:\/\/cearacruz.com.br\/portal\/wp-content\/uploads\/2025\/08\/not_17_06_2021_06-3-300x225.jpg\" class=\"attachment-medium size-medium\" alt=\"\" srcset=\"https:\/\/cearacruz.com.br\/portal\/wp-content\/uploads\/2025\/08\/not_17_06_2021_06-3-300x225.jpg 300w, https:\/\/cearacruz.com.br\/portal\/wp-content\/uploads\/2025\/08\/not_17_06_2021_06-3-24x18.jpg 24w, https:\/\/cearacruz.com.br\/portal\/wp-content\/uploads\/2025\/08\/not_17_06_2021_06-3-36x27.jpg 36w, https:\/\/cearacruz.com.br\/portal\/wp-content\/uploads\/2025\/08\/not_17_06_2021_06-3-48x36.jpg 48w, https:\/\/cearacruz.com.br\/portal\/wp-content\/uploads\/2025\/08\/not_17_06_2021_06-3.jpg 600w\" sizes=\"(max-width: 300px) 100vw, 300px\" \/><\/a>\n\t\t\t<\/div><\/figure><figure class='gallery-item'>\n\t\t\t<div class='gallery-icon landscape'>\n\t\t\t\t<a href='https:\/\/cearacruz.com.br\/portal\/estudantes-do-ensino-fundamental-embarcam-no-mundo-da-leitura-com-o-cea-literario\/not_17_06_2021_07-3\/'><img loading=\"lazy\" decoding=\"async\" width=\"300\" height=\"225\" src=\"https:\/\/cearacruz.com.br\/portal\/wp-content\/uploads\/2025\/08\/not_17_06_2021_07-3-300x225.jpg\" class=\"attachment-medium size-medium\" alt=\"\" srcset=\"https:\/\/cearacruz.com.br\/portal\/wp-content\/uploads\/2025\/08\/not_17_06_2021_07-3-300x225.jpg 300w, https:\/\/cearacruz.com.br\/portal\/wp-content\/uploads\/2025\/08\/not_17_06_2021_07-3-24x18.jpg 24w, https:\/\/cearacruz.com.br\/portal\/wp-content\/uploads\/2025\/08\/not_17_06_2021_07-3-36x27.jpg 36w, https:\/\/cearacruz.com.br\/portal\/wp-content\/uploads\/2025\/08\/not_17_06_2021_07-3-48x36.jpg 48w, https:\/\/cearacruz.com.br\/portal\/wp-content\/uploads\/2025\/08\/not_17_06_2021_07-3.jpg 600w\" sizes=\"(max-width: 300px) 100vw, 300px\" \/><\/a>\n\t\t\t<\/div><\/figure>\n\t\t<\/div>\n\n<p style=\"text-align: left;\">Para Alany Barbosa Sfalsin, do 8\u00b0 Ano, turma B, do Ensino Fundamental, o \u201cCEA Liter\u00e1rio\u201d proporcionou momentos de grandes aprendizagens.<\/p>\n<p style=\"text-align: left;\"><em>\u201cFoi um momento de coopera\u00e7\u00e3o e colabora\u00e7\u00e3o um para com o outro (alunos online e presencial).\u00a0 A parceria foi fundamental para o sucesso das apresenta\u00e7\u00f5es que foram realizadas. Ter participado do \u2018CEA Liter\u00e1rio\u2019, trouxe momentos significativos e de grande aprendizado. Tivemos uma intera\u00e7\u00e3o participativa de todos, no que resultou em uma \u00f3tima culmin\u00e2ncia\u201d,<\/em> ressaltou Sfalsin.<\/p>\n<p style=\"text-align: left;\"><strong>INFORMA\u00c7\u00d5ES \u00c0 IMPRENSA:<\/strong><strong><br \/>\nSetor de Comunica\u00e7\u00e3o e Marketing \u2013 Alessandro Bitti<br \/>\n<\/strong>Tel.: (27) 3302-8000 \u2013 E-mail: comunicacao@fsjb.edu.br \/ alessandro@fsjb.edu.br<\/p>\n","protected":false},"excerpt":{"rendered":"<p>Os alunos dos 7\u00b0 e 8\u00b0 Anos, do Ensino Fundamental, do Centro Educacional de Aracruz (CEA) embarcaram no maravilhoso mundo da leitura&#8230;<\/p>\n","protected":false},"author":1,"featured_media":25487,"comment_status":"open","ping_status":"open","sticky":false,"template":"","format":"standard","meta":{"om_disable_all_campaigns":false,"_uf_show_specific_survey":0,"_uf_disable_surveys":false,"footnotes":""},"categories":[30],"tags":[],"class_list":["post-25477","post","type-post","status-publish","format-standard","has-post-thumbnail","hentry","category-cea-literario"],"aioseo_notices":[],"_links":{"self":[{"href":"https:\/\/cearacruz.com.br\/portal\/wp-json\/wp\/v2\/posts\/25477","targetHints":{"allow":["GET"]}}],"collection":[{"href":"https:\/\/cearacruz.com.br\/portal\/wp-json\/wp\/v2\/posts"}],"about":[{"href":"https:\/\/cearacruz.com.br\/portal\/wp-json\/wp\/v2\/types\/post"}],"author":[{"embeddable":true,"href":"https:\/\/cearacruz.com.br\/portal\/wp-json\/wp\/v2\/users\/1"}],"replies":[{"embeddable":true,"href":"https:\/\/cearacruz.com.br\/portal\/wp-json\/wp\/v2\/comments?post=25477"}],"version-history":[{"count":2,"href":"https:\/\/cearacruz.com.br\/portal\/wp-json\/wp\/v2\/posts\/25477\/revisions"}],"predecessor-version":[{"id":25486,"href":"https:\/\/cearacruz.com.br\/portal\/wp-json\/wp\/v2\/posts\/25477\/revisions\/25486"}],"wp:featuredmedia":[{"embeddable":true,"href":"https:\/\/cearacruz.com.br\/portal\/wp-json\/wp\/v2\/media\/25487"}],"wp:attachment":[{"href":"https:\/\/cearacruz.com.br\/portal\/wp-json\/wp\/v2\/media?parent=25477"}],"wp:term":[{"taxonomy":"category","embeddable":true,"href":"https:\/\/cearacruz.com.br\/portal\/wp-json\/wp\/v2\/categories?post=25477"},{"taxonomy":"post_tag","embeddable":true,"href":"https:\/\/cearacruz.com.br\/portal\/wp-json\/wp\/v2\/tags?post=25477"}],"curies":[{"name":"wp","href":"https:\/\/api.w.org\/{rel}","templated":true}]}}