{"id":25284,"date":"2021-02-11T17:00:59","date_gmt":"2021-02-11T17:00:59","guid":{"rendered":"https:\/\/cearacruz.com.br\/portal\/cea-realiza-reuniao-de-pais-de-forma-online\/"},"modified":"2025-08-18T19:52:46","modified_gmt":"2025-08-18T19:52:46","slug":"cea-realiza-reuniao-de-pais-de-forma-online","status":"publish","type":"post","link":"https:\/\/cearacruz.com.br\/portal\/cea-realiza-reuniao-de-pais-de-forma-online\/","title":{"rendered":"CEA realiza reuni\u00e3o de pais de forma online"},"content":{"rendered":"<p><img fetchpriority=\"high\" decoding=\"async\" class=\"aligncenter wp-image-1427 size-full\" src=\"https:\/\/cearacruz.com.br\/portal\/wp-content\/uploads\/2025\/08\/foto_11_02_2021_01-5.jpg\" alt=\"\" width=\"600\" height=\"450\" \/><\/p>\n<p style=\"text-align: left;\">Nos dias, 08, 09 e 10 de fevereiro o Centro Educacional de Aracruz (CEA) realizou reuni\u00f5es com os pais dos alunos do Ensino Fundamental e M\u00e9dio. O bate-papo aconteceu de forma online, por meio da Plataforma Meet do Google. As reuni\u00f5es foram presididas pela diretora escolar do CEA, prof.\u00aa Dr.\u00aa Adriana Recla Sarcinelli, acompanhada das supervisoras escolar, Eleide B. C. Maulaz e Rafaela Grazziotti, explicando as quest\u00f5es pedag\u00f3gicas da escola.<\/p>\n<p style=\"text-align: left;\">Tamb\u00e9m participaram dos encontros os professores do Ensino Fundamental e M\u00e9dio. Durante a reuni\u00e3o, os pais ficaram conhecendo os protocolos de biosseguran\u00e7a adotados pela escola, os hor\u00e1rios e os procedimentos realizados para as aulas presenciais e remotas, a metodologia de ensino da escola, sistema de avalia\u00e7\u00e3o, plataforma de ensino digitais, dentre outros assuntos.<\/p>\n<p style=\"text-align: left;\">Na ocasi\u00e3o, a diretora explicou aos pais o processo de ensino-aprendizado realizado pelo CEA a partir da pandemia. <em>\u201cO ensino remoto \u00e9 eficaz quando o aluno mantem-se dedicado, presente e interage com os professores. A presen\u00e7a do estudante se dar\u00e1 atrav\u00e9s da intera\u00e7\u00e3o com o professor, c\u00e2mera ativa, microfone ativo, respondendo aos questionamentos e perguntas do docente\u201d, <\/em>pontuou.<\/p>\n<p style=\"text-align: left;\"><strong>INFORMA\u00c7\u00d5ES \u00c0 IMPRENSA:<br \/>\n<\/strong><strong>Setor de Comunica\u00e7\u00e3o e Marketing \u2013 Alessandro Bitti<br \/>\n<\/strong>Tel.: (27) 3302-8000 \u2013 E-mail: comunicacao@fsjb.edu.br \/ alessandro@fsjb.edu.br<\/p>\n","protected":false},"excerpt":{"rendered":"<p>Nos dias, 08, 09 e 10 de fevereiro o Centro Educacional de Aracruz (CEA) realizou reuni\u00f5es com os pais dos alunos do Ensino&#8230;<\/p>\n","protected":false},"author":1,"featured_media":25287,"comment_status":"open","ping_status":"open","sticky":false,"template":"","format":"standard","meta":{"om_disable_all_campaigns":false,"_uf_show_specific_survey":0,"_uf_disable_surveys":false,"footnotes":""},"categories":[7],"tags":[],"class_list":["post-25284","post","type-post","status-publish","format-standard","has-post-thumbnail","hentry","category-cea"],"aioseo_notices":[],"_links":{"self":[{"href":"https:\/\/cearacruz.com.br\/portal\/wp-json\/wp\/v2\/posts\/25284","targetHints":{"allow":["GET"]}}],"collection":[{"href":"https:\/\/cearacruz.com.br\/portal\/wp-json\/wp\/v2\/posts"}],"about":[{"href":"https:\/\/cearacruz.com.br\/portal\/wp-json\/wp\/v2\/types\/post"}],"author":[{"embeddable":true,"href":"https:\/\/cearacruz.com.br\/portal\/wp-json\/wp\/v2\/users\/1"}],"replies":[{"embeddable":true,"href":"https:\/\/cearacruz.com.br\/portal\/wp-json\/wp\/v2\/comments?post=25284"}],"version-history":[{"count":1,"href":"https:\/\/cearacruz.com.br\/portal\/wp-json\/wp\/v2\/posts\/25284\/revisions"}],"predecessor-version":[{"id":25286,"href":"https:\/\/cearacruz.com.br\/portal\/wp-json\/wp\/v2\/posts\/25284\/revisions\/25286"}],"wp:featuredmedia":[{"embeddable":true,"href":"https:\/\/cearacruz.com.br\/portal\/wp-json\/wp\/v2\/media\/25287"}],"wp:attachment":[{"href":"https:\/\/cearacruz.com.br\/portal\/wp-json\/wp\/v2\/media?parent=25284"}],"wp:term":[{"taxonomy":"category","embeddable":true,"href":"https:\/\/cearacruz.com.br\/portal\/wp-json\/wp\/v2\/categories?post=25284"},{"taxonomy":"post_tag","embeddable":true,"href":"https:\/\/cearacruz.com.br\/portal\/wp-json\/wp\/v2\/tags?post=25284"}],"curies":[{"name":"wp","href":"https:\/\/api.w.org\/{rel}","templated":true}]}}