{"id":25279,"date":"2021-02-08T17:56:39","date_gmt":"2021-02-08T17:56:39","guid":{"rendered":"https:\/\/cearacruz.com.br\/portal\/cea-lanca-novo-site-interativo-e-facil-de-navegar\/"},"modified":"2025-08-18T19:52:46","modified_gmt":"2025-08-18T19:52:46","slug":"cea-lanca-novo-site-interativo-e-facil-de-navegar","status":"publish","type":"post","link":"https:\/\/cearacruz.com.br\/portal\/cea-lanca-novo-site-interativo-e-facil-de-navegar\/","title":{"rendered":"CEA lan\u00e7a novo site, mais interativo e f\u00e1cil de navegar"},"content":{"rendered":"<p><img fetchpriority=\"high\" decoding=\"async\" class=\"aligncenter wp-image-1397 size-full\" src=\"https:\/\/cearacruz.com.br\/portal\/wp-content\/uploads\/2025\/08\/not_08_02_2021_02-5.jpg\" alt=\"\" width=\"600\" height=\"450\" \/><\/p>\n<p style=\"text-align: left;\">O Centro Educacional de Aracruz (CEA) lan\u00e7ou na \u00faltima sexta-feira, 05 de fevereiro, um novo portal com o objetivo de modernizar e tornar mais f\u00e1cil a navega\u00e7\u00e3o dos internautas, alunos, professores e funcion\u00e1rios administrativos e pedag\u00f3gicos. O novo site foi todo projetado e idealizado pelo Setor de Comunica\u00e7\u00e3o da institui\u00e7\u00e3o.<\/p>\n<p style=\"text-align: left;\">A nova plataforma oferece aos alunos, professores, colaboradores e usu\u00e1rios um ambiente virtual moderno e organizado. Foi pensando nisso que\u00a0o CEA desenvolveu seu novo site, que se adapta aos mais diferentes tipos de tela em que \u00e9 acessado, funcionando da melhor forma nos navegadores de computadores e notebooks e em dispositivos m\u00f3veis como celulares e tabletes.<\/p>\n<p style=\"text-align: left;\">Outra novidade \u00e9 que a plataforma conta\u00a0com p\u00e1ginas espec\u00edficas com informa\u00e7\u00f5es sobre a Educa\u00e7\u00e3o B\u00e1sica, desde o Ensino Fundamental, M\u00e9dio ao Profissionalizante. Nessas se\u00e7\u00f5es, os usu\u00e1rios encontram\u00a0informa\u00e7\u00f5es sobre a hist\u00f3ria da institui\u00e7\u00e3o de ensino, al\u00e9m de todas as atividades realizadas pelos educandos, seja no ambiente digital ou f\u00edsico, os principais diferenciais da escola, etc.<\/p>\n<p style=\"text-align: left;\">A diretora escolar do CEA, prof.\u00aa Dr.\u00aa Adriana Recla Sarcinelli, acredita que a mudan\u00e7a visual do site aumentar\u00e1 o \u00edndice de leitores, pois o conte\u00fado de not\u00edcias vem com um novo formato. <em>\u201cEntendo que o novo site \u00e9 uma plataforma mais adequada de desenvolvermos formas atuais de comunica\u00e7\u00e3o. Nosso objetivo \u00e9 envolver ainda mais os alunos e professores. A integra\u00e7\u00e3o de outras m\u00eddias tamb\u00e9m \u00e9 destaque na nova vers\u00e3o. Quem acessar poder\u00e1 interagir ainda mais pelo Facebook, e Instagram da escola\u201d.<\/em><em>\u00a0<\/em><\/p>\n<p style=\"text-align: left;\"><strong>INFORMA\u00c7\u00d5ES \u00c0 IMPRENSA:<br \/>\n<\/strong><strong>Setor de Comunica\u00e7\u00e3o e Marketing \u2013 Alessandro Bitti<br \/>\n<\/strong>Tel.: (27) 3302-8000 \u2013 E-mail: comunicacao@fsjb.edu.br \/ alessandro@fsjb.edu.br<\/p>\n","protected":false},"excerpt":{"rendered":"<p>O Centro Educacional de Aracruz (CEA) lan\u00e7ou na \u00faltima sexta-feira, 05 de fevereiro, um novo portal com o objetivo de modernizar&#8230;<\/p>\n","protected":false},"author":1,"featured_media":25282,"comment_status":"open","ping_status":"open","sticky":false,"template":"","format":"standard","meta":{"om_disable_all_campaigns":false,"_uf_show_specific_survey":0,"_uf_disable_surveys":false,"footnotes":""},"categories":[7],"tags":[],"class_list":["post-25279","post","type-post","status-publish","format-standard","has-post-thumbnail","hentry","category-cea"],"aioseo_notices":[],"_links":{"self":[{"href":"https:\/\/cearacruz.com.br\/portal\/wp-json\/wp\/v2\/posts\/25279","targetHints":{"allow":["GET"]}}],"collection":[{"href":"https:\/\/cearacruz.com.br\/portal\/wp-json\/wp\/v2\/posts"}],"about":[{"href":"https:\/\/cearacruz.com.br\/portal\/wp-json\/wp\/v2\/types\/post"}],"author":[{"embeddable":true,"href":"https:\/\/cearacruz.com.br\/portal\/wp-json\/wp\/v2\/users\/1"}],"replies":[{"embeddable":true,"href":"https:\/\/cearacruz.com.br\/portal\/wp-json\/wp\/v2\/comments?post=25279"}],"version-history":[{"count":1,"href":"https:\/\/cearacruz.com.br\/portal\/wp-json\/wp\/v2\/posts\/25279\/revisions"}],"predecessor-version":[{"id":25281,"href":"https:\/\/cearacruz.com.br\/portal\/wp-json\/wp\/v2\/posts\/25279\/revisions\/25281"}],"wp:featuredmedia":[{"embeddable":true,"href":"https:\/\/cearacruz.com.br\/portal\/wp-json\/wp\/v2\/media\/25282"}],"wp:attachment":[{"href":"https:\/\/cearacruz.com.br\/portal\/wp-json\/wp\/v2\/media?parent=25279"}],"wp:term":[{"taxonomy":"category","embeddable":true,"href":"https:\/\/cearacruz.com.br\/portal\/wp-json\/wp\/v2\/categories?post=25279"},{"taxonomy":"post_tag","embeddable":true,"href":"https:\/\/cearacruz.com.br\/portal\/wp-json\/wp\/v2\/tags?post=25279"}],"curies":[{"name":"wp","href":"https:\/\/api.w.org\/{rel}","templated":true}]}}