{"id":25274,"date":"2021-02-08T17:52:18","date_gmt":"2021-02-08T17:52:18","guid":{"rendered":"https:\/\/cearacruz.com.br\/portal\/2021-volta-as-aulas-no-cea-segue-protocolo-de-biosseguranca\/"},"modified":"2025-08-18T19:52:45","modified_gmt":"2025-08-18T19:52:45","slug":"2021-volta-as-aulas-no-cea-segue-protocolo-de-biosseguranca","status":"publish","type":"post","link":"https:\/\/cearacruz.com.br\/portal\/2021-volta-as-aulas-no-cea-segue-protocolo-de-biosseguranca\/","title":{"rendered":"2021: Volta \u00e0s aulas no CEA segue Protocolo de Biosseguran\u00e7a"},"content":{"rendered":"<figure id=\"attachment_1392\" aria-describedby=\"caption-attachment-1392\" style=\"width: 600px\" class=\"wp-caption aligncenter\"><img fetchpriority=\"high\" decoding=\"async\" class=\"wp-image-1392 size-full\" src=\"https:\/\/cearacruz.com.br\/portal\/wp-content\/uploads\/2025\/08\/not_08_02_2021_01-5.jpg\" alt=\"\" width=\"600\" height=\"450\" \/><figcaption id=\"caption-attachment-1392\" class=\"wp-caption-text\">Foto: Ariel Cerri<\/figcaption><\/figure>\n<p style=\"text-align: left;\">As aulas presenciais do Centro Educacional de Aracruz (CEA) para os alunos do Ensino Fundamental e M\u00e9dio come\u00e7aram no \u00faltimo dia 02. Para recepcionar os estudantes no novo ano letivo a escola se preparou seguindo o Protocolo de Biosseguran\u00e7a, criado pelo Comit\u00ea Local de Preven\u00e7\u00e3o (CLP), para combater a pandemia da Covid-19 nas depend\u00eancias da institui\u00e7\u00e3o de ensino.<\/p>\n<p style=\"text-align: left;\">O CEA fez v\u00e1rias adapta\u00e7\u00f5es em suas depend\u00eancias, para as aulas presenciais, seguindo o protocolo de seguran\u00e7a, administrativo e sanit\u00e1rio. Espa\u00e7os foram redesenhados, com maior distanciamento entre as carteiras e dispensadores em gel foram instalados pela infraestrutura, al\u00e9m de cartazes e placas com orienta\u00e7\u00f5es sanit\u00e1rias.<\/p>\n<p style=\"text-align: left;\">A equipe de limpeza foi refor\u00e7ada, garantindo a higieniza\u00e7\u00e3o de ambientes comuns e o uso de m\u00e1scaras est\u00e1 sendo obrigat\u00f3rio para professores, estudantes e funcion\u00e1rios da institui\u00e7\u00e3o de ensino. A entrada dos estudantes est\u00e1 sendo feito de forma escalonada desde o primeiro dia de aula, assim como o hor\u00e1rio para intervalo e o de sa\u00edda da escola para casa.<\/p>\n<p style=\"text-align: left;\">S\u00f3 podem comparecer a escola para as aulas presenciais os estudantes do CEA que apresentaram termo assinado pelos pais ou respons\u00e1vel legal, autorizando a sua presen\u00e7a nas depend\u00eancias da institui\u00e7\u00e3o de ensino e desde que os alunos sigam todas as orienta\u00e7\u00f5es contidas nos cartazes e nas cartilhas sobre a preven\u00e7\u00e3o a Covid-19.<\/p>\n<p style=\"text-align: left;\">Para possibilitar o retorno dos alunos de forma presencial foram feitos tamb\u00e9m investimentos em ferramentas de Tecnologia de Informa\u00e7\u00e3o e Comunica\u00e7\u00e3o (TICs), como a readequa\u00e7\u00e3o das salas de aula para salas com sistema multim\u00eddia, com instala\u00e7\u00e3o de c\u00e2mera de amplo espectro o que ir\u00e1 possibilitar maior nitidez na escrita do professor no quadro durante as videoaulas, transmitidas simultaneamente para quem est\u00e1 em casa, por necessidade ou op\u00e7\u00e3o; redu\u00e7\u00e3o de problemas com a internet e melhora na qualidade do sinal de Wi-Fi, dentre outros.<\/p>\n<p style=\"text-align: left;\"><strong>INFORMA\u00c7\u00d5ES \u00c0 IMPRENSA:<br \/>\n<\/strong><strong>Setor de Comunica\u00e7\u00e3o e Marketing \u2013 Alessandro Bitti<br \/>\n<\/strong>Tel.: (27) 3302-8000 \u2013 E-mail: comunicacao@fsjb.edu.br \/ alessandro@fsjb.edu.br<\/p>\n","protected":false},"excerpt":{"rendered":"<p>As aulas presenciais do Centro Educacional de Aracruz (CEA) para os alunos do Ensino Fundamental e&#8230;<\/p>\n","protected":false},"author":1,"featured_media":25277,"comment_status":"open","ping_status":"open","sticky":false,"template":"","format":"standard","meta":{"om_disable_all_campaigns":false,"_uf_show_specific_survey":0,"_uf_disable_surveys":false,"footnotes":""},"categories":[7],"tags":[],"class_list":["post-25274","post","type-post","status-publish","format-standard","has-post-thumbnail","hentry","category-cea"],"aioseo_notices":[],"_links":{"self":[{"href":"https:\/\/cearacruz.com.br\/portal\/wp-json\/wp\/v2\/posts\/25274","targetHints":{"allow":["GET"]}}],"collection":[{"href":"https:\/\/cearacruz.com.br\/portal\/wp-json\/wp\/v2\/posts"}],"about":[{"href":"https:\/\/cearacruz.com.br\/portal\/wp-json\/wp\/v2\/types\/post"}],"author":[{"embeddable":true,"href":"https:\/\/cearacruz.com.br\/portal\/wp-json\/wp\/v2\/users\/1"}],"replies":[{"embeddable":true,"href":"https:\/\/cearacruz.com.br\/portal\/wp-json\/wp\/v2\/comments?post=25274"}],"version-history":[{"count":1,"href":"https:\/\/cearacruz.com.br\/portal\/wp-json\/wp\/v2\/posts\/25274\/revisions"}],"predecessor-version":[{"id":25276,"href":"https:\/\/cearacruz.com.br\/portal\/wp-json\/wp\/v2\/posts\/25274\/revisions\/25276"}],"wp:featuredmedia":[{"embeddable":true,"href":"https:\/\/cearacruz.com.br\/portal\/wp-json\/wp\/v2\/media\/25277"}],"wp:attachment":[{"href":"https:\/\/cearacruz.com.br\/portal\/wp-json\/wp\/v2\/media?parent=25274"}],"wp:term":[{"taxonomy":"category","embeddable":true,"href":"https:\/\/cearacruz.com.br\/portal\/wp-json\/wp\/v2\/categories?post=25274"},{"taxonomy":"post_tag","embeddable":true,"href":"https:\/\/cearacruz.com.br\/portal\/wp-json\/wp\/v2\/tags?post=25274"}],"curies":[{"name":"wp","href":"https:\/\/api.w.org\/{rel}","templated":true}]}}