{"id":25268,"date":"2021-02-01T16:52:04","date_gmt":"2021-02-01T16:52:04","guid":{"rendered":"https:\/\/cearacruz.com.br\/portal\/professores-do-cea-participam-de-capacitacao-docente-para-inicio-do-ano-letivo-de-2021\/"},"modified":"2025-08-18T19:52:45","modified_gmt":"2025-08-18T19:52:45","slug":"professores-do-cea-participam-de-capacitacao-docente-para-inicio-do-ano-letivo-de-2021","status":"publish","type":"post","link":"https:\/\/cearacruz.com.br\/portal\/professores-do-cea-participam-de-capacitacao-docente-para-inicio-do-ano-letivo-de-2021\/","title":{"rendered":"Professores do CEA participam de capacita\u00e7\u00e3o docente para in\u00edcio do ano letivo de 2021"},"content":{"rendered":"<figure id=\"attachment_1256\" aria-describedby=\"caption-attachment-1256\" style=\"width: 600px\" class=\"wp-caption aligncenter\"><img fetchpriority=\"high\" decoding=\"async\" class=\"wp-image-1256 size-full\" src=\"https:\/\/cearacruz.com.br\/portal\/wp-content\/uploads\/2025\/08\/foto_01-5.jpg\" alt=\"\" width=\"600\" height=\"450\" \/><figcaption id=\"caption-attachment-1256\" class=\"wp-caption-text\">Fotos: Ariel Cerri<\/figcaption><\/figure>\n<p style=\"text-align: left;\">Do dia 27 de janeiro a 1\u00ba de fevereiro de 2021, professores e funcion\u00e1rios da equipe pedag\u00f3gica e administrativa do Centro Educacional de Aracruz (CEA) participaram de mais uma capacita\u00e7\u00e3o promovida pela escola. O tema central da capacita\u00e7\u00e3o foi \u201cCultivar para florescer: quem cultiva educa\u00e7\u00e3o colhe sabedoria\u201d. O treinamento aconteceu no audit\u00f3rio da escola, seguindo as normas de biosseguran\u00e7a para a pandemia de Covid-19.<\/p>\n<p style=\"text-align: left;\">A diretora escolar do CEA, prof.\u00aa Dr.\u00aa Adriana Recla Sarcinelli, foi respons\u00e1vel pela palestra de abertura, abordando os temas \u201cO CEA e a escrita na Era Digital\u201d e \u201cEduca\u00e7\u00e3o de excel\u00eancia: meta e conduta \u00e9tica\u201d. Em sua fala de boas-vindas a diretora afirmou que a educa\u00e7\u00e3o a partir de agora ser\u00e1 h\u00edbrida (nem totalmente digital, nem totalmente presencial), pois as ferramentas implantadas devido a Covid-19 ir\u00e3o continuar contribuindo para o processo de aquisi\u00e7\u00e3o do conhecimento do educando.<\/p>\n<p style=\"text-align: left;\">Durante a capacita\u00e7\u00e3o, os professores e demais funcion\u00e1rios foram orientados quanto aos protocolos de sa\u00fade e seguran\u00e7a que ser\u00e3o adotados pelo CEA para o in\u00edcio do ano letivo de 2021, como ser\u00e1 o calend\u00e1rio de aulas, a recep\u00e7\u00e3o dos estudantes do Ensino Fundamental e M\u00e9dio nesta ter\u00e7a-feira, dia 02 de fevereiro. Na ocasi\u00e3o, tamb\u00e9m foram apresentados os novos professores contratados pela escola, o hor\u00e1rio das aulas e o cronograma de estudo semanal que ser\u00e1 seguido pelos alunos e professores do Ensino Fundamental e M\u00e9dio.<\/p>\n<p><img decoding=\"async\" class=\"aligncenter wp-image-1257 size-full\" src=\"https:\/\/cearacruz.com.br\/portal\/wp-content\/uploads\/2025\/08\/foto_02-3.jpg\" alt=\"\" width=\"600\" height=\"450\" \/><\/p>\n<p style=\"text-align: left;\">Os docentes tamb\u00e9m participaram de um Workshop de Tecnologia e Inova\u00e7\u00e3o promovida pela Tecnolokid (Escola de Tecnologia e Inova\u00e7\u00e3o) de Aracruz. O evento foi conduzido pela diretora da Tecnolokid, Cynthia de Barros Lima Scarpati e pelo cofundador e diretor de Tecnologia e Opera\u00e7\u00f5es, A\u00e9cio Jo\u00e3o Scarpati.<\/p>\n<p style=\"text-align: left;\">Em 2021, foi firmada uma parceria entre a Tecnolokid e o CEA, que consiste na inclus\u00e3o do Programa de Tecnologia e Inova\u00e7\u00e3o da Tecnolokid, por meio de uma aula semanal dentro da grade curricular dos alunos do 1\u00ba ao 8\u00ba Ano do Ensino Fundamental do CEA, que tem foco no ensino das crian\u00e7as, por meio de um sistema online e com metodologia exclusiva. J\u00e1 para os estudantes do 9\u00ba Ano do Ensino Fundamental a 3\u00aa S\u00e9rie do Ensino M\u00e9dio o CEA disponibilizou uma nova disciplina na grade curricular \u201cProcessos Criativos: Tecnologia e Inova\u00e7\u00e3o\u201d.<\/p>\n<h3 style=\"text-align: left;\"><strong>Reuni\u00e3o de Pais online<\/strong><strong>\u00a0<\/strong><\/h3>\n<p style=\"text-align: left;\">No dia 25 de janeiro, a diretora escolar do CEA, prof.\u00aa Dr.\u00aa Adriana Recla Sarcinelli e as supervisoras escolar, Eleide B. C. Maulaz e Rafaela Grazziotti, realizaram uma reuni\u00e3o online com os pais dos novos alunos do Ensino Fundamental e M\u00e9dio. Durante a reuni\u00e3o, os pais ficaram conhecendo os protocolos de biosseguran\u00e7a adotados pela escola, os hor\u00e1rios e os procedimentos realizados para as aulas presenciais e remotas, a metodologia de ensino da escola, dentre outros assuntos.<\/p>\n<p style=\"text-align: left;\"><strong>INFORMA\u00c7\u00d5ES \u00c0 IMPRENSA:<br \/>\n<\/strong><strong>Setor de Comunica\u00e7\u00e3o e Marketing \u2013 Alessandro Bitti<br \/>\n<\/strong>Tel.: (27) 3302-8000 \u2013 E-mail: comunicacao@fsjb.edu.br \/ alessandro@fsjb.edu.br<\/p>\n","protected":false},"excerpt":{"rendered":"<p>Do dia 27 de janeiro a 1\u00ba de fevereiro de 2021, professores e funcion\u00e1rios da equipe pedag\u00f3gica e administrativa do Centro&#8230;<\/p>\n","protected":false},"author":1,"featured_media":25272,"comment_status":"open","ping_status":"open","sticky":false,"template":"","format":"standard","meta":{"om_disable_all_campaigns":false,"_uf_show_specific_survey":0,"_uf_disable_surveys":false,"footnotes":""},"categories":[7],"tags":[],"class_list":["post-25268","post","type-post","status-publish","format-standard","has-post-thumbnail","hentry","category-cea"],"aioseo_notices":[],"_links":{"self":[{"href":"https:\/\/cearacruz.com.br\/portal\/wp-json\/wp\/v2\/posts\/25268","targetHints":{"allow":["GET"]}}],"collection":[{"href":"https:\/\/cearacruz.com.br\/portal\/wp-json\/wp\/v2\/posts"}],"about":[{"href":"https:\/\/cearacruz.com.br\/portal\/wp-json\/wp\/v2\/types\/post"}],"author":[{"embeddable":true,"href":"https:\/\/cearacruz.com.br\/portal\/wp-json\/wp\/v2\/users\/1"}],"replies":[{"embeddable":true,"href":"https:\/\/cearacruz.com.br\/portal\/wp-json\/wp\/v2\/comments?post=25268"}],"version-history":[{"count":1,"href":"https:\/\/cearacruz.com.br\/portal\/wp-json\/wp\/v2\/posts\/25268\/revisions"}],"predecessor-version":[{"id":25271,"href":"https:\/\/cearacruz.com.br\/portal\/wp-json\/wp\/v2\/posts\/25268\/revisions\/25271"}],"wp:featuredmedia":[{"embeddable":true,"href":"https:\/\/cearacruz.com.br\/portal\/wp-json\/wp\/v2\/media\/25272"}],"wp:attachment":[{"href":"https:\/\/cearacruz.com.br\/portal\/wp-json\/wp\/v2\/media?parent=25268"}],"wp:term":[{"taxonomy":"category","embeddable":true,"href":"https:\/\/cearacruz.com.br\/portal\/wp-json\/wp\/v2\/categories?post=25268"},{"taxonomy":"post_tag","embeddable":true,"href":"https:\/\/cearacruz.com.br\/portal\/wp-json\/wp\/v2\/tags?post=25268"}],"curies":[{"name":"wp","href":"https:\/\/api.w.org\/{rel}","templated":true}]}}