{"id":25218,"date":"2020-03-16T14:54:13","date_gmt":"2020-03-16T14:54:13","guid":{"rendered":"https:\/\/cearacruz.com.br\/portal\/trabalho-nota-10-foi-tema-de-palestra-para-alunos-do-ensino-fundamental\/"},"modified":"2025-08-18T19:52:40","modified_gmt":"2025-08-18T19:52:40","slug":"trabalho-nota-10-foi-tema-de-palestra-para-alunos-do-ensino-fundamental","status":"publish","type":"post","link":"https:\/\/cearacruz.com.br\/portal\/trabalho-nota-10-foi-tema-de-palestra-para-alunos-do-ensino-fundamental\/","title":{"rendered":"&#8220;Trabalho Nota 10&#8221; foi tema de palestra para alunos do Ensino Fundamental"},"content":{"rendered":"<p>O Centro Educacional de Aracruz (CEA) realizou, no \u00faltimo dia 12, uma palestra com o tema \u201cTrabalho Nota 10\u201d para os alunos do 9\u00ba Ano do Ensino Fundamental, turmas A e B, sobre as normas da ABNT (Associa\u00e7\u00e3o Brasileira de Normas T\u00e9cnicas) e orienta\u00e7\u00f5es para realiza\u00e7\u00e3o de um trabalho escolar de qualidade.<\/p>\n<p><img fetchpriority=\"high\" decoding=\"async\" class=\"alignnone size-full wp-image-1203\" src=\"https:\/\/cearacruz.com.br\/portal\/wp-content\/uploads\/2025\/08\/not_16_03_2020-5.jpg\" alt=\"\" width=\"600\" height=\"450\" \/><\/p>\n<p>A palestra foi conduzida pela diretora da Tecnolokids (Escola de Tecnologia e Inova\u00e7\u00e3o) de Aracruz, Cynthia de Barros Lima Scarpati, que possui mestrado em Engenharia de Desenvolvimento Sustent\u00e1vel pela Ufes, especializa\u00e7\u00e3o em Engenharia de Produ\u00e7\u00e3o pela Uninter e gradua\u00e7\u00e3o em Engenharia Mec\u00e2nica pela FAACZ.<\/p>\n<p>O evento aconteceu no audit\u00f3rio da escola e faz parte das atividades da disciplina de L\u00edngua Portuguesa, ministrada pela professora Nuciala Mognato Tureta, e tem como objetivo auxiliar os estudantes na produ\u00e7\u00e3o de trabalhos dentro das normas acad\u00eamicas de formata\u00e7\u00e3o, bem como ajud\u00e1-los a falar em p\u00fablico.<\/p>\n<p>Segundo a supervisora escolar, Rafaela Grazziotti,\u00a0<em>\u201co assunto abordado na palestra \u00e9 de extrema import\u00e2ncia para orientar os alunos quanto a maneira correta de elaborar trabalhos escolares\u201d.<\/em>\u00a0Para Rayane Rossi Vescovi, aluna do 9\u00ba Ano, turma A,\u00a0<em>\u201ca palestra foi excelente, pois nos orientou como fazer e explicar um trabalho com qualidade\u201d,<\/em>\u00a0afirmou.<\/p>\n<p>&nbsp;<\/p>\n<p><strong>INFORMA\u00c7\u00d5ES \u00c0 IMPRENSA:<br \/>\n<\/strong><strong style=\"background-color: transparent;\">Setor de Comunica\u00e7\u00e3o e Marketing \u2013 Alessandro Bitti<br \/>\n<\/strong><span style=\"background-color: transparent;\">Tel.: (27) 3302-8000 \u2013 E-mail: comunicacao@fsjb.edu.br \/ alessandro@fsjb.edu.br<\/span><\/p>\n<p>&nbsp;<\/p>\n","protected":false},"excerpt":{"rendered":"<p>O Centro Educacional de Aracruz (CEA) realizou, no \u00faltimo dia 12, uma palestra com o tema \u201cTrabalho Nota 10\u201d para os alunos&#8230;<\/p>\n","protected":false},"author":1,"featured_media":25221,"comment_status":"open","ping_status":"open","sticky":false,"template":"","format":"standard","meta":{"om_disable_all_campaigns":false,"_exactmetrics_skip_tracking":false,"_exactmetrics_sitenote_active":false,"_exactmetrics_sitenote_note":"","_exactmetrics_sitenote_category":0,"_monsterinsights_skip_tracking":false,"_monsterinsights_sitenote_active":false,"_monsterinsights_sitenote_note":"","_monsterinsights_sitenote_category":0,"_uf_show_specific_survey":0,"_uf_disable_surveys":false,"footnotes":""},"categories":[14,7,8],"tags":[],"class_list":["post-25218","post","type-post","status-publish","format-standard","has-post-thumbnail","hentry","category-atividades","category-cea","category-ensino-fundamental"],"aioseo_notices":[],"_links":{"self":[{"href":"https:\/\/cearacruz.com.br\/portal\/wp-json\/wp\/v2\/posts\/25218","targetHints":{"allow":["GET"]}}],"collection":[{"href":"https:\/\/cearacruz.com.br\/portal\/wp-json\/wp\/v2\/posts"}],"about":[{"href":"https:\/\/cearacruz.com.br\/portal\/wp-json\/wp\/v2\/types\/post"}],"author":[{"embeddable":true,"href":"https:\/\/cearacruz.com.br\/portal\/wp-json\/wp\/v2\/users\/1"}],"replies":[{"embeddable":true,"href":"https:\/\/cearacruz.com.br\/portal\/wp-json\/wp\/v2\/comments?post=25218"}],"version-history":[{"count":1,"href":"https:\/\/cearacruz.com.br\/portal\/wp-json\/wp\/v2\/posts\/25218\/revisions"}],"predecessor-version":[{"id":25220,"href":"https:\/\/cearacruz.com.br\/portal\/wp-json\/wp\/v2\/posts\/25218\/revisions\/25220"}],"wp:featuredmedia":[{"embeddable":true,"href":"https:\/\/cearacruz.com.br\/portal\/wp-json\/wp\/v2\/media\/25221"}],"wp:attachment":[{"href":"https:\/\/cearacruz.com.br\/portal\/wp-json\/wp\/v2\/media?parent=25218"}],"wp:term":[{"taxonomy":"category","embeddable":true,"href":"https:\/\/cearacruz.com.br\/portal\/wp-json\/wp\/v2\/categories?post=25218"},{"taxonomy":"post_tag","embeddable":true,"href":"https:\/\/cearacruz.com.br\/portal\/wp-json\/wp\/v2\/tags?post=25218"}],"curies":[{"name":"wp","href":"https:\/\/api.w.org\/{rel}","templated":true}]}}