{"id":25143,"date":"2020-05-29T15:52:39","date_gmt":"2020-05-29T15:52:39","guid":{"rendered":"https:\/\/cearacruz.com.br\/portal\/professora-de-lingua-portuguesa-realiza-quiz-online-com-alunos-do-ensino-fundamental\/"},"modified":"2025-08-18T19:52:33","modified_gmt":"2025-08-18T19:52:33","slug":"professora-de-lingua-portuguesa-realiza-quiz-online-com-alunos-do-ensino-fundamental","status":"publish","type":"post","link":"https:\/\/cearacruz.com.br\/portal\/professora-de-lingua-portuguesa-realiza-quiz-online-com-alunos-do-ensino-fundamental\/","title":{"rendered":"Professora de L\u00edngua Portuguesa realiza Quiz Online com alunos do Ensino Fundamental"},"content":{"rendered":"<p>No \u00faltimo dia 27, alunos do 9\u00ba Ano do Ensino Fundamental do Centro Educacional de Aracruz (CEA) interagiram por meio de um Quiz Online sobre \u201cOra\u00e7\u00f5es Subordinadas Adverbiais\u201d. O jogo fez parte da aula de L\u00edngua Portuguesa com a professora Nuciala Mognato Tureta.<\/p>\n<p><img fetchpriority=\"high\" decoding=\"async\" class=\"size-full wp-image-1154 aligncenter\" src=\"https:\/\/cearacruz.com.br\/portal\/wp-content\/uploads\/2025\/08\/not_29_05_2020_02-5.jpg\" alt=\"\" width=\"600\" height=\"450\" \/><em>\u201cEsse conte\u00fado costuma gerar algumas d\u00favidas por exigir do aluno muita interpreta\u00e7\u00e3o. Uma maneira de apreender esse assunto \u00e9 exercitar leitura, an\u00e1lise e interpreta\u00e7\u00e3o de frases e textos. Quanto mais exerc\u00edcios din\u00e2micos, melhor o aprendizado. Aprender ora\u00e7\u00f5es adverbiais e conjun\u00e7\u00f5es adverbiais implica uma escrita coesa e coerente dos educandos. Por isso, um jogo de bastante intera\u00e7\u00e3o colabora com esse objetivo\u201d,<\/em>\u00a0conta a professora.<\/p>\n<p>Por meio de um compartilhamento de tela, os alunos liam a pergunta e registravam sua op\u00e7\u00e3o de resposta. Na sequ\u00eancia, a op\u00e7\u00e3o correta era revelada e comentada a fim de revisar a mat\u00e9ria dada. No final do jogo, eles puderam fazer uma autoavalia\u00e7\u00e3o de como foram e puderam tirar as d\u00favidas.<\/p>\n<p><em>\u201cEssa atividade foi muito importante, pois pude saber quais as minhas dificuldades. Agora, na hora de estudar, eu j\u00e1 posso ir direto nas minhas dificuldades. Sem contar que foi uma esp\u00e9cie de brincadeira, a gente se divertiu e brincou ao mesmo tempo\u201d,\u00a0<\/em>declarou a aluna Raissa da Silva Vieira.<\/p>\n<p>&nbsp;<\/p>\n<p><strong>INFORMA\u00c7\u00d5ES \u00c0 IMPRENSA:<br \/>\n<\/strong><strong style=\"background-color: transparent;\">Setor de Comunica\u00e7\u00e3o e Marketing \u2013 Alessandro Bitti<br \/>\n<\/strong><span style=\"background-color: transparent;\">Tel.: (27) 3302-8000 \u2013 E-mail: comunicacao@fsjb.edu.br \/ alessandro@fsjb.edu.br<\/span><\/p>\n<p>&nbsp;<\/p>\n","protected":false},"excerpt":{"rendered":"<p>No \u00faltimo dia 27, alunos do 9\u00ba Ano do Ensino Fundamental do Centro Educacional de Aracruz (CEA) interagiram&#8230;<\/p>\n","protected":false},"author":1,"featured_media":25146,"comment_status":"open","ping_status":"open","sticky":false,"template":"","format":"standard","meta":{"om_disable_all_campaigns":false,"_exactmetrics_skip_tracking":false,"_exactmetrics_sitenote_active":false,"_exactmetrics_sitenote_note":"","_exactmetrics_sitenote_category":0,"_monsterinsights_skip_tracking":false,"_monsterinsights_sitenote_active":false,"_monsterinsights_sitenote_note":"","_monsterinsights_sitenote_category":0,"_uf_show_specific_survey":0,"_uf_disable_surveys":false,"footnotes":""},"categories":[7,8,13],"tags":[],"class_list":["post-25143","post","type-post","status-publish","format-standard","has-post-thumbnail","hentry","category-cea","category-ensino-fundamental","category-l-portuguesa"],"aioseo_notices":[],"_links":{"self":[{"href":"https:\/\/cearacruz.com.br\/portal\/wp-json\/wp\/v2\/posts\/25143","targetHints":{"allow":["GET"]}}],"collection":[{"href":"https:\/\/cearacruz.com.br\/portal\/wp-json\/wp\/v2\/posts"}],"about":[{"href":"https:\/\/cearacruz.com.br\/portal\/wp-json\/wp\/v2\/types\/post"}],"author":[{"embeddable":true,"href":"https:\/\/cearacruz.com.br\/portal\/wp-json\/wp\/v2\/users\/1"}],"replies":[{"embeddable":true,"href":"https:\/\/cearacruz.com.br\/portal\/wp-json\/wp\/v2\/comments?post=25143"}],"version-history":[{"count":1,"href":"https:\/\/cearacruz.com.br\/portal\/wp-json\/wp\/v2\/posts\/25143\/revisions"}],"predecessor-version":[{"id":25145,"href":"https:\/\/cearacruz.com.br\/portal\/wp-json\/wp\/v2\/posts\/25143\/revisions\/25145"}],"wp:featuredmedia":[{"embeddable":true,"href":"https:\/\/cearacruz.com.br\/portal\/wp-json\/wp\/v2\/media\/25146"}],"wp:attachment":[{"href":"https:\/\/cearacruz.com.br\/portal\/wp-json\/wp\/v2\/media?parent=25143"}],"wp:term":[{"taxonomy":"category","embeddable":true,"href":"https:\/\/cearacruz.com.br\/portal\/wp-json\/wp\/v2\/categories?post=25143"},{"taxonomy":"post_tag","embeddable":true,"href":"https:\/\/cearacruz.com.br\/portal\/wp-json\/wp\/v2\/tags?post=25143"}],"curies":[{"name":"wp","href":"https:\/\/api.w.org\/{rel}","templated":true}]}}